{"id":259,"date":"2007-03-15T13:33:14","date_gmt":"2007-03-15T19:33:14","guid":{"rendered":"http:\/\/diariodevurgos.com\/dvwps\/juan-y-nuria-siguen-sequestrados-por-el-estado.php"},"modified":"2007-03-16T10:32:14","modified_gmt":"2007-03-16T16:32:14","slug":"juan-y-nuria-siguen-sequestrados-por-el-estado","status":"publish","type":"post","link":"https:\/\/diariodevurgos.com\/dvwps\/juan-y-nuria-siguen-sequestrados-por-el-estado.php","title":{"rendered":"Juan y N\u00faria siguen secuestrados por el Estado."},"content":{"rendered":"<p class=\"lead\"><img title=\"solidaridad.jpg\" alt=\"solidaridad.jpg\" src=\"http:\/\/diariodevurgos.com\/dvwps\/wp-content\/uploads\/2007\/03\/solidaridad.miniatura.jpg\" align=\"right\" \/>Los anarquistas N\u00faria y Juan contin\u00faan en situaci\u00f3n de secuestro por parte de los Estados Espa\u00f1ol e Italiano.Se ha convocado una jornada de solidaridad para el pr\u00f3ximo 17 de marzo.<\/p>\n<p><!--more-->El 21 de diciembre del 2006 la brigada de informaci\u00f3n de la Guardia Civil de tiene en Girona a Juan por petici\u00f3n del Estado italiano.Se pide su extradici\u00f3n y una vez en Italia le aplican el art\u00ed\u00adculo 270 bis (asociaci\u00f3n subversiva con fines terroristas). Los cargos son la quema de unas furgonetas de Trenitalia (compa\u00f1\u00ed\u00ada que colabora en el transporte de personas &#8220;ilegales&#8221;\u009d).<br \/>\nDos meses despu\u00e9s, el 7 de febrero, la polic\u00ed\u00ada catalana asalta la casa de N\u00faria, deteni\u00e9ndola. Tras su paso por la audiencia nacional ingresa en Soto del Real en prisi\u00f3n preventiva hasta la fecha de hoy.Esta investigaci\u00f3n parte de su relaci\u00f3n con Juan y la incautaci\u00f3n de una libreta dos semanas antes de su detenci\u00f3n. Las acusaciones son pertenencia a banda terrorista y posesi\u00f3n de explosivos, aplic\u00e1ndole la ley antiterrorista.Estas detenciones son una prueba m\u00e1s de la persecuci\u00f3n y represi\u00f3n que sufre desde siempre la lucha anarquista.<br \/>\nEl caso de Juan y N\u00faria puede englobarse dentro de la trama imaginaria llamada &#8220;tri\u00e1ngulo del mediterr\u00e1neo&#8221;\u009d, ideada para combatir toda la disidencia en el sur de Europa.<br \/>\nLos objetivos de esta represi\u00f3n no son solo el encarcelamiento de estxs dos compa\u00f1erxs, sino que se busca crear un clima de miedo, inseguridad, tensi\u00f3n, control, etc. dentro del movimiento anarquista.<\/p>\n<p>Entendemos que este caso representa un ataque m\u00e1s del Estado para sofocar la llama anarquista. Se trata de un ejemplo m\u00e1s de c\u00f3mo el poder castiga el ideal anarquista preparando un entramado de leyes donde cada vez se necesitan menos excusas para detener a alguien. No nos cuestionamos si son inocentes o culpables puesto que la inocencia o la culpabilidad son t\u00e9rminos judiciales que nosotrxs no reconocemos, ya que solo contribuyen a legitimar el orden social. Sus leyes est\u00e1n creadas por el poder y para perpetuar a este.<br \/>\nRespaldamos su lucha porque tambi\u00e9n es la nuestra. Entendemos la solidaridad activa como la mejor forma de apoyar a nuestrxs compa\u00f1erxs. Por lo tanto no vamos a aceptar la pronunciaci\u00f3n hip\u00f3crita y oportunista de grupos y grup\u00fasculos pol\u00ed\u00adticos y dem\u00e1s escoria, como es el caso de CiU, que impuls\u00f3 la adjudicaci\u00f3n de competencias para los mossos, y de ICV, el cual tiene la conseller\u00ed\u00ada de interior por lo que controla los mossos y las c\u00e1rceles, que aprovechando la campa\u00f1a electoral toman el caso de N\u00faria como herramienta para hacer proselitismo.Por estos motivos hemos querido dejar clara la idea que nosotrxs, la asamblea de apoyo a Juan y Nuria, queremos llevar, alej\u00e1ndonos de posiciones victim\u00ed\u00adstas y legalistas.<\/p>\n<p><a title=\"cartelmaninuriadh7.jpg\" href=\"http:\/\/diariodevurgos.com\/dvwps\/wp-content\/uploads\/2007\/03\/cartelmaninuriadh7.jpg\"><img alt=\"cartelmaninuriadh7.jpg\" src=\"http:\/\/diariodevurgos.com\/dvwps\/wp-content\/uploads\/2007\/03\/cartelmaninuriadh7.miniatura.jpg\" \/><\/a><br \/>\nLIBERTAD ANARQUISTAS PRESXS&#8230;<br \/>\nPOR EL FIN DE ESTA AGON\u00ed\u008dA&#8230;<\/p>\n","protected":false},"excerpt":{"rendered":"<p>Los anarquistas N\u00faria y Juan contin\u00faan en situaci\u00f3n de secuestro por parte de los Estados Espa\u00f1ol e Italiano.Se ha convocado una jornada de solidaridad para el pr\u00f3ximo 17 de marzo.<\/p>\n","protected":false},"author":2,"featured_media":0,"comment_status":"open","ping_status":"open","sticky":false,"template":"","format":"standard","meta":[],"categories":[3,17],"tags":[],"_links":{"self":[{"href":"https:\/\/diariodevurgos.com\/dvwps\/wp-json\/wp\/v2\/posts\/259"}],"collection":[{"href":"https:\/\/diariodevurgos.com\/dvwps\/wp-json\/wp\/v2\/posts"}],"about":[{"href":"https:\/\/diariodevurgos.com\/dvwps\/wp-json\/wp\/v2\/types\/post"}],"author":[{"embeddable":true,"href":"https:\/\/diariodevurgos.com\/dvwps\/wp-json\/wp\/v2\/users\/2"}],"replies":[{"embeddable":true,"href":"https:\/\/diariodevurgos.com\/dvwps\/wp-json\/wp\/v2\/comments?post=259"}],"version-history":[{"count":0,"href":"https:\/\/diariodevurgos.com\/dvwps\/wp-json\/wp\/v2\/posts\/259\/revisions"}],"wp:attachment":[{"href":"https:\/\/diariodevurgos.com\/dvwps\/wp-json\/wp\/v2\/media?parent=259"}],"wp:term":[{"taxonomy":"category","embeddable":true,"href":"https:\/\/diariodevurgos.com\/dvwps\/wp-json\/wp\/v2\/categories?post=259"},{"taxonomy":"post_tag","embeddable":true,"href":"https:\/\/diariodevurgos.com\/dvwps\/wp-json\/wp\/v2\/tags?post=259"}],"curies":[{"name":"wp","href":"https:\/\/api.w.org\/{rel}","templated":true}]}}