{"id":2650,"date":"2009-04-01T16:08:11","date_gmt":"2009-04-01T15:08:11","guid":{"rendered":"http:\/\/diariodevurgos.com\/dvwps\/?p=2650"},"modified":"2009-04-02T17:10:05","modified_gmt":"2009-04-02T16:10:05","slug":"sentencia-del-juicio-por-las-protestas-de-la-tarde-noche-del-18-de-agosto","status":"publish","type":"post","link":"https:\/\/diariodevurgos.com\/dvwps\/sentencia-del-juicio-por-las-protestas-de-la-tarde-noche-del-18-de-agosto.php","title":{"rendered":"Sentencia del juicio por las protestas de la tarde noche del 18 de agosto"},"content":{"rendered":"<p class=\"lead\"><img loading=\"lazy\" class=\"alignright size-full wp-image-2651\" title=\"juz1\" src=\"http:\/\/diariodevurgos.com\/dvwps\/wp-content\/uploads\/2009\/04\/juz1.jpg\" alt=\"juz1\" width=\"150\" height=\"103\" srcset=\"https:\/\/diariodevurgos.com\/dvwps\/wp-content\/uploads\/2009\/04\/juz1.jpg 401w, https:\/\/diariodevurgos.com\/dvwps\/wp-content\/uploads\/2009\/04\/juz1-300x207.jpg 300w\" sizes=\"(max-width: 150px) 100vw, 150px\" \/>Dos a\u00f1os de prisi\u00f3n para seis de los ocho procesados por las protestas de la tarde noche del 18 de agosto de 2005 contra la construcci\u00f3n del parking de eladio perlado.<br \/>\nLos encausados no tendran que entrar en prisi\u00f3n y la defensa recurrira la sentencia.<\/p>\n<p><!--more--><\/p>\n<p><strong>Juzgado de lo penal n\u00ba 1 de Burgos.<\/strong><\/p>\n<p>&#8220;Que debo absolver y absuelvo a E. V. A., J. F. N. P., M. B. F., D. L. A, J. J. G. G. y J. A. C. del delito de da\u00f1os y falta de lesiones por los que ven\u00ed\u00adan siendo acusados y debo condenar y condeno a los anteriores como autores responsables de un delito de des\u00f3rdenes p\u00fablicos y de un delito de atentado a los agentes de la autoridad, ya definidos, concurriendo la circunstancia atenuante anal\u00f3gica de dilaciones indebidas, a la penas siguientes: por el primer delito, UN A\u00d1O DE PRISION y por el segundo a la pena de UN A\u00d1O DE PRISION, y en ambos casos con la accesoria de inhabilitaci\u00f3n especial para el ejercicio del derecho de sufragio durante el tiempo de la condena y en concepto de responsabilidad civil deber\u00e1n conjunta y solidariamente indemnizar al Ayuntamiento de Burgos en la cantidad de 13.211,62 euros y el abono de un octavo de las costas procesales para cada uno de ellos.<\/p>\n<p>Que debo condenar y condeno a E. V. A. como autor de una falta de da\u00f1os a la pena de MULTA DE 10 DIAS con una cuota diaria de 6 euros con la responsabilidad personal subsidiaria del art. 53 CP.<\/p>\n<p>Que debo condenar y condeno a M. B. F. como autor de una falta de respeto a los agentes de la autoridad a la pena de MULTA DE 31 DIAS con una cuota diaria de 6 euros con la responsabilidad personal subsidiaria del art. 53 CP.<\/p>\n<p>Que debo absolver y absuelvo a J. F. D. M. y a \u00ed\u0081. R. P. de las acusaciones formuladas frente a ellos, declarando de oficio dos octavos de las costas procesales.<\/p>\n<p>Notif\u00ed\u00adquese esta resoluci\u00f3n a las partes con la advertencia de que contra ella cabe recurso de Apelaci\u00f3n ante la Audiencia Provincial de Burgos, en el plazo de diez d\u00ed\u00adas desde su notificaci\u00f3n, y en los t\u00e9rminos del art. 790 de la Ley de Enjuiciamiento Criminal.<\/p>\n<p>Comun\u00ed\u00adquese esta sentencia al Registro Central de Penados y Rebeldes del Ministerio de Justicia, una vez firme la misma. As\u00ed\u00ad por esta mi sentencia, juzgando en primera instancia, lo pronuncio, mando y firmo&#8221;.<\/p>\n<img loading=\"lazy\" class=\"aligncenter size-full wp-image-2652\" title=\"eladio-komemierda-300x225\" src=\"http:\/\/diariodevurgos.com\/dvwps\/wp-content\/uploads\/2009\/04\/eladio-komemierda-300x225.jpg\" alt=\"eladio-komemierda-300x225\" width=\"347\" height=\"260\" \/>\n","protected":false},"excerpt":{"rendered":"<p>Dos a\u00f1os de prisi\u00f3n para seis de los ocho procesados por las protestas de la tarde noche del 18 de agosto de 2005 contra la construcci\u00f3n del parking de eladio perlado. Los encausados no tendran que entrar en prisi\u00f3n y la defensa recurrira la sentencia.<\/p>\n","protected":false},"author":21,"featured_media":0,"comment_status":"open","ping_status":"closed","sticky":false,"template":"","format":"standard","meta":[],"categories":[2,27,43],"tags":[],"_links":{"self":[{"href":"https:\/\/diariodevurgos.com\/dvwps\/wp-json\/wp\/v2\/posts\/2650"}],"collection":[{"href":"https:\/\/diariodevurgos.com\/dvwps\/wp-json\/wp\/v2\/posts"}],"about":[{"href":"https:\/\/diariodevurgos.com\/dvwps\/wp-json\/wp\/v2\/types\/post"}],"author":[{"embeddable":true,"href":"https:\/\/diariodevurgos.com\/dvwps\/wp-json\/wp\/v2\/users\/21"}],"replies":[{"embeddable":true,"href":"https:\/\/diariodevurgos.com\/dvwps\/wp-json\/wp\/v2\/comments?post=2650"}],"version-history":[{"count":3,"href":"https:\/\/diariodevurgos.com\/dvwps\/wp-json\/wp\/v2\/posts\/2650\/revisions"}],"predecessor-version":[{"id":2654,"href":"https:\/\/diariodevurgos.com\/dvwps\/wp-json\/wp\/v2\/posts\/2650\/revisions\/2654"}],"wp:attachment":[{"href":"https:\/\/diariodevurgos.com\/dvwps\/wp-json\/wp\/v2\/media?parent=2650"}],"wp:term":[{"taxonomy":"category","embeddable":true,"href":"https:\/\/diariodevurgos.com\/dvwps\/wp-json\/wp\/v2\/categories?post=2650"},{"taxonomy":"post_tag","embeddable":true,"href":"https:\/\/diariodevurgos.com\/dvwps\/wp-json\/wp\/v2\/tags?post=2650"}],"curies":[{"name":"wp","href":"https:\/\/api.w.org\/{rel}","templated":true}]}}