{"id":2783,"date":"2009-05-03T23:20:38","date_gmt":"2009-05-03T22:20:38","guid":{"rendered":"http:\/\/diariodevurgos.com\/dvwps\/?p=2783"},"modified":"2009-05-03T23:22:20","modified_gmt":"2009-05-03T22:22:20","slug":"primero-de-mayo-en-atenas","status":"publish","type":"post","link":"https:\/\/diariodevurgos.com\/dvwps\/primero-de-mayo-en-atenas.php","title":{"rendered":"Primero de Mayo en Atenas"},"content":{"rendered":"<p style=\"text-align: left;\" class=\"lead\"><img loading=\"lazy\" class=\"alignright size-full wp-image-2794\" title=\"may_1st_athens_protest__03_hds9g1\" src=\"http:\/\/diariodevurgos.com\/dvwps\/wp-content\/uploads\/2009\/05\/may_1st_athens_protest__03_hds9g1.jpg\" alt=\"may_1st_athens_protest__03_hds9g1\" width=\"214\" height=\"145\" \/>Ahora que actualmente los medios de comunicaci\u00f3n se esfuerzan en ahogar los ecos de revuelta que todav\u00ed\u00ada suenan en Grecia, nos llegan algunas im\u00e1genes de c\u00f3mo ha transcurrido la reciente celebraci\u00f3n del primero de mayo en Atenas. La capacidad de auto-organizaci\u00f3n frente al capitalismo que se respira en el pa\u00ed\u00ads heleno es quiz\u00e1s una de las posibles f\u00f3rmulas para hacer frente a la crisis. Teng\u00e1moslo en cuenta.<!--more--><\/p>\n<p style=\"text-align: left;\">M\u00e1s de 4.000 personas participaron en la manifestaci\u00f3n autonoma, convocada por Corporaciones de Base, Grupos de la Izquierda antiparlamentaria, Grupos y colectivos Anarquistas que se realiz\u00f3 el primer de Mayo en Atenas. La manifestaci\u00f3n termin\u00f3 en al Ayuntamiento de Atenas, haciendo un recorrido que nunca se hab\u00ed\u00ada hecho, dejando en blanco y sin saber que hacer a los antidisturbios. Durante el recorrido s destrozaron, como ya es habitual, c\u00e1maras de vigilancia, cajeros automaticos y entradas de bancos.<\/p>\n<p style=\"text-align: center;\"><img loading=\"lazy\" class=\"size-full wp-image-2795 alignnone\" title=\"14hgx9ay\" src=\"http:\/\/diariodevurgos.com\/dvwps\/wp-content\/uploads\/2009\/05\/14hgx9ay.jpg\" alt=\"14hgx9ay\" width=\"400\" height=\"300\" srcset=\"https:\/\/diariodevurgos.com\/dvwps\/wp-content\/uploads\/2009\/05\/14hgx9ay.jpg 400w, https:\/\/diariodevurgos.com\/dvwps\/wp-content\/uploads\/2009\/05\/14hgx9ay-300x225.jpg 300w\" sizes=\"(max-width: 400px) 100vw, 400px\" \/><\/p>\n<p style=\"text-align: center;\">M\u00e1s im\u00e1gnes e informaci\u00f3n: <a title=\"Grecia Libertaria\" href=\"http:\/\/grecia-libertaria.blogspot.com\/\">Grecia Libertaria<\/a><\/p>\n","protected":false},"excerpt":{"rendered":"<p>Ahora que actualmente los medios de comunicaci\u00f3n se esfuerzan en ahogar los ecos de revuelta que todav\u00ed\u00ada suenan en Grecia, nos llegan algunas im\u00e1genes de c\u00f3mo ha transcurrido la reciente celebraci\u00f3n del primero de mayo en Atenas. La capacidad de auto-organizaci\u00f3n frente al capitalismo que se respira en el pa\u00ed\u00ads heleno es quiz\u00e1s una de&#8230;  <a href=\"https:\/\/diariodevurgos.com\/dvwps\/primero-de-mayo-en-atenas.php\" class=\"more-link\" title=\"Read Primero de Mayo en Atenas\">Read more &raquo;<\/a><\/p>\n","protected":false},"author":2,"featured_media":0,"comment_status":"open","ping_status":"closed","sticky":false,"template":"","format":"standard","meta":[],"categories":[14,24],"tags":[],"_links":{"self":[{"href":"https:\/\/diariodevurgos.com\/dvwps\/wp-json\/wp\/v2\/posts\/2783"}],"collection":[{"href":"https:\/\/diariodevurgos.com\/dvwps\/wp-json\/wp\/v2\/posts"}],"about":[{"href":"https:\/\/diariodevurgos.com\/dvwps\/wp-json\/wp\/v2\/types\/post"}],"author":[{"embeddable":true,"href":"https:\/\/diariodevurgos.com\/dvwps\/wp-json\/wp\/v2\/users\/2"}],"replies":[{"embeddable":true,"href":"https:\/\/diariodevurgos.com\/dvwps\/wp-json\/wp\/v2\/comments?post=2783"}],"version-history":[{"count":2,"href":"https:\/\/diariodevurgos.com\/dvwps\/wp-json\/wp\/v2\/posts\/2783\/revisions"}],"predecessor-version":[{"id":2797,"href":"https:\/\/diariodevurgos.com\/dvwps\/wp-json\/wp\/v2\/posts\/2783\/revisions\/2797"}],"wp:attachment":[{"href":"https:\/\/diariodevurgos.com\/dvwps\/wp-json\/wp\/v2\/media?parent=2783"}],"wp:term":[{"taxonomy":"category","embeddable":true,"href":"https:\/\/diariodevurgos.com\/dvwps\/wp-json\/wp\/v2\/categories?post=2783"},{"taxonomy":"post_tag","embeddable":true,"href":"https:\/\/diariodevurgos.com\/dvwps\/wp-json\/wp\/v2\/tags?post=2783"}],"curies":[{"name":"wp","href":"https:\/\/api.w.org\/{rel}","templated":true}]}}