{"id":2913,"date":"2009-05-24T19:48:15","date_gmt":"2009-05-24T18:48:15","guid":{"rendered":"http:\/\/diariodevurgos.com\/dvwps\/?p=2913"},"modified":"2009-05-27T16:38:09","modified_gmt":"2009-05-27T15:38:09","slug":"el-affaire-diario-de-burgos-y-la-asociacion-ilicita","status":"publish","type":"post","link":"https:\/\/diariodevurgos.com\/dvwps\/el-affaire-diario-de-burgos-y-la-asociacion-ilicita.php","title":{"rendered":"El affaire Diario de Burgos y la asociaci\u00f3n il\u00ed\u00adcita"},"content":{"rendered":"<p style=\"text-align: left;\" class=\"lead\"><img loading=\"lazy\" class=\"alignright size-medium wp-image-2914\" title=\"pancarta2\" src=\"http:\/\/diariodevurgos.com\/dvwps\/wp-content\/uploads\/2009\/05\/pancarta2-300x211.jpg\" alt=\"pancarta2\" width=\"244\" height=\"171\" srcset=\"https:\/\/diariodevurgos.com\/dvwps\/wp-content\/uploads\/2009\/05\/pancarta2-300x211.jpg 300w, https:\/\/diariodevurgos.com\/dvwps\/wp-content\/uploads\/2009\/05\/pancarta2.jpg 440w\" sizes=\"(max-width: 244px) 100vw, 244px\" \/>Ahora que hace ya algunos meses que la antigua sede que\u00a0 <strong>Diario de Burgos <\/strong>pose\u00ed\u00ada en la calle San Pedro Carde\u00f1a ha sido reducida a escombros conviene hacer memoria sobre una serie de inquietantes acontecimientos. M\u00e1xime cuando <a title=\"Detenidos 23 mayo 2008\" href=\"http:\/\/diariodevurgos.com\/dvwps\/en-la-calle-los-detenidos-del-23-de-mayo.php\">el pasado 23 de mayo<\/a> se cumpli\u00f3 el aniversario de una las m\u00e1s particulares operaciones represivas que se hayan visto en la ciudad de Burgos.<\/p>\n<p style=\"text-align: left;\"><!--more--><br \/>\nDurante el transcurso de buena parte del mes de mayo de 2008 se celebr\u00f3 en la ciudad griega de Sal\u00f3nica<a title=\"Proceso Salonica\" href=\"http:\/\/diariodevurgos.com\/dvwps\/category\/proceso-de-salonica\"> un proceso judicial <\/a>contra varios de los manifestantes detenidos durante la cumbre de ministros de la UE en <a title=\"Cumbre de Salonica 2003\" href=\"http:\/\/www.alasbarricadas.org\/antigua\/modules.php?name=News&amp;seccion=5\">junio de 2003.<\/a> Entre los acusados figura un joven libertario\u00a0 burgal\u00e9s que cinco a\u00f1os despu\u00e9s de haber sido detenido y arbitrariamente encarcelado regres\u00f3 a Grecia para enfrentarse a las vistas orales del llamado Proceso de Sal\u00f3nica.<\/p>\n<p style=\"text-align: left;\">Desde diferentes lugares de la Pen\u00ed\u00adnsula Ib\u00e9rica se plantearon varias <a title=\"Solidaridad\" href=\"http:\/\/www.klinamen.org\/article4233.html\">iniciativas de apoyo <\/a>con los procesados mientras el periodo en el que se desarrollaban las sesiones del juicio.\u00a0 En Burgos los amigos y compa\u00f1eros de este joven desarrollaron <a title=\"Manifestacion\" href=\"http:\/\/diariodevurgos.com\/dvwps\/cronica-de-la-concentracion-en-burgos-por-los-procesados-de-salonica.php\">numerosas actividades informativa<\/a>s que trataron de sacar a la luz el car\u00e1cter inquisitorial de este proceso.\u00a0 Acciones, <a title=\"Pancartas en Catedral\" href=\"http:\/\/diariodevurgos.com\/dvwps\/pancartas-en-la-catedral-de-burgos.php\">en algunos casos\u00a0 bastante imaginativas,<\/a> que consiguieron hacer llegar hasta la otra parte del mediterr\u00e1neo un grito de solidaridad.<\/p>\n<p style=\"text-align: left;\">El 23 de mayo de 2008 desde la asamblea de apoyo a los encausados de Sal\u00f3nica se plante\u00f3 la ocupaci\u00f3n temporal durante dos d\u00ed\u00adas de la antigua sede de Diario de Burgos como forma visualizar la solidaridad con los procesados. Una <a title=\"Pancartas en DB\" href=\"http:\/\/diariodevurgos.com\/dvwps\/pancartas-en-diario-de-burgos.php\">iniciativa simb\u00f3lica<\/a> que pretend\u00ed\u00ada transformar un edificio abandonado en un espacio solidario desde donde transmitir informaci\u00f3n sobre el desarrollo del proceso. Una acci\u00f3n simb\u00f3lica, que en todo momento se desarrollo de forma tranquila, y que sin embargo no pudo concluirse tras la irrupci\u00f3n de las Fuerzas de Seguridad.<\/p>\n<p style=\"text-align: left;\">En la puerta de la antigua sede de DB irrumpieron varias dotaciones policiales que a trav\u00e9s de una ventana y sin la orden pertinente entraron en el edificio. Fuentes conocedoras de los hechos han relatado de la manera ca\u00f3tica que se desarrollaron a continuaci\u00f3n los hechos, provocados en gran medida, por el nerviosismo y la prepotencia con la que actuaron los agentes policiales.<\/p>\n<p style=\"text-align: center;\"><img loading=\"lazy\" class=\"size-full wp-image-2915 alignnone\" title=\"pancartas\" src=\"http:\/\/diariodevurgos.com\/dvwps\/wp-content\/uploads\/2009\/05\/pancartas.jpg\" alt=\"pancartas\" width=\"366\" height=\"274\" srcset=\"https:\/\/diariodevurgos.com\/dvwps\/wp-content\/uploads\/2009\/05\/pancartas.jpg 440w, https:\/\/diariodevurgos.com\/dvwps\/wp-content\/uploads\/2009\/05\/pancartas-300x224.jpg 300w\" sizes=\"(max-width: 366px) 100vw, 366px\" \/><\/p>\n<p style=\"text-align: left;\">En una alocada carrera que, en cierta medida, recordaba a las pel\u00ed\u00adculas de cine mudo de principios de siglo XX, los agentes fueron recorriendo las diferentes estancias del edificio agrediendo a las personas que encontraban a su paso. Dentro del caos generado detuvieron de forma arbitraria a 4 personas a las que el hecho de no ofrecer ninguna resistencia no sirvi\u00f3 para evitar las agresiones y golpes sufridos durante el transcurso de los hechos.<\/p>\n<p style=\"text-align: left;\">A pesar de que el edificio se encontraba desde hacia a\u00f1os totalmente abandonado, sobre los detenidos recay\u00f3 la acusaci\u00f3n de &#8220;da\u00f1os&#8221;\u009d adem\u00e1s de &#8220;resistencia a la autoridad&#8221;\u009d. Junto a estas acusaciones, m\u00e1s o menos habituales en el panorama represivo vivido en Burgos, se encontraba otra algo m\u00e1s extra\u00f1a e ins\u00f3lita como la de <em>asociaci\u00f3n il\u00ed\u00adcita<\/em>.<br \/>\nHasta el momento desconocemos el nombre, el n\u00famero de miembros, raz\u00f3n social o domicilio de dicha asociaci\u00f3n. Ignoramos tambi\u00e9n la raz\u00f3n de su car\u00e1cter il\u00ed\u00adcito. No obstante seg\u00fan fuentes policiales dicho entramado il\u00ed\u00adcito se propon\u00ed\u00ada nada m\u00e1s y nada menos que <em>&#8220;subvertir el actual orden constitucional establecido&#8221;\u009d<\/em>. No sabemos ni cu\u00e1ndo, ni c\u00f3mo, ni d\u00f3nde&#8230;<\/p>\n<p style=\"text-align: left;\">M\u00e1s all\u00e1 de acusaciones ex\u00f3ticas y\/o pintorescas que nos hacen retrotraernos a otros periodos hist\u00f3ricos, al parecer no del todo pasados, o desplazarnos a otras geograf\u00ed\u00adas m\u00e1s septentrionales que las de Burgos, conviene detenerse sobre el significado oculto que encierra este tipo de acusaciones.<\/p>\n<p style=\"text-align: left;\">Desde hace alg\u00fan tiempo a trav\u00e9s de Subdelegaci\u00f3n y otros medios represivos se est\u00e1 preparando un amplio paquete de medidas represivas destinadas a inmovilizar todo tipo de disidencia que resulte molesta. Primero fue la unidad de antidisturbios para Burgos tan cacareada por nuestra Subdelegada, despu\u00e9s el aumento de los efectivos policiales en toda iniciativa de protesta que se salga de lo establecido. En \u00e9pocas de crisis la represi\u00f3n y el control del descontento es una tarea b\u00e1sica del Estado y sus marionetas.<\/p>\n<p style=\"text-align: left;\">Acusaciones como la descrita nos hace pensar en un panorama cada vez m\u00e1s enrarecido y en el que cualquier cosa es posible con tal de poner fuera de juego a quien no se cree la verdad oficial que vende su Status Quo.<\/p>\n<p style=\"text-align: left;\">El tiempo nos lo dir\u00e1.<\/p>\n","protected":false},"excerpt":{"rendered":"<p>Ahora que hace ya algunos meses que la antigua sede que\u00a0 Diario de Burgos pose\u00ed\u00ada en la calle San Pedro Carde\u00f1a ha sido reducida a escombros conviene hacer memoria sobre una serie de inquietantes acontecimientos. M\u00e1xime cuando el pasado 23 de mayo se cumpli\u00f3 el aniversario de una las m\u00e1s particulares operaciones represivas que se&#8230;  <a href=\"https:\/\/diariodevurgos.com\/dvwps\/el-affaire-diario-de-burgos-y-la-asociacion-ilicita.php\" class=\"more-link\" title=\"Read El affaire Diario de Burgos y la asociaci\u00f3n il\u00ed\u00adcita\">Read more &raquo;<\/a><\/p>\n","protected":false},"author":15,"featured_media":0,"comment_status":"open","ping_status":"closed","sticky":false,"template":"","format":"standard","meta":[],"categories":[2,17],"tags":[],"_links":{"self":[{"href":"https:\/\/diariodevurgos.com\/dvwps\/wp-json\/wp\/v2\/posts\/2913"}],"collection":[{"href":"https:\/\/diariodevurgos.com\/dvwps\/wp-json\/wp\/v2\/posts"}],"about":[{"href":"https:\/\/diariodevurgos.com\/dvwps\/wp-json\/wp\/v2\/types\/post"}],"author":[{"embeddable":true,"href":"https:\/\/diariodevurgos.com\/dvwps\/wp-json\/wp\/v2\/users\/15"}],"replies":[{"embeddable":true,"href":"https:\/\/diariodevurgos.com\/dvwps\/wp-json\/wp\/v2\/comments?post=2913"}],"version-history":[{"count":5,"href":"https:\/\/diariodevurgos.com\/dvwps\/wp-json\/wp\/v2\/posts\/2913\/revisions"}],"predecessor-version":[{"id":2936,"href":"https:\/\/diariodevurgos.com\/dvwps\/wp-json\/wp\/v2\/posts\/2913\/revisions\/2936"}],"wp:attachment":[{"href":"https:\/\/diariodevurgos.com\/dvwps\/wp-json\/wp\/v2\/media?parent=2913"}],"wp:term":[{"taxonomy":"category","embeddable":true,"href":"https:\/\/diariodevurgos.com\/dvwps\/wp-json\/wp\/v2\/categories?post=2913"},{"taxonomy":"post_tag","embeddable":true,"href":"https:\/\/diariodevurgos.com\/dvwps\/wp-json\/wp\/v2\/tags?post=2913"}],"curies":[{"name":"wp","href":"https:\/\/api.w.org\/{rel}","templated":true}]}}