{"id":306,"date":"2007-04-03T10:04:43","date_gmt":"2007-04-03T14:04:43","guid":{"rendered":"http:\/\/diariodevurgos.com\/dvwps\/prosigue-el-conflicto-laboral-en-el-hotel-versus.php"},"modified":"2007-04-03T10:06:57","modified_gmt":"2007-04-03T14:06:57","slug":"prosigue-el-conflicto-laboral-en-el-hotel-versus","status":"publish","type":"post","link":"https:\/\/diariodevurgos.com\/dvwps\/prosigue-el-conflicto-laboral-en-el-hotel-versus.php","title":{"rendered":"Prosigue el conflicto laboral en el Hotel Versus"},"content":{"rendered":"<p class=\"lead\">Tras una breve pausa t\u00e9cnica, prosigue inalterable el conflicto laboral en el <a title=\"versus\" href=\"http:\/\/diariodevurgos.com\/dvwps\/category\/versus\/\">Hotel Versus<\/a>. Un conflicto que se prologa ya desde hace cuatro meses y que, visto el car\u00e1cter cerril y mafioso del sujeto que regenta el establecimiento, tiene visos de prolongarse durante mucho m\u00e1s tiempo.<\/p>\n<p align=\"center\"><a title=\"2versus4\" href=\"http:\/\/diariodevurgos.com\/dvwps\/wp-content\/uploads\/2007\/02\/versus4.jpg\"><img alt=\"2versus4\" src=\"http:\/\/diariodevurgos.com\/dvwps\/wp-content\/uploads\/2007\/02\/versus4.miniatura.jpg\" \/><\/a><a title=\"2versus6\" href=\"http:\/\/diariodevurgos.com\/dvwps\/wp-content\/uploads\/2007\/02\/versus6.jpg\"><img alt=\"2versus6\" src=\"http:\/\/diariodevurgos.com\/dvwps\/wp-content\/uploads\/2007\/02\/versus6.miniatura.jpg\" \/><\/a><a title=\"2versus1\" href=\"http:\/\/diariodevurgos.com\/dvwps\/wp-content\/uploads\/2007\/02\/versus1.jpg\"><img alt=\"2versus1\" src=\"http:\/\/diariodevurgos.com\/dvwps\/wp-content\/uploads\/2007\/02\/versus1.miniatura.jpg\" \/><\/a><\/p>\n<p><!--more-->Este pasado s\u00e1bado31 de marzo de 2007, el grupo de solidarios volvi\u00f3 a concentrase en la entrada de este establecimiento, con las habituales pancartas, con las octavillas informativas, pero a\u00f1adiendo un nuevo elemento: la megafon\u00ed\u00ada. Un peque\u00f1o alta-voz desde el que se realizo un llamamiento a los habitantes del barrio de Casta\u00f1ares a no consumir en el Hotel Versus hasta que este sujeto no salde sus cuentas con el trabajador.<\/p>\n<p>Como de costumbre, Carlos Manzanedo y compa\u00f1\u00ed\u00ada,  siempre al pie del ca\u00f1\u00f3n explotando en su negocio (a pesar de que alegan una fuerte depresi\u00f3n para no acudir a los juicios), hicieron gala de todo su repertorio de provocaciones y sandeces varias. Hasta 6 coches de polic\u00ed\u00ada se personaron en el lugar. No nos imaginamos que milonga les pudo contar, pero hubo un momento que hab\u00ed\u00ada m\u00e1s polic\u00ed\u00ada que manifestantes. Y como de costumbre se produjeron las habituales amenazas de multas por parte de la Subdelegaci\u00f3n del Gobierno, sutiles intimidaciones, etc\u00e9tera.<\/p>\n<p>En el \u00e1mbito propiamente judicial,  la compa\u00f1era que ha sido tomada como cabeza de turco, llegando incluso a ser detenida en una ocasi\u00f3n por la Brigada de Informaci\u00f3n, se enfrenta a un nuevo juicio por supuestas amenazas el pr\u00f3ximo 11 de Abril.<\/p>\n<p>\u00a1Versu, paga lo que debes!<\/p>\n<p>\u00a1Versus, retira las denuncias!<\/p>\n<p align=\"right\"><strong>Asamblea de Solidaridad Permanente<\/strong><\/p>\n","protected":false},"excerpt":{"rendered":"<p>Tras una breve pausa t\u00e9cnica, prosigue inalterable el conflicto laboral en el Hotel Versus. Un conflicto que se prologa ya desde hace cuatro meses y que, visto el car\u00e1cter cerril y mafioso del sujeto que regenta el establecimiento, tiene visos de prolongarse durante mucho m\u00e1s tiempo.<\/p>\n","protected":false},"author":1,"featured_media":0,"comment_status":"open","ping_status":"open","sticky":false,"template":"","format":"standard","meta":[],"categories":[11],"tags":[],"_links":{"self":[{"href":"https:\/\/diariodevurgos.com\/dvwps\/wp-json\/wp\/v2\/posts\/306"}],"collection":[{"href":"https:\/\/diariodevurgos.com\/dvwps\/wp-json\/wp\/v2\/posts"}],"about":[{"href":"https:\/\/diariodevurgos.com\/dvwps\/wp-json\/wp\/v2\/types\/post"}],"author":[{"embeddable":true,"href":"https:\/\/diariodevurgos.com\/dvwps\/wp-json\/wp\/v2\/users\/1"}],"replies":[{"embeddable":true,"href":"https:\/\/diariodevurgos.com\/dvwps\/wp-json\/wp\/v2\/comments?post=306"}],"version-history":[{"count":0,"href":"https:\/\/diariodevurgos.com\/dvwps\/wp-json\/wp\/v2\/posts\/306\/revisions"}],"wp:attachment":[{"href":"https:\/\/diariodevurgos.com\/dvwps\/wp-json\/wp\/v2\/media?parent=306"}],"wp:term":[{"taxonomy":"category","embeddable":true,"href":"https:\/\/diariodevurgos.com\/dvwps\/wp-json\/wp\/v2\/categories?post=306"},{"taxonomy":"post_tag","embeddable":true,"href":"https:\/\/diariodevurgos.com\/dvwps\/wp-json\/wp\/v2\/tags?post=306"}],"curies":[{"name":"wp","href":"https:\/\/api.w.org\/{rel}","templated":true}]}}