{"id":3108,"date":"2009-06-29T12:22:24","date_gmt":"2009-06-29T11:22:24","guid":{"rendered":"http:\/\/diariodevurgos.com\/dvwps\/?p=3108"},"modified":"2009-06-29T12:22:24","modified_gmt":"2009-06-29T11:22:24","slug":"el-ere-de-la-gala","status":"publish","type":"post","link":"https:\/\/diariodevurgos.com\/dvwps\/el-ere-de-la-gala.php","title":{"rendered":"El ERE de la Gala"},"content":{"rendered":"<p class=\"lead\"><img loading=\"lazy\" class=\"alignright\" src=\"http:\/\/diariodevurgos.com\/dvwps\/wp-content\/uploads\/2007\/01\/hammersfromboxsm.miniatura.jpg\" alt=\"Martillos\" width=\"92\" height=\"96\" \/>Naturalmente el ERE de la Gala que esperaba en la Junta de Castilla y Le\u00f3n se firmo despu\u00e9s de las elecciones(tratar al populacho de imb\u00e9cil es algo habitual) y antes de ellas los voceros oficiales de los pol\u00ed\u00adticos y el poder anunciaban &#8220;acuerdos in extremis&#8221;\u009d o mentirijillas parecidas como medida electoral. El resultado final: 176 personas al paro, los votos en la urna y ni un solo gramo de solidaridad.<!--more--><\/p>\n<p>Fuentes documentadas que han negociado o participado en el proceso con la empresa Gala nos comentaban que las ganancias de esta empresa fueron de 3,9 Millones de Euros para 2007 y que la excusa del ERE ha sido la crisis de la construcci\u00f3n, pero todo parece indicar que de puertas para dentro de crisis nada y de perdidas menos, el balance de resultados no arroja dudas la empresa no va tan mal como cantan en la direcci\u00f3n.<\/p>\n<p>El 40% de esta empresa ha sido desmantelado y planteada una mayor automatizaci\u00f3n, 176 personas han ido directas al INEM, entre ellos los m\u00e1s j\u00f3venes y los m\u00e1s viejos. La seguridad social se hace cargo de los viejos y de los j\u00f3venes no se hace cargo nadie, su despido cuesta poco e importan menos. El ERE llego silencioso, no hizo mucho ruido y llego cuando ya se hab\u00ed\u00adan metido todas las papeletas para las europeas, antes de eso todo eran esperanzas.<\/p>\n<p>Las pocas personas externas o combativas con el conflicto que decidieron solidarizarse con esta situaci\u00f3n, fueron identificadas y intimidadas <a title=\"Carta\" href=\"http:\/\/diariodevurgos.com\/dvwps\/carta-abierta-a-ls-trabajadors.php\">como se comento en su d\u00ed\u00ada en esta web<\/a>.<\/p>\n","protected":false},"excerpt":{"rendered":"<p>Naturalmente el ERE de la Gala que esperaba en la Junta de Castilla y Le\u00f3n se firmo despu\u00e9s de las elecciones(tratar al populacho de imb\u00e9cil es algo habitual) y antes de ellas los voceros oficiales de los pol\u00ed\u00adticos y el poder anunciaban &#8220;acuerdos in extremis&#8221;\u009d o mentirijillas parecidas como medida electoral. El resultado final: 176&#8230;  <a href=\"https:\/\/diariodevurgos.com\/dvwps\/el-ere-de-la-gala.php\" class=\"more-link\" title=\"Read El ERE de la Gala\">Read more &raquo;<\/a><\/p>\n","protected":false},"author":1,"featured_media":0,"comment_status":"open","ping_status":"closed","sticky":false,"template":"","format":"standard","meta":[],"categories":[3,2],"tags":[],"_links":{"self":[{"href":"https:\/\/diariodevurgos.com\/dvwps\/wp-json\/wp\/v2\/posts\/3108"}],"collection":[{"href":"https:\/\/diariodevurgos.com\/dvwps\/wp-json\/wp\/v2\/posts"}],"about":[{"href":"https:\/\/diariodevurgos.com\/dvwps\/wp-json\/wp\/v2\/types\/post"}],"author":[{"embeddable":true,"href":"https:\/\/diariodevurgos.com\/dvwps\/wp-json\/wp\/v2\/users\/1"}],"replies":[{"embeddable":true,"href":"https:\/\/diariodevurgos.com\/dvwps\/wp-json\/wp\/v2\/comments?post=3108"}],"version-history":[{"count":1,"href":"https:\/\/diariodevurgos.com\/dvwps\/wp-json\/wp\/v2\/posts\/3108\/revisions"}],"predecessor-version":[{"id":3109,"href":"https:\/\/diariodevurgos.com\/dvwps\/wp-json\/wp\/v2\/posts\/3108\/revisions\/3109"}],"wp:attachment":[{"href":"https:\/\/diariodevurgos.com\/dvwps\/wp-json\/wp\/v2\/media?parent=3108"}],"wp:term":[{"taxonomy":"category","embeddable":true,"href":"https:\/\/diariodevurgos.com\/dvwps\/wp-json\/wp\/v2\/categories?post=3108"},{"taxonomy":"post_tag","embeddable":true,"href":"https:\/\/diariodevurgos.com\/dvwps\/wp-json\/wp\/v2\/tags?post=3108"}],"curies":[{"name":"wp","href":"https:\/\/api.w.org\/{rel}","templated":true}]}}