{"id":3116,"date":"2009-07-01T22:07:43","date_gmt":"2009-07-01T21:07:43","guid":{"rendered":"http:\/\/diariodevurgos.com\/dvwps\/?p=3116"},"modified":"2009-07-01T22:10:19","modified_gmt":"2009-07-01T21:10:19","slug":"joaquin-graces-en-la-calle","status":"publish","type":"post","link":"https:\/\/diariodevurgos.com\/dvwps\/joaquin-graces-en-la-calle.php","title":{"rendered":"Joaqu\u00ed\u00adn Garc\u00e9s en la calle"},"content":{"rendered":"<p class=\"lead\">\u00a0Joaqu\u00ed\u00adn Garc\u00e9s, mientras era trasladado sin aviso hacia Valdemoro, le ha llegado la respuesta del recurso interpuesto por su abogado y <strong>ha sido puesto en libertad<\/strong>.<!--more--><\/p>\n<p>Joaqu\u00ed\u00adn Garc\u00e9s, mientras era trasladado sin aviso hacia Valdemoro, le ha llegado la respuesta del recurso interpuesto por su abogado y ha sido puesto en libertad. En estos momentos se encuentra en alg\u00fan lugar de Madrid, y los compa\u00f1eros de aquellos lares, se han desplazado a buscarlo.<\/p>\n<p>Por tanto, la convocatoria de la marcha a la c\u00e1rcel de Castell\u00f3n del S\u00e1bado d\u00ed\u00ada 4 de Julio, ha quedado anulada por causa mayor, la celebraci\u00f3n de la libertad de nuestro compa\u00f1ero Joaqu\u00ed\u00adn Garc\u00e9s.<\/p>\n<p>La lucha continua porque todav\u00ed\u00ada quedan muchos compa\u00f1eros en prisi\u00f3n, pero esto nos tiene que llenar de ilusi\u00f3n, por el compromiso por la libertad y contra las instituciones totales de control.<\/p>\n","protected":false},"excerpt":{"rendered":"<p>\u00a0Joaqu\u00ed\u00adn Garc\u00e9s, mientras era trasladado sin aviso hacia Valdemoro, le ha llegado la respuesta del recurso interpuesto por su abogado y ha sido puesto en libertad.<\/p>\n","protected":false},"author":15,"featured_media":0,"comment_status":"open","ping_status":"closed","sticky":false,"template":"","format":"standard","meta":[],"categories":[22,14],"tags":[],"_links":{"self":[{"href":"https:\/\/diariodevurgos.com\/dvwps\/wp-json\/wp\/v2\/posts\/3116"}],"collection":[{"href":"https:\/\/diariodevurgos.com\/dvwps\/wp-json\/wp\/v2\/posts"}],"about":[{"href":"https:\/\/diariodevurgos.com\/dvwps\/wp-json\/wp\/v2\/types\/post"}],"author":[{"embeddable":true,"href":"https:\/\/diariodevurgos.com\/dvwps\/wp-json\/wp\/v2\/users\/15"}],"replies":[{"embeddable":true,"href":"https:\/\/diariodevurgos.com\/dvwps\/wp-json\/wp\/v2\/comments?post=3116"}],"version-history":[{"count":3,"href":"https:\/\/diariodevurgos.com\/dvwps\/wp-json\/wp\/v2\/posts\/3116\/revisions"}],"predecessor-version":[{"id":3120,"href":"https:\/\/diariodevurgos.com\/dvwps\/wp-json\/wp\/v2\/posts\/3116\/revisions\/3120"}],"wp:attachment":[{"href":"https:\/\/diariodevurgos.com\/dvwps\/wp-json\/wp\/v2\/media?parent=3116"}],"wp:term":[{"taxonomy":"category","embeddable":true,"href":"https:\/\/diariodevurgos.com\/dvwps\/wp-json\/wp\/v2\/categories?post=3116"},{"taxonomy":"post_tag","embeddable":true,"href":"https:\/\/diariodevurgos.com\/dvwps\/wp-json\/wp\/v2\/tags?post=3116"}],"curies":[{"name":"wp","href":"https:\/\/api.w.org\/{rel}","templated":true}]}}