{"id":3162,"date":"2009-07-16T17:59:08","date_gmt":"2009-07-16T16:59:08","guid":{"rendered":"http:\/\/diariodevurgos.com\/dvwps\/?p=3162"},"modified":"2009-07-16T17:59:08","modified_gmt":"2009-07-16T16:59:08","slug":"la-lucha-contra-el-tav-en-radio-ondaexpansiva","status":"publish","type":"post","link":"https:\/\/diariodevurgos.com\/dvwps\/la-lucha-contra-el-tav-en-radio-ondaexpansiva.php","title":{"rendered":"La lucha contra el TAV en Radio Ondaexpansiva"},"content":{"rendered":"<p class=\"lead\"><img loading=\"lazy\" class=\"alignright size-medium wp-image-3163\" title=\"ondaexpansiva_calavera\" src=\"http:\/\/diariodevurgos.com\/dvwps\/wp-content\/uploads\/2009\/07\/ondaexpansiva_calavera-300x108.jpg\" alt=\"ondaexpansiva_calavera\" width=\"300\" height=\"108\" srcset=\"https:\/\/diariodevurgos.com\/dvwps\/wp-content\/uploads\/2009\/07\/ondaexpansiva_calavera-300x108.jpg 300w, https:\/\/diariodevurgos.com\/dvwps\/wp-content\/uploads\/2009\/07\/ondaexpansiva_calavera.jpg 400w\" sizes=\"(max-width: 300px) 100vw, 300px\" \/>Aprovechando la presencia en Burgos de miembros de la <strong>Asamblea contra el TAV<\/strong> para relaizar una charla-debate en la <a title=\"La Maldita\" href=\"http:\/\/diariodevurgos.com\/dvwps\/charla-de-la-lucha-contra-el-tav.php\">Biblioteca La Maldita, <\/a>un reportero de <a title=\"Radio Ondaexpansiva\" href=\"http:\/\/ondaexpansiva.net\/?p=263\">Ondaexpansiva<\/a> tuvo la posibilidad de realizar una breve entrevista con estos compa\u00f1eros que est\u00e1n viviendo el conflicto de forma cotidiana. Los miembros de la Asamblea contra el TAV nos exponen el por qu\u00e9 de su oposici\u00f3n a dicho proyecto adem\u00e1s de informarnos de pr\u00f3ximas actividades a realizar en el marco de la lucha contra el TAV.<\/p>\n","protected":false},"excerpt":{"rendered":"<p>Aprovechando la presencia en Burgos de miembros de la Asamblea contra el TAV para relaizar una charla-debate en la Biblioteca La Maldita, un reportero de Ondaexpansiva tuvo la posibilidad de realizar una breve entrevista con estos compa\u00f1eros que est\u00e1n viviendo el conflicto de forma cotidiana. Los miembros de la Asamblea contra el TAV nos exponen&#8230;  <a href=\"https:\/\/diariodevurgos.com\/dvwps\/la-lucha-contra-el-tav-en-radio-ondaexpansiva.php\" class=\"more-link\" title=\"Read La lucha contra el TAV en Radio Ondaexpansiva\">Read more &raquo;<\/a><\/p>\n","protected":false},"author":2,"featured_media":0,"comment_status":"open","ping_status":"closed","sticky":false,"template":"","format":"standard","meta":[],"categories":[2,27,47,23],"tags":[],"_links":{"self":[{"href":"https:\/\/diariodevurgos.com\/dvwps\/wp-json\/wp\/v2\/posts\/3162"}],"collection":[{"href":"https:\/\/diariodevurgos.com\/dvwps\/wp-json\/wp\/v2\/posts"}],"about":[{"href":"https:\/\/diariodevurgos.com\/dvwps\/wp-json\/wp\/v2\/types\/post"}],"author":[{"embeddable":true,"href":"https:\/\/diariodevurgos.com\/dvwps\/wp-json\/wp\/v2\/users\/2"}],"replies":[{"embeddable":true,"href":"https:\/\/diariodevurgos.com\/dvwps\/wp-json\/wp\/v2\/comments?post=3162"}],"version-history":[{"count":1,"href":"https:\/\/diariodevurgos.com\/dvwps\/wp-json\/wp\/v2\/posts\/3162\/revisions"}],"predecessor-version":[{"id":3164,"href":"https:\/\/diariodevurgos.com\/dvwps\/wp-json\/wp\/v2\/posts\/3162\/revisions\/3164"}],"wp:attachment":[{"href":"https:\/\/diariodevurgos.com\/dvwps\/wp-json\/wp\/v2\/media?parent=3162"}],"wp:term":[{"taxonomy":"category","embeddable":true,"href":"https:\/\/diariodevurgos.com\/dvwps\/wp-json\/wp\/v2\/categories?post=3162"},{"taxonomy":"post_tag","embeddable":true,"href":"https:\/\/diariodevurgos.com\/dvwps\/wp-json\/wp\/v2\/tags?post=3162"}],"curies":[{"name":"wp","href":"https:\/\/api.w.org\/{rel}","templated":true}]}}