{"id":3200,"date":"2009-07-25T22:59:00","date_gmt":"2009-07-25T21:59:00","guid":{"rendered":"http:\/\/diariodevurgos.com\/dvwps\/?p=3200"},"modified":"2009-07-25T22:59:00","modified_gmt":"2009-07-25T21:59:00","slug":"runktelera-aranda-de-duero","status":"publish","type":"post","link":"https:\/\/diariodevurgos.com\/dvwps\/runktelera-aranda-de-duero.php","title":{"rendered":"Runktelera (Aranda de Duero)"},"content":{"rendered":"<p class=\"lead\"><img loading=\"lazy\" class=\"alignright size-full wp-image-3202\" title=\"megafono\" src=\"http:\/\/diariodevurgos.com\/dvwps\/wp-content\/uploads\/2009\/07\/megafono.jpg\" alt=\"megafono\" width=\"119\" height=\"117\" srcset=\"https:\/\/diariodevurgos.com\/dvwps\/wp-content\/uploads\/2009\/07\/megafono.jpg 400w, https:\/\/diariodevurgos.com\/dvwps\/wp-content\/uploads\/2009\/07\/megafono-300x294.jpg 300w\" sizes=\"(max-width: 119px) 100vw, 119px\" \/>Charlas y proyecciones del 27 al 29 de julio en Aranda de Duero. Las actividades se realizar\u00e1n en la asociaci\u00f3n de vecinos &#8220;El Pol\u00ed\u00adgono&#8221;, a las 20h.<\/p>\n<p><!--more--><\/p>\n<p><strong>Lunes 27: proyecci\u00f3n &#8220;Zeitgeist&#8221; de Peter Joseph (EE.UU.)<\/strong><\/p>\n<p>Zeitgeist, est\u00e1 integrado por tres partes. La primera narra c\u00f3mo el cristianismo es una mitolog\u00ed\u00ada constru\u00ed\u00adda a partir de elementos de cultos anteriores y coet\u00e1neo; una nueva ideolog\u00ed\u00ada dominate en la que se bas\u00f3 el poder en el imperio romano tard\u00ed\u00ado, con especial virulencia. En la segunda parte se describle el mito actual construido por el poder, el del miedo a la amenaza exterior, y su respuesta. La materializaci\u00f3n de este mito partir\u00ed\u00ada de los atentados del 11-S. A partir de la historia estadounidense del siglo XX se aprecia como la creaci\u00f3n de estos mitos o escusas para entrar en guerra han sido continuados. La tercera parte escarba en como el poder financiero y de los bancos se hacen con parte importante del poder efectivo pol\u00ed\u00adtico y econ\u00f3mico de los Estados Unidos.<\/p>\n<p><strong>Martes 28: Charla &#8220;ONG\u00b4s, el negocio de la solidaridad&#8221;. Ponente: Mario Agreda, experto en pueblos indios, y CNT &#8211; Valladolid<\/strong>.<\/p>\n<p>&#8220;La mayor\u00ed\u00ada de las ONG\u00b4s est\u00e1n encuadradas y han sido refuncionalizadas por las instituciones estatales. Estas las han combertido en un instrumento m\u00e1s del sistema de reparto, decenas de ellas tienen nuevos nombres y cada d\u00ed\u00ada salen como hormigas para construir su propio hormiguero. Lo hacen con ingenio y muchos de sus miembros con el t\u00ed\u00adtulo de antropolog\u00ed\u00ada bajo el brazo, y acompa\u00f1ados de cient\u00ed\u00adficos e intelectuales de la solidaridad. Ellos son los actuales &#8220;salvadores&#8221; de los indios del mundo, padrinos protectores, que est\u00e1n marcando una nueva &#8220;ruta&#8221; de la esclavitud.&#8221;<\/p>\n<p>Bajo esta l\u00facida descripci\u00f3n de lo que entiende Mario Agreda por el actual concepto de solidaridad que propugnan las ONG\u00b4s, o muchas de ellas, a\u00f1adiremos al acto una visi\u00f3n m\u00e1s real y pragm\u00e1tica analizando el conflicto sindical que la CNT de Valladolid ha venido manteniendo a lo largo de casi dos a\u00f1os frente a la fundaci\u00f3n Adsis por el caso de despido y explotaci\u00f3n de una compa\u00f1era.<\/p>\n<p><strong>Mi\u00e9rcoles 29: (Proyecci\u00f3n): &#8220;\u00ed\u0081cratas, anarquistas en el r\u00ed\u00ado de La Plata&#8221;, de Virgina Martinez. (Uruguay 2003).<\/strong><\/p>\n<p>Anarquistas fueron muchos de los inmigrantes que arribaron a las costas del r\u00ed\u00ado de La Plata a comienzos del siglo XX. Anarquistas fueron aquellos que lucharon por ideales libertarios, en contra de un estado elitista y represor. Un documental emotivo, pedag\u00f3gico, e ilustrativo sobre una \u00e9poca lejana en a\u00f1os a la actual, pero no en conflictividad social. Una obra compacta, inteligente y atractiva, que se enmarca dentro de las buenas producciones rioplatenses, que exentas de apoyos econ\u00f3micos se enorgullecen en su dignos luchar contra la escasa distribuci\u00f3n comercial que se les presta.<\/p>\n<p><strong>Jueves 30: Charla &#8220;Creadores artificiales: \u00bfla creatividad m\u00e1s all\u00e1 de lo humano?&#8221;, Eur\u00ed\u00addice Caba\u00f1es. (www.euridicecaba\u00f1es.es)<\/strong><\/p>\n<p>La creatividad ya no es algo exclusivo de los humanos, no \u00fanicamente porque varias especies del reino animal hayan demostrado poder encontrar soluciones creativas a problemas que se les presentan (quiz\u00e1 m\u00e1s f\u00e1cil de aceptar en tanto que poseen un cerebro biol\u00f3gico), sino porque incluso fuera del mundo &#8220;natural&#8221;, en el reino de lo artificial, est\u00e1 emergiendo la creatividad. Se ha demostrado que la Creatividad Artificial es posible en campos tan diversos como la m\u00fasica, con creadores de m\u00fasica artificiales como el sistema de composici\u00f3n musical de Meter Todd, en literatura con programas como PC Writer 2008 (el primer escritor artificial de una novela), en generaci\u00f3n de obrar pict\u00f3ricas como las de Artista Artificial V0.1, etc. Todo esto mediante diferentes t\u00e9cnicas que van desde Razonamiento Basado en Casos, hasta Redes de Neuronas Artificiales, pas\u00e1ndo por Algor\u00ed\u00adtmos Gen\u00e9ticos, o Sistemas Multiagentes.<br \/>\nCada nueva obra de los Creadores Artificiales, desdibuja las fronteras entre humano\/tecnol\u00f3gico, natural\/artificial, plante\u00e1ndonos la necesidad de repensarlo todo, empezando por los conceptos de creatividad o est\u00e9tica, para termina con el propio concepto de humano, pues, si en lo humano todo es cultura \u00bfno somos nosotros tambi\u00e9n creadores artificiales?<\/p>\n<p>www.blokedeagitacion.tk<\/p>\n","protected":false},"excerpt":{"rendered":"<p>Charlas y proyecciones del 27 al 29 de julio en Aranda de Duero. Las actividades se realizar\u00e1n en la asociaci\u00f3n de vecinos &#8220;El Pol\u00ed\u00adgono&#8221;, a las 20h.<\/p>\n","protected":false},"author":21,"featured_media":0,"comment_status":"open","ping_status":"closed","sticky":false,"template":"","format":"standard","meta":[],"categories":[2,14],"tags":[],"_links":{"self":[{"href":"https:\/\/diariodevurgos.com\/dvwps\/wp-json\/wp\/v2\/posts\/3200"}],"collection":[{"href":"https:\/\/diariodevurgos.com\/dvwps\/wp-json\/wp\/v2\/posts"}],"about":[{"href":"https:\/\/diariodevurgos.com\/dvwps\/wp-json\/wp\/v2\/types\/post"}],"author":[{"embeddable":true,"href":"https:\/\/diariodevurgos.com\/dvwps\/wp-json\/wp\/v2\/users\/21"}],"replies":[{"embeddable":true,"href":"https:\/\/diariodevurgos.com\/dvwps\/wp-json\/wp\/v2\/comments?post=3200"}],"version-history":[{"count":2,"href":"https:\/\/diariodevurgos.com\/dvwps\/wp-json\/wp\/v2\/posts\/3200\/revisions"}],"predecessor-version":[{"id":3204,"href":"https:\/\/diariodevurgos.com\/dvwps\/wp-json\/wp\/v2\/posts\/3200\/revisions\/3204"}],"wp:attachment":[{"href":"https:\/\/diariodevurgos.com\/dvwps\/wp-json\/wp\/v2\/media?parent=3200"}],"wp:term":[{"taxonomy":"category","embeddable":true,"href":"https:\/\/diariodevurgos.com\/dvwps\/wp-json\/wp\/v2\/categories?post=3200"},{"taxonomy":"post_tag","embeddable":true,"href":"https:\/\/diariodevurgos.com\/dvwps\/wp-json\/wp\/v2\/tags?post=3200"}],"curies":[{"name":"wp","href":"https:\/\/api.w.org\/{rel}","templated":true}]}}