{"id":3212,"date":"2009-08-03T08:37:50","date_gmt":"2009-08-03T07:37:50","guid":{"rendered":"http:\/\/diariodevurgos.com\/dvwps\/?p=3212"},"modified":"2009-08-03T08:55:41","modified_gmt":"2009-08-03T07:55:41","slug":"admitido-parcialmente-el-recurso-de-los-vecinos-de-eladio-perlado","status":"publish","type":"post","link":"https:\/\/diariodevurgos.com\/dvwps\/admitido-parcialmente-el-recurso-de-los-vecinos-de-eladio-perlado.php","title":{"rendered":"Admitido parcialmente el recurso de los vecinos de Eladio Perlado"},"content":{"rendered":"<p class=\"lead\"><img loading=\"lazy\" class=\"alignright size-full wp-image-3213\" title=\"banner2\" src=\"http:\/\/diariodevurgos.com\/dvwps\/wp-content\/uploads\/2009\/08\/banner2.jpg\" alt=\"banner2\" width=\"146\" height=\"102\" \/>Cuando faltan apenas un par de semanas para que se produzca el aniversario de los hechos ocurridos el 18 de agosto de 2005, se ha hecho p\u00fablica la resoluci\u00f3n del recurso presentado por los vecinos procesados por los incidentes de la ma\u00f1ana. <!--more--><\/p>\n<p>Dos de los tres vecinos procesados por los sucesos registrados durante la ma\u00f1ana de aquel 18 de agosto de hace ya casi cuatro a\u00f1os, han visto como su condena ha quedado reducida\u00a0 a seis meses de los 18 meses de reclusi\u00f3n inicialmente impuestos en la vista oral. La Audiencia Provincial de Burgos considera que los dos vecinos son culpables de un delito de resistencia y no de atentado contra la Polic\u00ed\u00ada Local como anteriormente se hab\u00ed\u00ada estipulado. La sentencia indica que los vecinos no agredieron a los agentes sino que se resistieron a ser identificados lo que provoc\u00f3 un forcejeo con los agentes.<\/p>\n<p>Por otra parte, el recurso ratifica el a\u00f1o de prisi\u00f3n para otra de las vecinas imputadas en el proceso penal. A pesar de que en ning\u00fan momento esta vecina fue identificada durante el transcurso de los hechos y solo se enter\u00f3 de que hab\u00ed\u00ada sido denunciada semanas despu\u00e9s, la tesis de la defensa no ha sido aceptada. En numerosas ocasiones esta vecina ha declarado que su inclusi\u00f3n en el proceso, y la actual ratificaci\u00f3n de su condena, suponen una <strong>venganza institucional por su significaci\u00f3n p\u00fablica en la lucha vecinal<\/strong>.\u00a0 Sin embargo, a\u00a0 pesar de la condena esta vecina no tendr\u00e1 que ingresar en prisi\u00f3n puesto que la pena solicitada no es superior a dos a\u00f1os.<\/p>\n<p>Como nuestros lectores recordar\u00e1n el Tribunal Superior de Justicia de Castilla y Le\u00f3n\u00a0 ratific\u00f3 en sentecia firme el <a title=\"Parking ilegal\" href=\"http:\/\/diariodevurgos.com\/dvwps\/el-tsj-declara-ilegal-el-parking-que-no-se-construyo-en-eladio-perlado.php\">caracter ilegal del parking proyectado para la avenida Eladio Perlado.<\/a>Permanecemos a la espera del recurso presentado por las defensas de los vecinos procesados por los hechos de la tarde.<\/p>\n","protected":false},"excerpt":{"rendered":"<p>Cuando faltan apenas un par de semanas para que se produzca el aniversario de los hechos ocurridos el 18 de agosto de 2005, se ha hecho p\u00fablica la resoluci\u00f3n del recurso presentado por los vecinos procesados por los incidentes de la ma\u00f1ana.<\/p>\n","protected":false},"author":2,"featured_media":0,"comment_status":"open","ping_status":"closed","sticky":false,"template":"","format":"standard","meta":[],"categories":[2,14,27,43],"tags":[],"_links":{"self":[{"href":"https:\/\/diariodevurgos.com\/dvwps\/wp-json\/wp\/v2\/posts\/3212"}],"collection":[{"href":"https:\/\/diariodevurgos.com\/dvwps\/wp-json\/wp\/v2\/posts"}],"about":[{"href":"https:\/\/diariodevurgos.com\/dvwps\/wp-json\/wp\/v2\/types\/post"}],"author":[{"embeddable":true,"href":"https:\/\/diariodevurgos.com\/dvwps\/wp-json\/wp\/v2\/users\/2"}],"replies":[{"embeddable":true,"href":"https:\/\/diariodevurgos.com\/dvwps\/wp-json\/wp\/v2\/comments?post=3212"}],"version-history":[{"count":4,"href":"https:\/\/diariodevurgos.com\/dvwps\/wp-json\/wp\/v2\/posts\/3212\/revisions"}],"predecessor-version":[{"id":3216,"href":"https:\/\/diariodevurgos.com\/dvwps\/wp-json\/wp\/v2\/posts\/3212\/revisions\/3216"}],"wp:attachment":[{"href":"https:\/\/diariodevurgos.com\/dvwps\/wp-json\/wp\/v2\/media?parent=3212"}],"wp:term":[{"taxonomy":"category","embeddable":true,"href":"https:\/\/diariodevurgos.com\/dvwps\/wp-json\/wp\/v2\/categories?post=3212"},{"taxonomy":"post_tag","embeddable":true,"href":"https:\/\/diariodevurgos.com\/dvwps\/wp-json\/wp\/v2\/tags?post=3212"}],"curies":[{"name":"wp","href":"https:\/\/api.w.org\/{rel}","templated":true}]}}