{"id":3232,"date":"2009-08-12T02:03:36","date_gmt":"2009-08-12T01:03:36","guid":{"rendered":"http:\/\/diariodevurgos.com\/dvwps\/?p=3232"},"modified":"2009-08-12T13:32:14","modified_gmt":"2009-08-12T12:32:14","slug":"cine-de-verano-en-la-maldita","status":"publish","type":"post","link":"https:\/\/diariodevurgos.com\/dvwps\/cine-de-verano-en-la-maldita.php","title":{"rendered":"Cine de verano en La Maldita"},"content":{"rendered":"<p class=\"lead\"><img loading=\"lazy\" class=\"alignright size-medium wp-image-3235\" title=\"lamadita\" src=\"http:\/\/diariodevurgos.com\/dvwps\/wp-content\/uploads\/2009\/08\/lamadita-300x71.jpg\" alt=\"lamadita\" width=\"300\" height=\"71\" srcset=\"https:\/\/diariodevurgos.com\/dvwps\/wp-content\/uploads\/2009\/08\/lamadita-300x71.jpg 300w, https:\/\/diariodevurgos.com\/dvwps\/wp-content\/uploads\/2009\/08\/lamadita.jpg 420w\" sizes=\"(max-width: 300px) 100vw, 300px\" \/>Desde la <a title=\"La Maldita\" href=\"http:\/\/diariodevurgos.com\/dvwps\/entrevista-a-la-maldita.php\">Biblioteca La Maldita <\/a>nos informan de la realizaci\u00f3n de nuevas actividades, esta vez en formato de ciclo de cine de verano. Un ciclo que comenzar\u00e1 a partir del pr\u00f3ximo<strong> jueves 13 de agosto a partir de las 21.30<\/strong> y que contar\u00e1 con\u00a0 otras cuatro sesiones en jueves sucesivos.<!--more--><\/p>\n<p>La Maldita es una biblioteca <em>&#8220;de materias raras&#8221;\u009d<\/em> que representa un proyecto de difusi\u00f3n de pensamiento disidente ubicada en la <strong>calle Las Escuelas <\/strong>del antiguo pueblo de Gamonal.\u00a0 Durante el 2009 ha comenzado su andadura y desde <strong>DV <\/strong>deseamos que dicho proyecto termine por consolidarse como uno de los referentes de la difusi\u00f3n de pensamiento anti-autoritario en la ciudad.<\/p>\n<p style=\"text-align: center;\"><a href=\"http:\/\/diariodevurgos.com\/dvwps\/wp-content\/uploads\/2009\/08\/cartel.jpg\"><img loading=\"lazy\" class=\"aligncenter size-medium wp-image-3234\" title=\"cartel\" src=\"http:\/\/diariodevurgos.com\/dvwps\/wp-content\/uploads\/2009\/08\/cartel-215x300.jpg\" alt=\"cartel\" width=\"215\" height=\"300\" srcset=\"https:\/\/diariodevurgos.com\/dvwps\/wp-content\/uploads\/2009\/08\/cartel-215x300.jpg 215w, https:\/\/diariodevurgos.com\/dvwps\/wp-content\/uploads\/2009\/08\/cartel-736x1024.jpg 736w, https:\/\/diariodevurgos.com\/dvwps\/wp-content\/uploads\/2009\/08\/cartel.jpg 1568w\" sizes=\"(max-width: 215px) 100vw, 215px\" \/><\/a><\/p>\n<p style=\"text-align: left;\">\n<p style=\"text-align: center;\">Pincha en el cartel para verlo en tama\u00f1o ampliado<\/p>\n<p>Desde La Maldita nos han hecho llegar a la redacci\u00f3n el deseo de realizar las proyecciones en el exterior de la biblioteca siempre y cuando el tiempo lo permita. Para finalizar se dejar\u00e1 un tiempo para compartir impresiones y opiniones.<\/p>\n<p style=\"text-align: left;\">\n","protected":false},"excerpt":{"rendered":"<p>Desde la Biblioteca La Maldita nos informan de la realizaci\u00f3n de nuevas actividades, esta vez en formato de ciclo de cine de verano. Un ciclo que comenzar\u00e1 a partir del pr\u00f3ximo jueves 13 de agosto a partir de las 21.30 y que contar\u00e1 con\u00a0 otras cuatro sesiones en jueves sucesivos.<\/p>\n","protected":false},"author":2,"featured_media":0,"comment_status":"open","ping_status":"closed","sticky":false,"template":"","format":"standard","meta":[],"categories":[2,14,27,47],"tags":[],"_links":{"self":[{"href":"https:\/\/diariodevurgos.com\/dvwps\/wp-json\/wp\/v2\/posts\/3232"}],"collection":[{"href":"https:\/\/diariodevurgos.com\/dvwps\/wp-json\/wp\/v2\/posts"}],"about":[{"href":"https:\/\/diariodevurgos.com\/dvwps\/wp-json\/wp\/v2\/types\/post"}],"author":[{"embeddable":true,"href":"https:\/\/diariodevurgos.com\/dvwps\/wp-json\/wp\/v2\/users\/2"}],"replies":[{"embeddable":true,"href":"https:\/\/diariodevurgos.com\/dvwps\/wp-json\/wp\/v2\/comments?post=3232"}],"version-history":[{"count":5,"href":"https:\/\/diariodevurgos.com\/dvwps\/wp-json\/wp\/v2\/posts\/3232\/revisions"}],"predecessor-version":[{"id":3240,"href":"https:\/\/diariodevurgos.com\/dvwps\/wp-json\/wp\/v2\/posts\/3232\/revisions\/3240"}],"wp:attachment":[{"href":"https:\/\/diariodevurgos.com\/dvwps\/wp-json\/wp\/v2\/media?parent=3232"}],"wp:term":[{"taxonomy":"category","embeddable":true,"href":"https:\/\/diariodevurgos.com\/dvwps\/wp-json\/wp\/v2\/categories?post=3232"},{"taxonomy":"post_tag","embeddable":true,"href":"https:\/\/diariodevurgos.com\/dvwps\/wp-json\/wp\/v2\/tags?post=3232"}],"curies":[{"name":"wp","href":"https:\/\/api.w.org\/{rel}","templated":true}]}}