{"id":340,"date":"2007-04-12T10:47:58","date_gmt":"2007-04-12T14:47:58","guid":{"rendered":"http:\/\/diariodevurgos.com\/dvwps\/el-24-de-marzo-y-las-asambleas-por-una-vivenda.php"},"modified":"2007-04-12T11:16:19","modified_gmt":"2007-04-12T15:16:19","slug":"el-24-de-marzo-y-las-asambleas-por-una-vivenda","status":"publish","type":"post","link":"https:\/\/diariodevurgos.com\/dvwps\/el-24-de-marzo-y-las-asambleas-por-una-vivenda.php","title":{"rendered":"El 24 de Marzo y las asambleas por una vivenda."},"content":{"rendered":"<p class=\"lead\"><img title=\"vivienda\" alt=\"vivienda\" src=\"http:\/\/diariodevurgos.com\/dvwps\/wp-content\/uploads\/2007\/03\/vivienda.miniatura.png\" align=\"right\" \/><a title=\"carta\" href=\"http:\/\/www.alasbarricadas.org\/noticias\/?q=node\/4738\">[Madrid] Carta de los padres de una de las agredidas el 24 de Marzo (Manifestaci\u00f3n Vivienda Digna)<\/a><br \/>\nEl 24 de Marzo a las 17 h varios cientos de personas salieron por las calles del centro tras una pancarta que dec\u00ed\u00ada &#8220;la vivienda es una necesidad no un negocio&#8221; &#8220;asamblea v de vivienda Burgos&#8221;.<\/p>\n<p><!--more--><br \/>\nLa manifestaci\u00f3n transcurri\u00f3 por las calles m\u00e1s c\u00e9ntricas del centro de la ciudad cortando el tr\u00e1fico, llamando la atenci\u00f3n sobre un problema que afecta a gran parte de la poblaci\u00f3n y molestando a la clase pol\u00ed\u00adtica corrupta e impasible como siempre a las ordenes de su amo<br \/>\nel Capital.<\/p>\n<p>Curiosamente esta manifestaci\u00f3n no fue recogida por los habituales medios de desinformaci\u00f3n quiz\u00e1s porque a ella acudi\u00f3 una delegaci\u00f3n de vecinos afectados por el proyecto especulativo de caja de burgos, quiz\u00e1s porque en ella se core\u00f3 consignas contra del cacique y especulador Antonio Miguel M\u00e9ndez Pozo presidente de la C\u00e1mara de Comercio, conocido empresario de la construcci\u00f3n y editor del Diario de Burgos entre otros muchos.<\/p>\n<p><strong><em>Los medios son en democracia,<br \/>\nlo que las pistolas en dictadura.<\/em><\/strong><\/p>\n<p><a id=\"p342\" title=\"una hoja repartida en varias novilizaciones de la vivienda\" href=\"http:\/\/diariodevurgos.com\/dvwps\/cara11.pdf\">una hoja repartida en varias novilizaciones de la vivienda<\/a><\/p>\n<p><a id=\"p343\" href=\"http:\/\/diariodevurgos.com\/dvwps\/wp-content\/uploads\/2007\/04\/cara2.pdf\">una hoja repartida en varias novilizaciones de la vivienda<\/a><\/p>\n<p><em><strong>El Viernes 13 de abril se celebrar\u00e1 una asamblea abierta para pr\u00f3ximas movilizaciones de v de vivienda.<br \/>\nSer\u00e1 en en espacio joven de Gamonal (mercado de abastos) a las 8 de la tarde.<br \/>\nAcude y participa!<\/strong><\/em><\/p>\n","protected":false},"excerpt":{"rendered":"<p>[Madrid] Carta de los padres de una de las agredidas el 24 de Marzo (Manifestaci\u00f3n Vivienda Digna) El 24 de Marzo a las 17 h varios cientos de personas salieron por las calles del centro tras una pancarta que dec\u00ed\u00ada &#8220;la vivienda es una necesidad no un negocio&#8221; &#8220;asamblea v de vivienda Burgos&#8221;.<\/p>\n","protected":false},"author":3,"featured_media":0,"comment_status":"open","ping_status":"open","sticky":false,"template":"","format":"standard","meta":[],"categories":[2,12,14],"tags":[],"_links":{"self":[{"href":"https:\/\/diariodevurgos.com\/dvwps\/wp-json\/wp\/v2\/posts\/340"}],"collection":[{"href":"https:\/\/diariodevurgos.com\/dvwps\/wp-json\/wp\/v2\/posts"}],"about":[{"href":"https:\/\/diariodevurgos.com\/dvwps\/wp-json\/wp\/v2\/types\/post"}],"author":[{"embeddable":true,"href":"https:\/\/diariodevurgos.com\/dvwps\/wp-json\/wp\/v2\/users\/3"}],"replies":[{"embeddable":true,"href":"https:\/\/diariodevurgos.com\/dvwps\/wp-json\/wp\/v2\/comments?post=340"}],"version-history":[{"count":0,"href":"https:\/\/diariodevurgos.com\/dvwps\/wp-json\/wp\/v2\/posts\/340\/revisions"}],"wp:attachment":[{"href":"https:\/\/diariodevurgos.com\/dvwps\/wp-json\/wp\/v2\/media?parent=340"}],"wp:term":[{"taxonomy":"category","embeddable":true,"href":"https:\/\/diariodevurgos.com\/dvwps\/wp-json\/wp\/v2\/categories?post=340"},{"taxonomy":"post_tag","embeddable":true,"href":"https:\/\/diariodevurgos.com\/dvwps\/wp-json\/wp\/v2\/tags?post=340"}],"curies":[{"name":"wp","href":"https:\/\/api.w.org\/{rel}","templated":true}]}}