{"id":3607,"date":"2009-10-05T16:36:14","date_gmt":"2009-10-05T15:36:14","guid":{"rendered":"http:\/\/diariodevurgos.com\/dvwps\/?p=3607"},"modified":"2009-10-05T16:36:14","modified_gmt":"2009-10-05T15:36:14","slug":"%c2%a1libertad-amadeu-casellas-ya-solidaridad-con-todxs-lxs-presxs-en-lucha","status":"publish","type":"post","link":"https:\/\/diariodevurgos.com\/dvwps\/%c2%a1libertad-amadeu-casellas-ya-solidaridad-con-todxs-lxs-presxs-en-lucha.php","title":{"rendered":"\u00a1Libertad Amadeu Casellas ya! Solidaridad con todxs lxs presxs en lucha"},"content":{"rendered":"<p class=\"lead\"><img loading=\"lazy\" class=\"alignright size-full wp-image-3609\" title=\"amadeu1\" src=\"http:\/\/diariodevurgos.com\/dvwps\/wp-content\/uploads\/2009\/10\/amadeu1.jpg\" alt=\"amadeu1\" width=\"149\" height=\"110\" srcset=\"https:\/\/diariodevurgos.com\/dvwps\/wp-content\/uploads\/2009\/10\/amadeu1.jpg 363w, https:\/\/diariodevurgos.com\/dvwps\/wp-content\/uploads\/2009\/10\/amadeu1-300x223.jpg 300w\" sizes=\"(max-width: 149px) 100vw, 149px\" \/>La indiferencia es complicidad. No seas c\u00f3mplice de este asesinato.<br \/>\nLa situaci\u00f3n es cr\u00ed\u00adtica, as\u00ed\u00ad que deja de imaginar y pasa a la acci\u00f3n.<br \/>\nAmadeu comenz\u00f3 ayer, domingo 4 de octubre, una huelga de sed<br \/>\n<!--more--><br \/>\nImagina que est\u00e1s contra el sistema y \u00e9l lo sabe. Imagina que por ello est\u00e1s encerrado desde hace m\u00e1s de 22 a\u00f1os, (que el m\u00e1ximo permitido por la ley son 20), simplemente por denunciar. Tras varias huelgas y el posterior incumplimiento de los acuerdos alcanzados mediante ellas por parte de Instituciones Penitenciarias imagina que, de nuevo, inicias otra huelga de hambre indefinida. Que no es la primera, pues de 365 d\u00ed\u00adas del a\u00f1o, ya has ayunado 200 como forma de protesta para alcanzar tu libertad. Libertad que mereces, pues tu condena ya se cumpli\u00f3. Imagina que en esta \u00faltima huelga de hambre llevas ya 80 d\u00ed\u00adas sin comer, pesas 57 kg y tienes una tensi\u00f3n de 7\/5.<\/p>\n<p>Es que son \u00a1\u00a180 d\u00ed\u00adas sin comer!!<\/p>\n<p>\u00bfPuedes imaginarlo?<\/p>\n<p>Pues ahora deja de imaginar y c\u00e9ntrate en la realidad. Esta es la situaci\u00f3n de Amadeu Casellas, preso anarquista que lleva 23 de sus 49 a\u00f1os en la c\u00e1rcel por atracar bancos en los a\u00f1os 70 para financiar luchas obreras. S\u00ed\u00ad, 23 a\u00f1os encerrado por un delito incomparable a las grandes guerras que nuestros gobiernos generan y subvencionan, y que nadie castiga ni cuestiona. Que a pesar de que la Constituci\u00f3n Espa\u00f1ola proh\u00ed\u00adbe la cadena perpetua, realmente se trata de una cadena perpetua encubierta, pues el C\u00f3digo Penal vigente del Estado espa\u00f1ol establece 30 a\u00f1os como tiempo l\u00ed\u00admite en prisi\u00f3n y Amadeu, con sus 23 a\u00f1os cumplidos de condena y las redenciones, ya supera la pena m\u00e1xima.<\/p>\n<p>Entonces&#8230; \u00bfQu\u00e9 est\u00e1 pasando con la justicia?<\/p>\n<p>La indiferencia es complicidad. No seas c\u00f3mplice de este asesinato<br \/>\nLa situaci\u00f3n es cr\u00ed\u00adtica as\u00ed\u00ad que deja de imaginar y pasa a la acci\u00f3n<\/p>\n<p><strong>\u00a1\u00a1LIBERTAD AMADEU CASELLAS YA!!<\/strong><br \/>\n<strong><\/strong><\/p>\n<p><strong>ABSOLUCI\u00ed\u201cN PARA NURIA Y ALFONSO Y ENCAUSADXS DEL FORAT DE LA VERGONYA<br \/>\nSOLIDARIDAD CON TODXS LXS PRESXS EN LUCHA<\/strong><\/p>\n<p>Pr\u00f3ximas convocatorias en Barcelona:<br \/>\nMi\u00e9rcoles 14 y 21 Oct. 12.00h en la DGIP Concentraci\u00f3n en apoyo a Amadeu<br \/>\nS\u00e1bado 24 Oct. 18.00h Manifestaci\u00f3n por la libertad de Amadeu<\/p>\n<p>Para m\u00e1s informaci\u00f3n:<br \/>\nhttp:\/\/llibertatamadeu.blogspot.com\/<br \/>\nhttp:\/\/elsud.org\/nuria\/<br \/>\nhttp:\/\/mislatacontrainfos.blogspot.com\/2009\/07\/14-juliol-absolucio-alfonso-mani.html<\/p>\n<img loading=\"lazy\" class=\"aligncenter size-full wp-image-3608\" title=\"amadeu\" src=\"http:\/\/diariodevurgos.com\/dvwps\/wp-content\/uploads\/2009\/10\/amadeu.jpg\" alt=\"amadeu\" width=\"417\" height=\"581\" srcset=\"https:\/\/diariodevurgos.com\/dvwps\/wp-content\/uploads\/2009\/10\/amadeu.jpg 417w, https:\/\/diariodevurgos.com\/dvwps\/wp-content\/uploads\/2009\/10\/amadeu-215x300.jpg 215w\" sizes=\"(max-width: 417px) 100vw, 417px\" \/>\n<p>Fuente:<a href=\"http:\/\/www.klinamen.org\/article6758.html\" target=\"_blank\"> Klinamen<\/a><\/p>\n","protected":false},"excerpt":{"rendered":"<p>La indiferencia es complicidad. No seas c\u00f3mplice de este asesinato. La situaci\u00f3n es cr\u00ed\u00adtica, as\u00ed\u00ad que deja de imaginar y pasa a la acci\u00f3n. Amadeu comenz\u00f3 ayer, domingo 4 de octubre, una huelga de sed<\/p>\n","protected":false},"author":21,"featured_media":0,"comment_status":"closed","ping_status":"closed","sticky":false,"template":"","format":"standard","meta":[],"categories":[22],"tags":[],"_links":{"self":[{"href":"https:\/\/diariodevurgos.com\/dvwps\/wp-json\/wp\/v2\/posts\/3607"}],"collection":[{"href":"https:\/\/diariodevurgos.com\/dvwps\/wp-json\/wp\/v2\/posts"}],"about":[{"href":"https:\/\/diariodevurgos.com\/dvwps\/wp-json\/wp\/v2\/types\/post"}],"author":[{"embeddable":true,"href":"https:\/\/diariodevurgos.com\/dvwps\/wp-json\/wp\/v2\/users\/21"}],"replies":[{"embeddable":true,"href":"https:\/\/diariodevurgos.com\/dvwps\/wp-json\/wp\/v2\/comments?post=3607"}],"version-history":[{"count":1,"href":"https:\/\/diariodevurgos.com\/dvwps\/wp-json\/wp\/v2\/posts\/3607\/revisions"}],"predecessor-version":[{"id":3610,"href":"https:\/\/diariodevurgos.com\/dvwps\/wp-json\/wp\/v2\/posts\/3607\/revisions\/3610"}],"wp:attachment":[{"href":"https:\/\/diariodevurgos.com\/dvwps\/wp-json\/wp\/v2\/media?parent=3607"}],"wp:term":[{"taxonomy":"category","embeddable":true,"href":"https:\/\/diariodevurgos.com\/dvwps\/wp-json\/wp\/v2\/categories?post=3607"},{"taxonomy":"post_tag","embeddable":true,"href":"https:\/\/diariodevurgos.com\/dvwps\/wp-json\/wp\/v2\/tags?post=3607"}],"curies":[{"name":"wp","href":"https:\/\/api.w.org\/{rel}","templated":true}]}}