{"id":3709,"date":"2009-10-22T13:05:11","date_gmt":"2009-10-22T12:05:11","guid":{"rendered":"http:\/\/diariodevurgos.com\/dvwps\/?p=3709"},"modified":"2010-09-10T16:47:48","modified_gmt":"2010-09-10T15:47:48","slug":"el-hombre-que-mato-a-laureano-cerrada","status":"publish","type":"post","link":"https:\/\/diariodevurgos.com\/dvwps\/el-hombre-que-mato-a-laureano-cerrada.php","title":{"rendered":"El hombre que mat\u00f3 a Laureano Cerrada"},"content":{"rendered":"<p class=\"lead\"><img loading=\"lazy\" class=\"alignright size-medium wp-image-3710\" title=\"Cerrada_santos_Laureano\" src=\"http:\/\/diariodevurgos.com\/dvwps\/wp-content\/uploads\/2009\/10\/Cerrada_santos_Laureano-232x300.jpg\" alt=\"Cerrada_santos_Laureano\" width=\"143\" height=\"186\" srcset=\"https:\/\/diariodevurgos.com\/dvwps\/wp-content\/uploads\/2009\/10\/Cerrada_santos_Laureano-232x300.jpg 232w, https:\/\/diariodevurgos.com\/dvwps\/wp-content\/uploads\/2009\/10\/Cerrada_santos_Laureano.jpg 310w\" sizes=\"(max-width: 143px) 100vw, 143px\" \/>El 18 de octubre de 1976 Laureano Cerrada Santos, uno de los personajes m\u00e1s apasionantes del exilio antifranquista, ca\u00ed\u00ada acribillado a balazos en el boulevard Bellvile de Par\u00ed\u00ads. Su cuerpo qued\u00f3 tendido justo en frente de la cafeter\u00ed\u00ada donde hab\u00ed\u00ada concertado la que ser\u00ed\u00ada, a la postre, su \u00faltima cita. Todav\u00ed\u00ada hoy, pasados m\u00e1s de 30 a\u00f1os del asesinato de <a title=\"Laureano Santos Cerrada\" href=\"http:\/\/diariodevurgos.com\/dvwps\/el-anarquista-laureano-cerrada.php\">Laureano Cerrada<\/a>, existen numerosos interrogantes sobre la muerte de este recalcitrante conspirador capaz de llevar a la pr\u00e1ctica empresas tan ins\u00f3litas como el atentado a\u00e9reo contra Franco.\u00a0<strong> \u00bfQui\u00e9n mat\u00f3 a Laureano Cerrada?<\/strong> Un art\u00ed\u00adculo de investigaci\u00f3n de nuestro corresponsal <em>Modesto Agust\u00ed\u00ad<\/em>.<!--more--><\/p>\n<p>A pesar del silencio que durante a\u00f1os ha acompa\u00f1ado al nombre de Laureano Cerrada, su imagen, lejos de sepultarse en el ostracismo que algunos de sus contempor\u00e1neos pretendieron relegarle, no deja de resultar fascinante para quien conoce su historia.<\/p>\n<p>Sorprende el hecho de que en una \u00e9poca en la que existen miles de libros relacionados con el movimiento anarquista en Espa\u00f1a, apenas haya un par de publicaciones que tocan de pasada la vida de Laureano Cerrada. Si bien es cierto que esta carencia se ver\u00e1 tarde o temprano subsanada gracias al trabajo tenaz de un investigador honesto que lleva a\u00f1os detr\u00e1s de la historia del hombre que trat\u00f3 de provocar la bancarrota del r\u00e9gimen franquista. Trabajos como el citado, ayudar\u00e1n, sin duda, a arrojar luz sobre los enigmas que todav\u00ed\u00ada existen en su biograf\u00ed\u00ada. Mientras tanto, y coincidiendo con la fecha del\u00a0 aniversario de su asesinato, vamos a tratar de recopilar las diferentes versiones que existen sobre su muerte.<\/p>\n<p><strong>\u00bfPero quien fue este hombre capaz de poner en jaque al r\u00e9gimen franquista?<\/strong><br \/>\nEn el anterior art\u00ed\u00adculo<a title=\"El atentado a\u00e9reo contra el general Franco\" href=\"http:\/\/diariodevurgos.com\/dvwps\/el-atentado-aereo-contra-el-general-franco.php\"> El atentado a\u00e9reo contra el general Franco<\/a> me permit\u00ed\u00ad deslizar alguno de los detalles m\u00e1s rese\u00f1ables de la vida de Laureano Cerrada.<br \/>\nNuestro hombre naci\u00f3 en Miedes de Atienza, un peque\u00f1o pueblo de la provincia de Guadalajara, a principios del siglo XX. Escapando de la miseria y del despotismo de los caciques del pueblo emigr\u00f3 joven a Barcelona, donde residir\u00e1 hasta el final de la Guerra Civil.<br \/>\nAunque no existe documentaci\u00f3n al respecto, parece ser que algunos testimonios apuntan que durante los dif\u00ed\u00adciles a\u00f1os 20 del siglo pasado, Cerrada se curti\u00f3 en las furibundas luchas entre las bandas de pistoleros de la patronal (el denominado <a title=\"Sindicato Libre\" href=\"http:\/\/es.wikipedia.org\/wiki\/Sindicatos_Libres\">Sindicato Libre<\/a>)\u00a0 y los grupos anarquistas. Trabaj\u00f3 como pe\u00f3n de v\u00ed\u00adas durante la II Republica y desempe\u00f1o un papel importante en el comit\u00e9 revolucionario de la CNT, la UGT\u00a0 el POUM que gestionaba los ferrocarriles en Barcelona.<\/p>\n<p><img loading=\"lazy\" class=\"alignright size-medium wp-image-3712\" title=\"Laureano foto grupo 03\" src=\"http:\/\/diariodevurgos.com\/dvwps\/wp-content\/uploads\/2009\/10\/Laureano-foto-grupo-03-300x297.jpg\" alt=\"Laureano foto grupo 03\" width=\"300\" height=\"297\" srcset=\"https:\/\/diariodevurgos.com\/dvwps\/wp-content\/uploads\/2009\/10\/Laureano-foto-grupo-03-300x297.jpg 300w, https:\/\/diariodevurgos.com\/dvwps\/wp-content\/uploads\/2009\/10\/Laureano-foto-grupo-03-150x150.jpg 150w, https:\/\/diariodevurgos.com\/dvwps\/wp-content\/uploads\/2009\/10\/Laureano-foto-grupo-03.jpg 319w\" sizes=\"(max-width: 300px) 100vw, 300px\" \/>Desde que fuera detenido por los nazis durante el transcurso de la ocupaci\u00f3n alemana de una parte de Francia, la falsificaci\u00f3n se convertir\u00e1 en una de sus principales actividades. Y no en balde, pues logr\u00f3 escapar del campo de trabajo donde hab\u00ed\u00ada sido recluido\u00a0 mediante la falsificaci\u00f3n de un documento de la <em>Komandatur<\/em> donde se decretaba su propia libertad.\u00a0 Gracias a su intensa actividad como falsificador lograr\u00e1 tejer una importante red ilegal de pasaportes y documentos falsos que facilitar\u00e1 la huida a los perseguidos por la<a title=\"GESTAPO\" href=\"http:\/\/es.wikipedia.org\/wiki\/Gestapo\"> GESTAPO<\/a>. Cerrada contaba tambi\u00e9n con un arsenal de recursos entre los que se encontraban varios hoteles, imprentas, pisos francos, dep\u00f3sitos de armas para el maquis en Espa\u00f1a, una lancha motora y hasta una peque\u00f1a avioneta con la que pretendi\u00f3 asesinar a Franco en septiembre de 1948.<\/p>\n<p>La falsificaci\u00f3n de moneda ser\u00e1 otra de sus principales actividades, Laureano Cerrada proyect\u00f3 inundar la econom\u00ed\u00ada espa\u00f1ola con los billetes falsos que su equipo emit\u00ed\u00ada.<\/p>\n<p><strong>Pero, \u00bfde d\u00f3nde proven\u00ed\u00adan las pesetas falsas que manejaba\u00a0 Laureano Cerrada? <\/strong><br \/>\nDespu\u00e9s de la ca\u00ed\u00adda de la Italia fascista Cerrada se desplazara hasta Mil\u00e1n, se resiste a ver el espect\u00e1culo que sin duda representa el cad\u00e1ver\u00a0 colgado de Mussolini junto al de su amante, pero su intenci\u00f3n es otra. Gracias a sus contactos lograr\u00e1 hacerse con las planchas de impresi\u00f3n de los billetes espa\u00f1oles que por cuestiones estrat\u00e9gicas el r\u00e9gimen franquista imprim\u00ed\u00ada desde Italia.<br \/>\nDesde los resortes donde se domina la gesti\u00f3n de la CNT y de la FAI en el exilio se exige continuamente a Cerrada que entre las planchas a la organizaci\u00f3n. Cerrada nunca lo har\u00e1, en sus manos pueden convertirse en un instrumento revolucionario que desestabilizar\u00ed\u00ada al r\u00e9gimen, y desconf\u00ed\u00ada de los bur\u00f3cratas que copan los comit\u00e9s.<br \/>\n<em><br \/>\n&#8220;El dinero no sirve de nada si no es para hacer la revoluci\u00f3n. Vosotros solo quer\u00e9is destruirlo, porque os da miedo&#8221;\u009d<\/em><\/p>\n<p>Muchos de estos &#8220;santones&#8221;\u009d, como el propio <a title=\"Germinal Esgleas\" href=\"http:\/\/es.wikipedia.org\/wiki\/Germinal_Esgleas\">Germinal Esgleas<\/a> y <a title=\"Federica Montseny\" href=\"http:\/\/es.wikipedia.org\/wiki\/Federica_Montseny\">Federica Monteseny<\/a>, le deben sus cargos ya que fue el mismo quien los aup\u00f3 en el seno de la organizaci\u00f3n justo despu\u00e9s de la ocupaci\u00f3n alemana.<\/p>\n<p>El asunto de la devoluci\u00f3n de las planchas ser\u00e1 una de los elementos del constante enfrentamiento entre Cerrada y un sector de la CNT y de la FAI. El affaire solo se solucionar\u00e1 cuando en una disputa por la posesi\u00f3n de las mismas se adopte la soluci\u00f3n salom\u00f3nica de destruirlas, como relata Jose Peirats\u00a0 en <a title=\"De mi paso por la vida\" href=\"http:\/\/www.casadellibro.com\/libro-de-mi-paso-por-la-vida\/2900001315149\">De mi paso por la vida<\/a>, donde se concentran parte de sus memorias.<\/p>\n<p>En su estrategia contra el r\u00e9gimen Cerrada no era partidario ni de atracos o secuestros, que seg\u00fan su teor\u00ed\u00ada desgastaban las fuerzas de los resistentes. Centraba toda su atenci\u00f3n en la falsificaci\u00f3n de documentos: pasaportes, fondos del tesoro franc\u00e9s y papel moneda. Lleg\u00f3 a Falsificar tambi\u00e9n billetes de la loter\u00ed\u00ada nacional y en una ocasi\u00f3n, por pura diversi\u00f3n, lleg\u00f3 a duplicar todo el billetaje de la plaza de toros de Nimes con ocasi\u00f3n de una importante corrida y se sent\u00f3 con unos amigos en una terraza en frente del foso taurina para disfrutar del inmenso caos que se form\u00f3 a la hora de empezar la corrida.<\/p>\n<p>Pero estaba claro que\u00a0 su m\u00e9todo y su red ilegal no eran bien vistos en el seno del Movimiento Libertario en el exilio. Los hist\u00f3ricos de la CNT y la FAI reprochaban a Cerrada que sus actividades, adem\u00e1s de llenar de oprobio la imagen de la organizaci\u00f3n, podr\u00ed\u00adan suponer su ilegalizaci\u00f3n por parte de las autoridades francesas.<br \/>\nSu buena estrella se apago en 1950 cuando fue detenido en posesi\u00f3n de moneda falsa. Poco despu\u00e9s de su encarcelamiento la polic\u00ed\u00ada francesa inicia una redada de dimensiones colosales tras un atrac\u00f3 perpetrado en Ly\u00f3n en el que tras un tiroteo son abatidos dos polic\u00ed\u00adas. Inmediatamente despu\u00e9s se realizar\u00e1n innumerables detenciones entre las que se encuentran, entre otros, Jose Peirats, secretario general de la CNT, e incluso el m\u00ed\u00adtico guerrillero<a title=\"Quico Sabat\u00e9\" href=\"http:\/\/es.wikipedia.org\/wiki\/Francesc_Sabat%C3%A9\"> Quico Sabat\u00e9<\/a>, que ser\u00e1 brutalmente torturado. En los arrestos y registros los servicios secretos franceses se encontrar\u00e1n con m\u00e1s de una sorpresa.<br \/>\nFebrero de 1951 marca la debacle del &#8220;imperio de Cerrada&#8221;\u009d pues la polic\u00ed\u00ada destapa todas sus empresas. La sorpresa may\u00fascula se la llevar\u00e1n cuando en una de sus pesquisas descubren, abandonada en el aer\u00f3dromo de Guyancourt, la avioneta con la que se hab\u00ed\u00ada llevado a cabo\u00a0 a\u00f1os atr\u00e1s el atentado fallido contra Franco.<br \/>\nLa situaci\u00f3n penal de Laureano Cerrada se agrava y el nuevo esc\u00e1ndalo que le salpica es aireado a todo trapo por la prensa francesa. Paralelamente es expulsado del Movimiento Libertario por &#8220;unanimidad y de forma irrevocable&#8221;\u009d por sus m\u00e9todos inadmisibles.<\/p>\n<p>Tras pasar varios a\u00f1os en la prisi\u00f3n de Evreux Cerrada lograr\u00e1 rehacer su imperio, aunque sus dimensiones ser\u00e1n ostensiblemente m\u00e1s reducidas. A pesar de que esta oficialmente fuera de la CNT nunca dejar\u00e1 de colaborar con grupos aut\u00f3nomos de libertarios que hostigan al franquismo, e incluso, colaborar\u00e1 de forma secreta con <a title=\"Defensa Interior\" href=\"http:\/\/diariodevurgos.com\/dvwps\/defensa-interior-y-el-grupo-anarquista-primero-de-mayo.php\">Defensa Interior<\/a>, el organismo conspirativo que desde principios de la d\u00e9cada de los sesenta realiza acciones contra el r\u00e9gimen y elabora varios atentados fallidos contra Franco.<\/p>\n<p>Fuera de la c\u00e1rcel extender\u00e1 su red de contactos a determinados medios del milieu (la mafia francesa), y aqu\u00ed\u00ad es donde algunos testimonios sit\u00faan la clave de su muerte.<br \/>\nEn su biograf\u00ed\u00ada se acumulan dos detenciones m\u00e1s, siempre bajo la misma acusaci\u00f3n de falsificaci\u00f3n. En 1957 es detenido en posesi\u00f3n de\u00a0 unos dudosos marcos alemanes, y posteriormente es nuevamente arrestado a la edad de sesenta y ocho a\u00f1os, al destaparse una red que se dedicaba a falsificar documentos de identidad franceses y permisos de conducir.<br \/>\n<em>&#8220;Despu\u00e9s de nueve a\u00f1os los investigadores han tratado de identificar a Cerrada. Sin embargo ninguna de las personas en posesi\u00f3n de los documentos falsos parece conocer al impresor&#8221;\u009d <\/em>publicada el diario <em>&#8220;Le Monde&#8221;\u009d<\/em> el 2 de junio de 1970.<\/p>\n<p>En agosto de 1974 recuperar\u00e1 la libertad, el falsificador incansable desconoce que dos a\u00f1os despu\u00e9s la muerte acudir\u00e1 a visitarlo en una cafeter\u00ed\u00ada de Par\u00ed\u00ads.<\/p>\n<p><strong>El rompecabezas de la muerte de Laureano Cerrada<\/strong><\/p>\n<p>\u00bfQui\u00e9n tendr\u00ed\u00ada necesidad de asesinar a un apacible anciano de 73 a\u00f1os?. Un pensamiento similar pudo pasarse por la cabeza de aquellos que presenciaron como aquella fr\u00ed\u00ada ma\u00f1ana de octubre un cuerpo inerte quedaba tendido sobre la acera. Momentos antes el viejo falsificador hab\u00ed\u00ada mantenido una conversaci\u00f3n con su asesino en el interior de la parisina cafeter\u00ed\u00ada Europa.<\/p>\n<p>-\u00bfAqu\u00ed\u00ad o afuera?<br \/>\n-Fuera&#8230;aqu\u00ed\u00ad hay amigos a los que no quiero meter en un l\u00ed\u00ado.<\/p>\n<p>Despu\u00e9s el sonido inconfundible de las armas de fuego. Un disparo, quiz\u00e1s dos, puede que a quemaropa, y la sangre roja que empapa\u00a0 los cad\u00e1veres a los que el \u00faltimo suspiro de vida se\u00a0 escapa por\u00a0 la comisura de los labios.<\/p>\n<p>\u00bfPor qu\u00e9 el asesino de Cerrada eligi\u00f3 un lugar tan concurrido para dispararle? \u00bfPor qu\u00e9 pareci\u00f3 no importarle que le reconocieran?<\/p>\n<p>Cuando era apenas un adolescente cay\u00f3 en mis manos el libro <a title=\"Lucio\" href=\"http:\/\/es.wikipedia.org\/wiki\/Lucio_Urtubia\">Lucio, el anarquista irreductible<\/a>, entre las aventuras que nos narra su protagonista, Lucio Urtubia,\u00a0 se encuentran los hechos que rodearon el asesinato del que parece que pudo ser su mentor en el arte de la falsificaci\u00f3n. Con un escueto <em>&#8220;se dej\u00f3 hipotecar&#8221;\u009d<\/em> Lucio ventila el asunto. Pero \u00bfpor qui\u00e9n o quienes seg\u00fan el anarquista de Cascante se dejo hipotecar Cerrada? Demasiados interrogantes sobre el cad\u00e1ver todav\u00ed\u00ada caliente del viejo Cerrada.<\/p>\n<p><img loading=\"lazy\" class=\"alignleft size-full wp-image-3713\" title=\"0165\" src=\"http:\/\/diariodevurgos.com\/dvwps\/wp-content\/uploads\/2009\/10\/0165.gif\" alt=\"0165\" width=\"134\" height=\"200\" \/>La muerte de Laureano Cerrada coincide cronol\u00f3gicamente con la parte final del\u00a0 trabajo de investigaci\u00f3n del periodista <strong>Eliseo Bayo<\/strong> en la<em> &#8220;Gaceta Ilustrada&#8221;\u009d <\/em>. Es en esta publicaci\u00f3n donde aparecer\u00e1n\u00a0 los trabajos period\u00ed\u00adsticos que despu\u00e9s ser\u00e1n recopilados en el libro <a title=\"Los atentados contra Franco\" href=\"http:\/\/www.iberlibro.com\/atentados-contra-Franco-Bayo-Eliseo-Editorial\/868900752\/bd\">Los atentados contra Franco<\/a>. Parece ser que Eliseo Bayo hab\u00ed\u00ada convencido a Laureano para que redactara sus memorias, el &#8220;universo Cerrada&#8221;\u009d daba mucho m\u00e1s que para unos pocos art\u00ed\u00adculos period\u00ed\u00adsticos.\u00a0 Hab\u00ed\u00adan pasado tres d\u00ed\u00adas juntos y, a pesar de que seg\u00fan cuenta <a title=\"Lu\u00ed\u00ads Andr\u00e9s Edo\" href=\"http:\/\/www.alasbarricadas.org\/noticias\/?q=node\/9851\">Luis Andr\u00e9s Edo<\/a> su primer encuentro no estuvo exento de roces, congeniaron muy bien. El periodista y el veterano libertario se citaron para seis semanas despu\u00e9s.\u00a0 Mientras Bayo se tomar\u00ed\u00ada quince d\u00ed\u00adas para plasmar en un libro toda la historia vivencial y militante que atesoraba Cerrada.<br \/>\nEn este sentido Edo afirma que &#8220;es en esta iniciativa donde se sit\u00faa el error que condujo a Cerrada a la muerte, y que solo \u00e9l\u00a0 (Cerrada)hubiera podido prever&#8221;\u009d<\/p>\n<p>Durante algunos d\u00ed\u00adas el mismo Cerrada registr\u00f3 su voz en un magnet\u00f3fono pero desisti\u00f3 a la espera de que Eliseo Bayo\u00a0 llegar\u00e1 a Paris.\u00a0 La muerte violenta de Cerrada impidi\u00f3 que el proyecto se materializase.<\/p>\n<p>El propio Eliseo Bayo realiz\u00f3 una investigaci\u00f3n in situ y sus resultados fueron divulgados por la <em>&#8220;Gaceta Ilustrada&#8221;\u009d<\/em> llegando incluso a revelar el nombre del supuesto asesino: Ram\u00f3n Benich\u00f3 Canuda, alias <em>Ram\u00f3n Leriles<\/em>. Sin embargo, la polic\u00ed\u00ada no llego a la misma conclusi\u00f3n pues, despu\u00e9s de interrogar al <em>Leriles<\/em>, lo puso en libertad, huyendo posteriormente a Canad\u00e1.<\/p>\n<p>Ram\u00f3n Benich\u00f3, espa\u00f1ol de 52 a\u00f1os, hab\u00ed\u00ada pertenecido tiempo atr\u00e1s a la CNT,\u00a0 tras pasar por la c\u00e1rcel se hab\u00ed\u00ada integrado de pleno en la mafia francesa. Existen testimonios que apuntan que\u00a0 adem\u00e1s de <em>Leriles<\/em> (chivato), a Benich\u00f3 se le atribuye tambi\u00e9n el apodo de <em>&#8220;El Caid del Pigale&#8221;\u009d<\/em>.\u00a0 Bayo relata que su enfrentamiento con Cerrada pueda remontarse a la primera detenci\u00f3n de este en 1950 por una posible delaci\u00f3n. \u00bfTuvo algo que ver el tal Leriles?<\/p>\n<p>Un d\u00ed\u00ada antes de que el <em>Leriles<\/em> disparase a quemarropa al viejo falsificador, la Gaceta Ilustrada hab\u00ed\u00ada publicado el art\u00ed\u00adculo referido al atentado fallido contra Franco en la Bah\u00ed\u00ada de la Concha de San Sebasti\u00e1n. \u00bfEs simplemente una casualidad o al muerte de Cerrada guarda relaci\u00f3n con la divulgaci\u00f3n de este hecho en la prensa espa\u00f1ola?<\/p>\n<p>En <em>Los atentados contra Franco<\/em> Eliseo Bayo desarrolla var\u00ed\u00adas hip\u00f3tesis sobre el asesinato de Cerrada. Mientras Bayo llegaba a Paris para ponerse a trabajar en el proyecto de las\u00a0 memorias de Cerrada, este por su parte encarg\u00f3 al joven abogado de Par\u00ed\u00ads, Nicolas Reveillard, el rescate de un dossier de m\u00e1s de mil quinientos folios que deber\u00ed\u00ada ser sustra\u00ed\u00addo del Palacio de Justicia. Una pr\u00e1ctica que algunos secretarios judiciales aceptaban previo pago de una nada desde\u00f1osa minuta. Laureano pag\u00f3 tres mil francos y espero sin inquietarse.<br \/>\nSeg\u00fan el relato de Bayo en dicho dossier se encontraba la prueba de la posible delaci\u00f3n que, seg\u00fan la hip\u00f3tesis del periodista, conten\u00ed\u00ada la prueba de que el atentado contra Franco hab\u00ed\u00ada fracasado por una delaci\u00f3n. Bayo apunta como principal sospechoso de la delaci\u00f3n a Primitivo P\u00e9rez, piloto de la avioneta. Por su parte <a title=\"Antonio T\u00e9llez\" href=\"http:\/\/es.wikipedia.org\/wiki\/Antonio_T%C3%A9llez\">Antonio T\u00e9llez<\/a> en\u00a0 <em>Historia de una atentado a\u00e9reo contra Franco<\/em>,\u00a0 refuta con diversas pruebas esta hip\u00f3tesis, se\u00f1alando que el atentado fracas\u00f3 porque la avioneta Norecrin fue descubierta por la aviaci\u00f3n espa\u00f1ola.<\/p>\n<p>\u00bfQu\u00e9 conten\u00ed\u00ada ese misterioso dossier?<br \/>\n<img loading=\"lazy\" class=\"alignright size-medium wp-image-3714\" title=\"82436_Portada_Cerrada_03\" src=\"http:\/\/diariodevurgos.com\/dvwps\/wp-content\/uploads\/2009\/10\/82436_Portada_Cerrada_03-205x300.jpg\" alt=\"82436_Portada_Cerrada_03\" width=\"205\" height=\"300\" srcset=\"https:\/\/diariodevurgos.com\/dvwps\/wp-content\/uploads\/2009\/10\/82436_Portada_Cerrada_03-205x300.jpg 205w, https:\/\/diariodevurgos.com\/dvwps\/wp-content\/uploads\/2009\/10\/82436_Portada_Cerrada_03.jpg 213w\" sizes=\"(max-width: 205px) 100vw, 205px\" \/>En la novela <em><a title=\"Laureano Cerrada el empresario anarquista\" href=\"http:\/\/blogs.larioja.com\/ciudaddelhombre\/2009\/5\/5\/-laureano-cerrada-empresario-anarquista-cesar-galiano\">Laureano Cerrada, el empresario anarquista<\/a>,<\/em> <strong>Cesar Galiano<\/strong>, retomando la hip\u00f3tesis de Bayo, se\u00f1ala que quiz\u00e1s en ese abundante dossier se albergarse el nombre de otros posibles delatores. Siguiendo esta versi\u00f3n, Ram\u00f3n Benich\u00f3 actua para que ese dossier jam\u00e1s llegase a las manos de Cerrada.<\/p>\n<p>Pero hay un hecho que no cuadra en esta historia, Cerrada sab\u00ed\u00ada de sobra que Nicolas Reveillard era intimo amigo del Leriles. Ponerse directamente en contacto con este letrado supondr\u00ed\u00ada un riesgo incalculable. \u00bfBuscaba Cerrada inmolarse? \u00bfB\u00fascaba una muerte teatral digna de su envergadura?. Personalmente no lo creo, y este es el principal punto oscuro que rodea su muerte.<\/p>\n<p>Aquella ma\u00f1a del 18 de octubre de 1976 Cerrada telefone\u00f3 al joven abogado parisino desde la cafeter\u00ed\u00ada Europa. Poco despu\u00e9s por la puerta\u00a0 hac\u00ed\u00ada aparici\u00f3n Ram\u00f3n Benich\u00f3, alias Leriles, quien saludo de forma ostensible a los parroquianos del local. No existe una explicaci\u00f3n convincente sobre este hecho: \u00bfqu\u00e9 hizo que el asesino acudiese a cara descubierta a la escena del crimen?<\/p>\n<p>Paralelamente Bayo desliza la hip\u00f3tesis de la participaci\u00f3n de los servicios secretos en la muerte de Cerrada. Seg\u00fan esta versi\u00f3n, los servicios policiales habr\u00ed\u00adan hecho pasar por un ajuste de cuentas entre mafiosos, lo que en realidad supon\u00ed\u00ada la liquidaci\u00f3n de una importante fuente de documentaci\u00f3n. De esta manera se evitan las hipot\u00e9ticas especulaciones pol\u00ed\u00adticas sobre la muerte de Cerrada.<br \/>\n<img loading=\"lazy\" class=\"alignleft size-medium wp-image-3722\" title=\"9788484604037\" src=\"http:\/\/diariodevurgos.com\/dvwps\/wp-content\/uploads\/2009\/10\/97884846040371-188x300.jpg\" alt=\"9788484604037\" width=\"115\" height=\"185\" \/>Ahondando en esta misma l\u00ed\u00adnea se sit\u00faa el testimonio que <a title=\"Staurt Christie\" href=\"http:\/\/es.wikipedia.org\/wiki\/Stuart_Christie\">Stuart Christie<\/a> recoge en su libro de memorias <em><a title=\"Franco me hizo terrorista\" href=\"http:\/\/www.lamalatesta.net\/francomehizoterrorista-p-1576.html\">Franco me hizo terrorista<\/a>. <\/em>El libertario de origen escoc\u00e9s plantea la &#8220;versi\u00f3n pol\u00ed\u00adtica&#8221;\u009d en el asesinato, en tanto que sugiere que Ram\u00f3n Benich\u00f3 trabajase para el Grupo Palad\u00ed\u00adn, una de las bandas secretas de pistoleros dirigidas por el jefe de la Brigada Pol\u00ed\u00adtico Social, Eduardo Blanco,\u00a0 que hab\u00ed\u00ada sido reclutada entre fascistas italianos y alemanes y estaba comandada por<a title=\"Coronel de las SS\" href=\"http:\/\/es.wikipedia.org\/wiki\/Otto_Skorzeny\"> Otto Skorzeny<\/a>, alias <em>Caracortada<\/em>, un ex coronel de la SS radicado en Madrid.<\/p>\n<p>Por otra parte, <strong>Luis Andr\u00e9s Edo <\/strong>en <a title=\"La CNT en la encrucijada\" href=\"http:\/\/estelnegre.balearweb.net\/post\/27285\"><em>La CNT en la encrucijada. Aventuras de un heterodoxo<\/em><\/a>, aporta una nueva versi\u00f3n que, en lo esencial, no difiere de la de Bayo, aun cuando a\u00f1ade un nuevo matiz al asesinato de Cerrada.<br \/>\nEn su libro Edo se\u00f1ala que el propio Cerrada le explic\u00f3 que Ram\u00f3n Benich\u00f3, alias Leriles, al integrarse en la mafia francesa se hab\u00ed\u00ada especializado en la explotaci\u00f3n de meretrices, lo que viene a llamarse un vulgar &#8220;chulo de putas&#8221;\u009d que en aquella \u00e9poca en Francia funcionaba como una autentica industria. Como\u00a0 negocio delictivo necesitaba obvia el amparo y la protecci\u00f3n de la polic\u00ed\u00ada, y es entre los &#8220;explotadores del sexo&#8221;\u009d donde esta encontraba su principal red de informadores.<br \/>\n<img loading=\"lazy\" class=\"alignright size-full wp-image-3723\" title=\"Edo y libro\" src=\"http:\/\/diariodevurgos.com\/dvwps\/wp-content\/uploads\/2009\/10\/Edo-y-libro1.jpg\" alt=\"Edo y libro\" width=\"207\" height=\"164\" \/>Cerrada siempre se hab\u00ed\u00ada manifestado en contra de este sector de delincuentes que de sobra hab\u00ed\u00ada conocido en las c\u00e1rceles francesas, relatando a Edo como siempre habr\u00ed\u00ada salido en defensa de los delincuentes m\u00e1s &#8220;dignos&#8221;\u009d al denunciar p\u00fablicamente al n\u00facleo de confidentes &#8220;explotadores del sexo&#8221;\u009d.<br \/>\nLuis Andr\u00e9s Edo relata que Cerrada se habr\u00ed\u00ada jurado a si mismo &#8220;enderezar un tal entuerto&#8221;\u009d, que &#8220;en realidad significaba correr mayor peligro que el que corr\u00ed\u00ada Sancho Panza al acompa\u00f1ar al hidalgo de la Triste Figura&#8221;\u009d<\/p>\n<p>El protagonista del sumario se habr\u00ed\u00ada presentado ante Cerrada para espetarle &#8220;ya se que para que quieres el sumario. He le\u00ed\u00addo el reportaje de Intervi\u00fa que te ha hecho un tal Eliseo Bayo. T\u00fa quieres denunciarnos a trav\u00e9s de la prensa espa\u00f1ola&#8221;\u009d.<\/p>\n<p>As\u00ed\u00ad comenz\u00f3 la discusi\u00f3n que acabar\u00ed\u00ada con los dos tiros\u00a0 quemarropa y cuerpo\u00a0 de Cerrada desangr\u00e1ndose sobre una acera de Par\u00ed\u00ads.<\/p>\n<p><strong>Pescador de agua dulce<\/strong><\/p>\n<p>Laureano Cerrada lleg\u00f3 puntual a su cita con Caronte. Qui\u00e9n sabe si\u00a0 el guas\u00f3n de Cerrada reserv\u00f3 uno de los billetes de su propia fabricaci\u00f3n para costear los servicios del barquero del reino de los muertos. Sin embargo, no pudo ajustar la cuenta pendiente que ten\u00ed\u00ada con el <em>pescador de agua dulce<\/em>, el propio general Franco. Casi un a\u00f1o antes el caudillo tambi\u00e9n hab\u00ed\u00ada concertado una cita, a la que su equipo m\u00e9dico se empecino en que llegara con retraso, con su propia Parca. Para Laureano estaba claro que, a pesar de mucho que lo hubiera intentado, el <em>pescador de agua dulce<\/em> hab\u00ed\u00ada logrado que su &#8220;veinte de noviembre se convirtiese en su uno de abril&#8221;\u009d.<\/p>\n<p><strong>Modesto Agust\u00ed\u00ad<\/strong><br \/>\n<em>Corresponsal de DV<\/em><\/p>\n<p><strong>Referencias bibliogr\u00e1ficas<\/strong><br \/>\n&#8211;\u00a0\u00a0 \u00a0Bayo, Eliseo, <em>Los atentados contra Franco<\/em>, Plaza &amp; Janes editores, Barcelona, 1976<br \/>\n&#8211;\u00a0\u00a0 \u00a0Thomas Bernard, <em>Lucio el anarquista irreductible<\/em>, Ediciones B, Barcelona 2001.<br \/>\n&#8211;\u00a0\u00a0 \u00a0Edo, Lu\u00ed\u00ads Andr\u00e9s, <em>La CNT en la encrucijada. Aventuras de un heterodoxo<\/em>. Flor del Viento Ediciones, Barcelona, 2006<br \/>\n&#8211;\u00a0\u00a0 \u00a0Galiano, C\u00e9sar, <em>Laureano Cerrada, el empresario anarquista,<\/em> Pepitas de Calabaza, Logro\u00f1o, 2009<br \/>\n&#8211;\u00a0\u00a0 \u00a0T\u00e9llez Sol\u00e1, Antonio, <em>Historia de un atentado a\u00e9reo contra el General Franco<\/em>, Editorial Virus, Barcelona, 1993<br \/>\n&#8211;\u00a0\u00a0 \u00a0Christie, Stuart, <em>Franco me hizo terrorista. Memorias del anarquista que quiso matar a Franco<\/em>. Temas de Hoy, Madrid 2005.<br \/>\n&#8211;\u00a0\u00a0 \u00a0Lozano Domingo, Irene,<em> Federica Montseny<\/em>.<em> Una anarquista en el poder<\/em>, Espasa Calp\u00e9, Madrid, 2004.<br \/>\n&#8211;\u00a0\u00a0 \u00a0Peirats Valls, Joseph, <em>De mi paso por la vida,<\/em> Flor del Viento Ediciones, Barcelona, 2009.<br \/>\n&#8211;\u00a0\u00a0 \u00a0Documental <em>Los que quisieron matar a Franco<\/em>, dirigido por Pedro Costa, 2006.<br \/>\n&#8211;\u00a0\u00a0 \u00a0Entrevista personal con el investigador que prepara el trabajo sobre Laureano Cerrada. Verano de 2009.<\/p>\n","protected":false},"excerpt":{"rendered":"<p>El 18 de octubre de 1976 Laureano Cerrada Santos, uno de los personajes m\u00e1s apasionantes del exilio antifranquista, ca\u00ed\u00ada acribillado a balazos en el boulevard Bellvile de Par\u00ed\u00ads. Su cuerpo qued\u00f3 tendido justo en frente de la cafeter\u00ed\u00ada donde hab\u00ed\u00ada concertado la que ser\u00ed\u00ada, a la postre, su \u00faltima cita. Todav\u00ed\u00ada hoy, pasados m\u00e1s de&#8230;  <a href=\"https:\/\/diariodevurgos.com\/dvwps\/el-hombre-que-mato-a-laureano-cerrada.php\" class=\"more-link\" title=\"Read El hombre que mat\u00f3 a Laureano Cerrada\">Read more &raquo;<\/a><\/p>\n","protected":false},"author":2,"featured_media":0,"comment_status":"open","ping_status":"closed","sticky":false,"template":"","format":"standard","meta":[],"categories":[6,30],"tags":[],"_links":{"self":[{"href":"https:\/\/diariodevurgos.com\/dvwps\/wp-json\/wp\/v2\/posts\/3709"}],"collection":[{"href":"https:\/\/diariodevurgos.com\/dvwps\/wp-json\/wp\/v2\/posts"}],"about":[{"href":"https:\/\/diariodevurgos.com\/dvwps\/wp-json\/wp\/v2\/types\/post"}],"author":[{"embeddable":true,"href":"https:\/\/diariodevurgos.com\/dvwps\/wp-json\/wp\/v2\/users\/2"}],"replies":[{"embeddable":true,"href":"https:\/\/diariodevurgos.com\/dvwps\/wp-json\/wp\/v2\/comments?post=3709"}],"version-history":[{"count":8,"href":"https:\/\/diariodevurgos.com\/dvwps\/wp-json\/wp\/v2\/posts\/3709\/revisions"}],"predecessor-version":[{"id":3721,"href":"https:\/\/diariodevurgos.com\/dvwps\/wp-json\/wp\/v2\/posts\/3709\/revisions\/3721"}],"wp:attachment":[{"href":"https:\/\/diariodevurgos.com\/dvwps\/wp-json\/wp\/v2\/media?parent=3709"}],"wp:term":[{"taxonomy":"category","embeddable":true,"href":"https:\/\/diariodevurgos.com\/dvwps\/wp-json\/wp\/v2\/categories?post=3709"},{"taxonomy":"post_tag","embeddable":true,"href":"https:\/\/diariodevurgos.com\/dvwps\/wp-json\/wp\/v2\/tags?post=3709"}],"curies":[{"name":"wp","href":"https:\/\/api.w.org\/{rel}","templated":true}]}}