{"id":3755,"date":"2009-11-01T15:05:43","date_gmt":"2009-11-01T14:05:43","guid":{"rendered":"http:\/\/diariodevurgos.com\/dvwps\/?p=3755"},"modified":"2009-11-01T15:09:15","modified_gmt":"2009-11-01T14:09:15","slug":"un-anarquista-en-el-penal-de-burgos","status":"publish","type":"post","link":"https:\/\/diariodevurgos.com\/dvwps\/un-anarquista-en-el-penal-de-burgos.php","title":{"rendered":"Un anarquista en el penal de Burgos"},"content":{"rendered":"<p class=\"lead\"><img loading=\"lazy\" class=\"alignright size-medium wp-image-3756\" title=\"busquets_verges_juan_19701\" src=\"http:\/\/diariodevurgos.com\/dvwps\/wp-content\/uploads\/2009\/11\/busquets_verges_juan_19701-227x300.jpg\" alt=\"busquets_verges_juan_19701\" width=\"157\" height=\"210\" \/>Una nueva emisi\u00f3n de <a title=\"Radio Ondaexpansiva\" href=\"http:\/\/ondaexpansiva.net\/?p=328\">Radio Ondaexpansiva <\/a>que nos acerca a la historia de la resistencia libertaria contra el franquismo. La radio libre burgalesa nos ofrece una entrevista con<strong> Juan Busquets<\/strong>, un anarquista catal\u00e1n que transcurri\u00f3 veinte a\u00f1os en las c\u00e1rceles de Franco, algunos de los cueles en el tristemente celebre <strong>penal de Burgos<\/strong>, denominado entre los reclusos la<em> universidad<\/em> por la cantidad de presos pol\u00ed\u00adticos que albergaba en la \u00e9poca.\u00a0 Pero las peripecias de este libertario no terminan en Burgos,\u00a0 en octubre de 1976\u00a0 es detenido en Par\u00ed\u00ads con motivo de la visita de <strong>Juan Carlos I <\/strong>a Francia, y junto con otros libertarios es deportado a una isla de la costa atl\u00e1ntica hasta que el rey de Espa\u00f1a finalice su visita.<\/p>\n<p><!--more--><\/p>\n","protected":false},"excerpt":{"rendered":"<p>Una nueva emisi\u00f3n de Radio Ondaexpansiva que nos acerca a la historia de la resistencia libertaria contra el franquismo. La radio libre burgalesa nos ofrece una entrevista con Juan Busquets, un anarquista catal\u00e1n que transcurri\u00f3 veinte a\u00f1os en las c\u00e1rceles de Franco, algunos de los cueles en el tristemente celebre penal de Burgos, denominado entre&#8230;  <a href=\"https:\/\/diariodevurgos.com\/dvwps\/un-anarquista-en-el-penal-de-burgos.php\" class=\"more-link\" title=\"Read Un anarquista en el penal de Burgos\">Read more &raquo;<\/a><\/p>\n","protected":false},"author":2,"featured_media":0,"comment_status":"open","ping_status":"closed","sticky":false,"template":"","format":"standard","meta":[],"categories":[2,6,23],"tags":[],"_links":{"self":[{"href":"https:\/\/diariodevurgos.com\/dvwps\/wp-json\/wp\/v2\/posts\/3755"}],"collection":[{"href":"https:\/\/diariodevurgos.com\/dvwps\/wp-json\/wp\/v2\/posts"}],"about":[{"href":"https:\/\/diariodevurgos.com\/dvwps\/wp-json\/wp\/v2\/types\/post"}],"author":[{"embeddable":true,"href":"https:\/\/diariodevurgos.com\/dvwps\/wp-json\/wp\/v2\/users\/2"}],"replies":[{"embeddable":true,"href":"https:\/\/diariodevurgos.com\/dvwps\/wp-json\/wp\/v2\/comments?post=3755"}],"version-history":[{"count":2,"href":"https:\/\/diariodevurgos.com\/dvwps\/wp-json\/wp\/v2\/posts\/3755\/revisions"}],"predecessor-version":[{"id":3758,"href":"https:\/\/diariodevurgos.com\/dvwps\/wp-json\/wp\/v2\/posts\/3755\/revisions\/3758"}],"wp:attachment":[{"href":"https:\/\/diariodevurgos.com\/dvwps\/wp-json\/wp\/v2\/media?parent=3755"}],"wp:term":[{"taxonomy":"category","embeddable":true,"href":"https:\/\/diariodevurgos.com\/dvwps\/wp-json\/wp\/v2\/categories?post=3755"},{"taxonomy":"post_tag","embeddable":true,"href":"https:\/\/diariodevurgos.com\/dvwps\/wp-json\/wp\/v2\/tags?post=3755"}],"curies":[{"name":"wp","href":"https:\/\/api.w.org\/{rel}","templated":true}]}}