{"id":3817,"date":"2009-11-11T09:00:26","date_gmt":"2009-11-11T08:00:26","guid":{"rendered":"http:\/\/diariodevurgos.com\/dvwps\/?p=3817"},"modified":"2009-11-12T17:53:02","modified_gmt":"2009-11-12T16:53:02","slug":"charla-sobre-las-cadenas-perpetuas-encubiertas","status":"publish","type":"post","link":"https:\/\/diariodevurgos.com\/dvwps\/charla-sobre-las-cadenas-perpetuas-encubiertas.php","title":{"rendered":"Charla sobre las &#8220;cadenas perpetuas encubiertas&#8221;"},"content":{"rendered":"<p class=\"lead\"><img loading=\"lazy\" class=\"alignright size-full wp-image-3819\" title=\"cartel cadenas perpetuas2\" src=\"http:\/\/diariodevurgos.com\/dvwps\/wp-content\/uploads\/2009\/11\/cartel-cadenas-perpetuas2.jpg\" alt=\"cartel cadenas perpetuas2\" width=\"134\" height=\"81\" srcset=\"https:\/\/diariodevurgos.com\/dvwps\/wp-content\/uploads\/2009\/11\/cartel-cadenas-perpetuas2.jpg 349w, https:\/\/diariodevurgos.com\/dvwps\/wp-content\/uploads\/2009\/11\/cartel-cadenas-perpetuas2-300x183.jpg 300w\" sizes=\"(max-width: 134px) 100vw, 134px\" \/>Charla en <a href=\"http:\/\/diariodevurgos.com\/dvwps\/category\/la-maldita\" target=\"_blank\">La Maldita<\/a>, c\/las escuela n\u00ba 8A del pueblo de gamonal, sobre las cadenas perpetuas encubiertas en las c\u00e1rceles democr\u00e1ticas, el pr\u00f3ximo <strong>Lunes<\/strong> 16 de noviembre a las <strong>18:00 h.<\/strong><\/p>\n<p><!--more--><img loading=\"lazy\" class=\"aligncenter size-full wp-image-3818\" title=\"cartel cadenas perpetuas1\" src=\"http:\/\/diariodevurgos.com\/dvwps\/wp-content\/uploads\/2009\/11\/cartel-cadenas-perpetuas1.jpg\" alt=\"cartel cadenas perpetuas1\" width=\"351\" height=\"496\" srcset=\"https:\/\/diariodevurgos.com\/dvwps\/wp-content\/uploads\/2009\/11\/cartel-cadenas-perpetuas1.jpg 351w, https:\/\/diariodevurgos.com\/dvwps\/wp-content\/uploads\/2009\/11\/cartel-cadenas-perpetuas1-212x300.jpg 212w\" sizes=\"(max-width: 351px) 100vw, 351px\" \/><\/p>\n<h3><strong>Charla informativa sobre la campa\u00f1a contra las cadenas perpetuas encubiertas en el Estado Espa\u00f1ol ( Diciembre 2008- Marzo 2009)<\/strong><\/h3>\n<p>A principios de 2007, tiene lugar en Italia una campa\u00f1a que surge por iniciativa de unxs presxs condenadxs a &#8220;ergastolo&#8221;\u009d ( cadena perpetua italiana que se revisa a los 26 a\u00f1os). Esta campa\u00f1a recibi\u00f3 el nombre de &#8220;Mai dire mai&#8221;\u009d ( nunca digas nunca) y en ella participaron unxs 800 ergastolanxs y mas de 1300 personas, entre otrxs presxs, familiares y solidarixs contra la pena del ergastolo, llevando a cabo una huelga de hambre que dur\u00f3 14 d\u00ed\u00adas en Diciembre de 2007.<\/p>\n<p>Ante la existencia de cadenas perpetuas legales o encubiertas en toda la Uni\u00f3n Europea, lxs ergastolanxs lanzaron el pasado a\u00f1o, una nueva propuesta de movilizaci\u00f3n, pero esta vez a nivel europeo contra este tipo de penas, y que durar\u00ed\u00ada desde el 1 de Diciembre de 2008 hasta el 16de marzo de 2009. Esta propuesta, fue recogida por algunxs presxs en el Estado Espa\u00f1ol, que quisieron, por un lado, solidarizarse con lxs ergastolanxs, y por otro impulsar una campa\u00f1a espec\u00ed\u00adfica contra las cadenas perpetuas encubiertas que sufren, a d\u00ed\u00ada de hoy, muchos de lxs presxs que se encuentran secuestradxs en las c\u00e1rceles espa\u00f1olas ( caso de Amadeu Casellas, Joaqu\u00ed\u00adn Garc\u00e9s Villacampa, Manuel Pinte\u00f1o, Antonio Porto Mart\u00ed\u00adn, etc.). Fueron entre 30 y 35 lxs presxs que en el Estado espa\u00f1ol se sumaron a esta lucha haciendo ayunos, huelgas de patio, etc., pero las\u00a0 represalias no tardaron en llegar a gran cantidad de lxs compa\u00f1erxs repartidxs en prisiones como Topas, C\u00f3rdoba, Puerto III, Madrid II, Algeciras&#8230;<br \/>\n<strong> <\/strong><\/p>\n<h3><\/h3>\n<h3><strong>Sobre las cadenas perpetuas encubiertas<\/strong><\/h3>\n<p>En un sentido estricto la cadena perpetua es aquella pena que dura toda la vida del condenado, aunque por extensi\u00f3n tambi\u00e9n se suele aplicar a aquellas penas de m\u00e1s de 20 a\u00f1os de prisi\u00f3n por considerarse que un periodo tal privado de libertad produce graves secuelas psicol\u00f3gicas y f\u00ed\u00adsicas, inaceptables desde un punto de vista humanitario.<\/p>\n<p>En la Uni\u00f3n Europea te\u00f3ricamente no existe la cadena perpetua entendida como condena de por vida, ya que en todos los pa\u00ed\u00adses se contempla la revisi\u00f3n de la condena y la posibilidad de concesi\u00f3n de la libertad vigilada pasado un plazo de tiempo, lo que se denomina &#8220;cadena perpetua revisable&#8221;\u009d. Este plazo l\u00ed\u00admite var\u00ed\u00ada de unos estados a otros: 26 a\u00f1os en Italia, 20\/25 a\u00f1os en Gran Breta\u00f1a, 20 a\u00f1os en Grecia, 15 a\u00f1os en Francia, Alemania, Austria y Suiza, 12 a\u00f1os en Dinamarca y 7 a\u00f1os en Irlanda.<\/p>\n<p>En el estado espa\u00f1ol la cadena perpetua no est\u00e1 contemplada por la legislaci\u00f3n y la mayor\u00ed\u00ada de juristas consideran su implantaci\u00f3n incompatible con los principios de la Constituci\u00f3n Espa\u00f1ola (1978) relativos al fin resocializador y reinsertador de las penas de prisi\u00f3n, y la prohibici\u00f3n de penas y tratos crueles e inhumanos. Estos argumentos esgrimidos contra la cadena perpetua son los mismos utilizados contra las reformas del C\u00f3digo Penal del a\u00f1o 2003 o la &#8220;Doctrina Parot&#8221;\u009d, que han establecido en el estado espa\u00f1ol la posibilidad legal de aplicar una cadena perpetua encubierta.<\/p>\n<p>&#8220;Doctrina Parot&#8221;\u009d del Tribunal Supremo (a\u00f1o 2006)<br \/>\nArtima\u00f1a judicial creada por la Audiencia Nacional y ratificada por el Tribunal Supremo, para quitar las redenciones de condena a pres@s pol\u00ed\u00adtic@s condenad@s con el C\u00f3digo Penal de 1973 (juzgad@s antes de la entrada en vigor del C\u00f3digo Penal de 1995). Consiste en aplicar las redenciones no al tope de condena establecido por los C\u00f3digos Penales de 1973 o de 1995, de 20-30 a\u00f1os, sino al total de condenas recibidas, con lo que en la pr\u00e1ctica supone eliminar dichas redenciones.<\/p>\n<p>A ra\u00ed\u00adz del caso Mari Luz y del circo medi\u00e1tico montado por la derecha con motivo de la excarcelaci\u00f3n de I\u00f1aki De Juana, se ha desarrollado en los medios de comunicaci\u00f3n espa\u00f1oles un falso debate cargado de hipocresia y cinismo en torno a la cadena perpetua y la aplicaci\u00f3n de medidas de control postcondena a &#8220;terroristas&#8221;\u009d y violadores. Ante la contundente y razonada oposici\u00f3n de las asociaciones de jueces y juristas y ciertos sectores del PSOE el debate fue desmontado debido a que lo \u00fanico que estaba quedando en evidencia era que en Espa\u00f1a existe una cadena perpetua encubierta m\u00e1s dura que ninguna de las cadenas perpetuas legales existentes en Europa.<\/p>\n","protected":false},"excerpt":{"rendered":"<p>Charla en La Maldita, c\/las escuela n\u00ba 8A del pueblo de gamonal, sobre las cadenas perpetuas encubiertas en las c\u00e1rceles democr\u00e1ticas, el pr\u00f3ximo Lunes 16 de noviembre a las 18:00 h.<\/p>\n","protected":false},"author":21,"featured_media":0,"comment_status":"closed","ping_status":"closed","sticky":false,"template":"","format":"standard","meta":[],"categories":[2,22,14,27,47],"tags":[],"_links":{"self":[{"href":"https:\/\/diariodevurgos.com\/dvwps\/wp-json\/wp\/v2\/posts\/3817"}],"collection":[{"href":"https:\/\/diariodevurgos.com\/dvwps\/wp-json\/wp\/v2\/posts"}],"about":[{"href":"https:\/\/diariodevurgos.com\/dvwps\/wp-json\/wp\/v2\/types\/post"}],"author":[{"embeddable":true,"href":"https:\/\/diariodevurgos.com\/dvwps\/wp-json\/wp\/v2\/users\/21"}],"replies":[{"embeddable":true,"href":"https:\/\/diariodevurgos.com\/dvwps\/wp-json\/wp\/v2\/comments?post=3817"}],"version-history":[{"count":5,"href":"https:\/\/diariodevurgos.com\/dvwps\/wp-json\/wp\/v2\/posts\/3817\/revisions"}],"predecessor-version":[{"id":3848,"href":"https:\/\/diariodevurgos.com\/dvwps\/wp-json\/wp\/v2\/posts\/3817\/revisions\/3848"}],"wp:attachment":[{"href":"https:\/\/diariodevurgos.com\/dvwps\/wp-json\/wp\/v2\/media?parent=3817"}],"wp:term":[{"taxonomy":"category","embeddable":true,"href":"https:\/\/diariodevurgos.com\/dvwps\/wp-json\/wp\/v2\/categories?post=3817"},{"taxonomy":"post_tag","embeddable":true,"href":"https:\/\/diariodevurgos.com\/dvwps\/wp-json\/wp\/v2\/tags?post=3817"}],"curies":[{"name":"wp","href":"https:\/\/api.w.org\/{rel}","templated":true}]}}