{"id":3984,"date":"2009-12-20T08:00:15","date_gmt":"2009-12-20T07:00:15","guid":{"rendered":"http:\/\/diariodevurgos.com\/dvwps\/?p=3984"},"modified":"2009-12-19T01:16:43","modified_gmt":"2009-12-19T00:16:43","slug":"nace-un-blog-de-difusion-en-palencia","status":"publish","type":"post","link":"https:\/\/diariodevurgos.com\/dvwps\/nace-un-blog-de-difusion-en-palencia.php","title":{"rendered":"Nace un blog de difusi\u00f3n en Palencia"},"content":{"rendered":"<p class=\"lead\"><img loading=\"lazy\" class=\"alignright size-full wp-image-3202\" title=\"megafono\" src=\"http:\/\/diariodevurgos.com\/dvwps\/wp-content\/uploads\/2009\/07\/megafono.jpg\" alt=\"megafono\" width=\"113\" height=\"111\" srcset=\"https:\/\/diariodevurgos.com\/dvwps\/wp-content\/uploads\/2009\/07\/megafono.jpg 400w, https:\/\/diariodevurgos.com\/dvwps\/wp-content\/uploads\/2009\/07\/megafono-300x294.jpg 300w\" sizes=\"(max-width: 113px) 100vw, 113px\" \/>Queremos apoyar este nuevo blog que da voz a traves de internet de las actividades, noticias y textos que aparezcan por Palencia. Para saber mas entrar en <a href=\"http:\/\/palenciainsurreccionalista.blogspot.com\/\" target=\"_blank\">Palencia insureccionalista<\/a>.<br \/>\nA continuaci\u00f3n varios textos interesantes desde Palencia.<\/p>\n<p><!--more--><\/p>\n<p><strong><a href=\"http:\/\/palenciainsurreccionalista.blogspot.com\/2009\/12\/texto-repartido-antes-de-que-salieran.html\" target=\"_blank\">Texto<\/a> repartido antes de que salieran los autobuses que iban a madrid a la manifestacion organizada por UGT Y CCOO en Palencia<\/strong><\/p>\n<p>Dado que los sindicatos fueron legalizados, su historia es la de la infamia. A ellos tan amantes de la memoria hist\u00f3rica les vamos a recordar algunos datos:<br \/>\nEl movimiento de huelgas que sacudi\u00f3 el pa\u00ed\u00ads entre enero y marzo del 76 se resolvi\u00f3 cuando el PCE y su sindicato, CC.OO principalmente, preocupados por hacerse un sitio en el &#8220;\u00e1mbito pol\u00ed\u00adtico&#8221;\u009d, las relucieron a huelgas yuxtapuestas y las liquidaron una a una con los m\u00e9todos que les son propios: violaci\u00f3n de los acuerdos asamblearios, enga\u00f1os manipulaciones. A pesar de la escasa implantaci\u00f3n de los sindicatos en aquellos a\u00f1os hay que reconocer que siempre emplean h\u00e1bilmente sus fuerzas, por peque\u00f1as que sean. Otro de los resultados de aquella huelga fue la p\u00e9rdida de la supremac\u00ed\u00ada de CC.OO y la consolidaci\u00f3n de las centrales de UGT y USO lo que obliga a los primeros a coordinarse conjuntamente con los segundos en la COS para &#8220;conseguir la unidad de acci\u00f3n entre las organizaciones que lo integran, o sea unir a los trabajadores tras los sindicatos. La polic\u00ed\u00ada terminaba en las calles lo que los sindicatos empezaban en las f\u00e1bricas. Pero el descontento continuaba agravado por la crisis. En 1977 un 60% de peque\u00f1as y medianas empresas ten\u00ed\u00adan dificultades financieras, se calculaba que en 1978 pod\u00ed\u00adan desaparecer diez mil empresas. Ante este panorama la patronal exig\u00ed\u00ada medidas que le permitiera mantener sus beneficios, a base de reducir los costes salariales. Era necesario obtener del gobierno la medida del despido libre y barato y pactar con los sindicatos el aplastamiento de la acci\u00f3n aut\u00f3noma de los trabajadores. Se firman los pactos de la Moncloa que inauguran el nuevo periodo de la pol\u00ed\u00adtica de colaboraci\u00f3n de clases. Estos pactos no fueron desautorizados por un movimiento generalizado de huelgas, como gobierno y sindicatos tem\u00ed\u00adan. Bien al contrario, se consolidan al celebrar las primeras elecciones sindicales. Estas decidieron la suerte de las asambleas. El protagonismo se desplaz\u00f3 hacia los delegados sindicales y de estos a las comisiones negociadoras de convenios en detrimento de los trabajadores. A partir de ese momento, los delegados de las comisiones, casi siempre sin ser elegidos, llevaran las negociaciones con la patronal, relegando la huelga a \u00faltimo recurso de presi\u00f3n.<\/p>\n<p>En septiembre de 1978 y a solo ocho meses de la firma de los pactos de la Moncloa estos se hab\u00ed\u00adan vuelto inservibles y la patronal presion\u00f3 para obtener una segunda devaluaci\u00f3n salarial. Los sindicatos aceptan la flexibilizaci\u00f3n y el tope salarial del 13% a cambio de una mayor intervenci\u00f3n en las f\u00e1bricas con el reconocimiento y dotaci\u00f3n de atribuciones de la acci\u00f3n sindical, una cesi\u00f3n de locales del &#8220;patrimonio sindical franquista&#8221;\u009d y una ayuda financiera para compensar la huelga de cotizaciones de los afiliados, hartos de sus desmanes.<\/p>\n<p>Tras la elecciones del 79 la patronal cambia de socios y la relaci\u00f3n Su\u00e1rez \u2013 Carrillo y Gobierno \u2013 CC.OO vira a favor del sindicato que estaba en las mejores condiciones de servir con eficacia a la patronal, la UGT. El pacto del verano del 79 UGT \u2013 CEOE se materializa en el parlamento entre gobierno y PSOE en forma de estatuto de los trabajadores de 20 de diciembre de 1979. En palabras del entonces presidente de la patronal: &#8220;En el estatuto hemos conseguido que se pueda despedir con una reducci\u00f3n del 20% y no se paguen los salarios de tramitaci\u00f3n en el despido improcedente. Otra ventaja es el silencio administrativo de la Direcci\u00f3n General del Trabajo para resolver los ERE\u00b4s. Le basta no contestar y se resuelve positivamente y se puede despedir. Tambi\u00e9n son positivos los contratos a tiempo parcial.&#8221;\u009d<\/p>\n<p>El 5 de enero de 1980 UGT y CEOE firman el Acuerdo Marco Interconfederal. Con este acuerdo la UGT se compromet\u00ed\u00ada a combatir el asamblearismo, la baja productividad, el absentismo, la indisciplina, recorte de salarios y prolongaci\u00f3n de los convenios a dos a\u00f1os y una jornada laboral congelada.<br \/>\nLa ley b\u00e1sica de empleo de octubre de 1980 reduciendo las prestaciones del paro, obligaba a los trabajadores a renunciar a todas las ventajas conseguidas en los \u00faltimos a\u00f1os. O bien, gobierno y patronal dejaban que las empresas en crisis se hundiesen.<\/p>\n<p>En lo sucesivo los trabajadores no contar\u00e1n ya entre las principales preocupaciones del poder y el resto de reformas que se han abordado se han implantado sin mayor dificultad. A cada recesi\u00f3n le sigue una reforma. En 1984 se promulg\u00f3 la ley 23\/1984 de dos de agosto de reforma del Estatuto de los trabajadores donde se introdujo el contrato temporal con costes de despido muy reducidos.<\/p>\n<p>En el 88 nuevos intentos de introducir reformas contractuales para los j\u00f3venes acab\u00f3 en la huelga general del 14-D. El ejemplo m\u00e1s claro de seguidismo vergonzoso de los \u00faltimos a\u00f1os, a merced ya de los sindicatos, protagonizado por los trabajadores.<br \/>\nLa recesi\u00f3n del 92-93 se prolong\u00f3 hasta el 94 con una cota de parados nunca vista hasta alcanzar los 3.5 millones. Una nueva reforma del mercado de trabajo tiene lugar en mayo de dicho a\u00f1o. Con ella se crearon nuevas figuras de contrataci\u00f3n temporal, amplio las causas de despido individual e introdujo las ETT,s.<\/p>\n<p>En 1997 se introdujo un nuevo contrato indefinido con una menor indemnizaci\u00f3n en caso de despido improcedente y flexibiliz\u00f3 la negociaci\u00f3n colectiva. La \u00faltima hasta el momento ha sido la del a\u00f1o 2006, todos la recordamos. La protesta por su implantaci\u00f3n ocasion\u00f3 el 1\u00ba de Mayo en el que siete personas fueron denunciadas por CC.OO y UGT con el falaz argumento de impedir a los trabajadores el derecho a manifestarse libremente.<\/p>\n<p>Y con esta \u00faltima crisis, designada por los expertos como la m\u00e1s grave desde la Gran Depresi\u00f3n, la reforma prevista para principios del a\u00f1o que viene alcanzar\u00e1 dimensiones que a\u00fan no imaginamos.<\/p>\n<p>Por todo ello, tras este peque\u00f1o repaso a los acontecimientos que demuestran el como y el cuando de las diversas traiciones acaecidas, en ocasiones, con el consentimiento imp\u00e1vido de los trabajadores, nos dirigimos a ti.<\/p>\n<p><strong>Tenemos dos opciones o la de consentir, o la de plantarle cara.<\/strong><\/p>\n<p>Los sindicatos, s\u00ed\u00admbolo de la p\u00e9rdida de autonom\u00ed\u00ada de la clase obrera en la lucha por su dignidad, pretenden ganarse nuestro benepl\u00e1cito manifest\u00e1ndose (m\u00e1s bien campane\u00e1ndose) hoy en Madrid. A sabiendas de que una nueva traici\u00f3n est\u00e1 ya en el horno a punto de hacerse p\u00fablica, pretenden despistarnos con este alarde de rebeld\u00ed\u00ada. Pacto tras pacto pretenden nuestra liquidaci\u00f3n total.<\/p>\n<p><strong>NO QUEREMOS VUESTRO APOYO&#8230;<br \/>\n\u00a1\u00a1QUEREMOS VUESTRA IMPLICACI\u00ed\u201cN!!<\/strong><\/p>\n<p><a href=\"http:\/\/palenciainsurreccionalista.blogspot.com\/2009\/12\/12-d-sobran-los-motivos-pero-falta.html\" target=\"_blank\">12-D: Sobran los motivos pero falta voluntad<\/a><\/p>\n<p><a href=\"http:\/\/palenciainsurreccionalista.blogspot.com\/2009\/12\/borreguismo.html\" target=\"_blank\">Borreguismo<\/a><\/p>\n<p><a href=\"http:\/\/palenciainsurreccionalista.blogspot.com\/2009\/12\/boikot-los-supermercados.html\" target=\"_blank\">Boicot a los supermercados<\/a><\/p>\n","protected":false},"excerpt":{"rendered":"<p>Queremos apoyar este nuevo blog que da voz a traves de internet de las actividades, noticias y textos que aparezcan por Palencia. Para saber mas entrar en Palencia insureccionalista. A continuaci\u00f3n varios textos interesantes desde Palencia.<\/p>\n","protected":false},"author":21,"featured_media":0,"comment_status":"closed","ping_status":"closed","sticky":false,"template":"","format":"standard","meta":[],"categories":[7],"tags":[],"_links":{"self":[{"href":"https:\/\/diariodevurgos.com\/dvwps\/wp-json\/wp\/v2\/posts\/3984"}],"collection":[{"href":"https:\/\/diariodevurgos.com\/dvwps\/wp-json\/wp\/v2\/posts"}],"about":[{"href":"https:\/\/diariodevurgos.com\/dvwps\/wp-json\/wp\/v2\/types\/post"}],"author":[{"embeddable":true,"href":"https:\/\/diariodevurgos.com\/dvwps\/wp-json\/wp\/v2\/users\/21"}],"replies":[{"embeddable":true,"href":"https:\/\/diariodevurgos.com\/dvwps\/wp-json\/wp\/v2\/comments?post=3984"}],"version-history":[{"count":2,"href":"https:\/\/diariodevurgos.com\/dvwps\/wp-json\/wp\/v2\/posts\/3984\/revisions"}],"predecessor-version":[{"id":3996,"href":"https:\/\/diariodevurgos.com\/dvwps\/wp-json\/wp\/v2\/posts\/3984\/revisions\/3996"}],"wp:attachment":[{"href":"https:\/\/diariodevurgos.com\/dvwps\/wp-json\/wp\/v2\/media?parent=3984"}],"wp:term":[{"taxonomy":"category","embeddable":true,"href":"https:\/\/diariodevurgos.com\/dvwps\/wp-json\/wp\/v2\/categories?post=3984"},{"taxonomy":"post_tag","embeddable":true,"href":"https:\/\/diariodevurgos.com\/dvwps\/wp-json\/wp\/v2\/tags?post=3984"}],"curies":[{"name":"wp","href":"https:\/\/api.w.org\/{rel}","templated":true}]}}