{"id":4176,"date":"2010-01-19T15:02:12","date_gmt":"2010-01-19T14:02:12","guid":{"rendered":"http:\/\/diariodevurgos.com\/dvwps\/?p=4176"},"modified":"2010-01-23T15:36:18","modified_gmt":"2010-01-23T14:36:18","slug":"desalojo-de-la-casa-del-aire-de-granada","status":"publish","type":"post","link":"https:\/\/diariodevurgos.com\/dvwps\/desalojo-de-la-casa-del-aire-de-granada.php","title":{"rendered":"Cr\u00f3nica y situaci\u00f3n actual tras el desalojo de la Casa del Aire (Granada)"},"content":{"rendered":"<p class=\"lead\"><img loading=\"lazy\" class=\"alignright size-full wp-image-4178\" title=\"pancarta\" src=\"http:\/\/diariodevurgos.com\/dvwps\/wp-content\/uploads\/2010\/01\/pancarta.jpg\" alt=\"pancarta\" width=\"141\" height=\"90\" srcset=\"https:\/\/diariodevurgos.com\/dvwps\/wp-content\/uploads\/2010\/01\/pancarta.jpg 400w, https:\/\/diariodevurgos.com\/dvwps\/wp-content\/uploads\/2010\/01\/pancarta-300x192.jpg 300w\" sizes=\"(max-width: 141px) 100vw, 141px\" \/><strong>Blog que hace un seguimiento de la lucha: <a href=\"http:\/\/solidarioscasadelaire.blogspot.com\/\" target=\"_blank\">Solidariosconlacasadelaire<\/a><\/strong>.<br \/>\nAyer, martes 19 de enero de 2010, a las 8 de la ma\u00f1ana, la Casa del Aire (\u00faltima casa de paso del Albayz\u00ed\u00adn) fue desalojada cautelarmente, sin notificaci\u00f3n previa, despu\u00e9s de un proceso judicial de 5 a\u00f1os, y cuestiones pendientes tanto en lo civil como en lo penal.<a href=\"http:\/\/www.myfax.com\/free\/\" target=\"_blank\"><\/a><br \/>\n<a href=\"http:\/\/www.myfax.com\/free\/\" target=\"_blank\">P\u00e1gina<\/a> para enviar faxes gratis.<\/p>\n<p><!--more--><br \/>\nEl desalojo, que sorprendi\u00f3 a varias vecinas durmiendo, se ejecut\u00f3 de forma muy r\u00e1pida, con una actitud avasalladora, destrozando puertas a pesar de que los vecinos hab\u00ed\u00adan ofrecido la llave, siendo estos identificados y citados para comparecer ante el juez el 29 de enero. Los inquilinos no dispusieron de tiempo para sacar sus pertenencias, con lo que la mayor\u00ed\u00ada sali\u00f3 con lo puesto.<\/p>\n<p>Tras conocerse la noticia, un grupo de personas se concentr\u00f3 en las inmediaciones de la casa para solidarizarse y apoyar a las vecinas.<\/p>\n<p>Aunque dos de ellas pudieron permanecer en sus casas, la inmobiliaria procedi\u00f3 a cambiar las cerraduras de acceso com\u00fan a la casa, sin ofrecerles una copia de las mismas, tras lo cual apostaron a un &#8220;guardia de seguridad&#8221;\u009d para impedir el paso, de modo que familiares y amigos que pretend\u00ed\u00adan visitarlas, preocupados por su estado, no pudieron entrar, encontr\u00e1ndose las vecinas en una situaci\u00f3n de aut\u00e9ntico arresto domiciliario.<\/p>\n<p>A pesar de la rapidez con que se desarroll\u00f3 el desalojo, y ante la preocupaci\u00f3n de que Edivara-Varasol, que se manten\u00ed\u00ada dentro de la casa con sus obreros, causara da\u00f1os en la casa y\/o a las pertenencias de los vecinos, sobre las 13 horas, unas cien personas se concentraron frente a la Oficina de Rehabilitaci\u00f3n del bajo Albayz\u00ed\u00adn, al comienzo de la calle Pavaneras, para exigir el personamiento de un t\u00e9cnico de la Junta de Andaluc\u00ed\u00ada en la casa que diera cuenta del estado de la misma y de si se estaban realizando da\u00f1os.<\/p>\n<p>Tras un di\u00e1logo con el t\u00e9cnico, este se dirigi\u00f3 con las vecinas desalojadas a la Casa del Aire, arropadas por las personas concentradas.<\/p>\n<p>Durante el tiempo que el t\u00e9cnico permaneci\u00f3 dentro de la casa, las personas esperaron en la puerta, exigiendo poder ver a los vecinos, a lo que se respondi\u00f3 con malos modos y amenazas de cargas y pelotazos por parte de la polic\u00ed\u00ada nacional, a\u00fan cuando en ning\u00fan momento se impidi\u00f3 el libre paso de los viandantes y la actitud fue pac\u00ed\u00adfica.<\/p>\n<p>Finalmente, el t\u00e9cnico sali\u00f3 para comunicar que se hab\u00ed\u00ada inhabilitado mediante soldaduras el acceso por la calle Beteta y cortado el paso entre las calles Beteta y Zenete, acabando as\u00ed\u00ad con un paso hist\u00f3rico, catalogado arquitect\u00f3nicamente, el \u00faltimo de este tipo en el Albayz\u00ed\u00adn.<\/p>\n<p>Ya por la tarde, se convoc\u00f3 una asamblea informativa en la facultad de Ciencias Pol\u00ed\u00adticas y Sociolog\u00ed\u00ada para informar sobre el desalojo y la situaci\u00f3n de los vecinos, unos en la calle, con lo puesto, otros en situaci\u00f3n de acoso.<\/p>\n<p>Hoy mi\u00e9rcoles, las vecinas se han personado en el juzgado. Sin embargo, el juez se ha negado a recibirloas, vulnerando sus derechos fundamentales, y les ha pedido que elaboren una lista exacta de sus pertenencias si quieren recuperarlas.<\/p>\n<p>En estos momentos, los trabajadores de la inmobiliaria campan a sus anchas por la casa. Compa\u00f1eros se han acercado a la casa, percibiendo movimientos y ruidos en el interior de estas, por lo que se supone que est\u00e1n entrando en las casas<\/p>\n<p>La situaci\u00f3n de los vecinos es en estos momentos dram\u00e1tica, especialmente para aquellos que han podido permanecer en sus casas, que se encuentran pr\u00e1cticamente secuestrados, sin poder recibir visitas y con temor de dejar en manos de los trabajadores de la inmobiliaria la casa, quedando su movilidad seriamente reducida, y teniendo adem\u00e1s que soportar amenazas e insultos, que incluso han provocado un ataque de ansiedad a uno de los vecinos despu\u00e9s de un enfrentamiento con la seguridad privada que vigila la casa. As\u00ed\u00ad, el grupo Edivara-Varasol hace una vez m\u00e1s gala de sus pr\u00e1cticas de acoso inmobiliario.<\/p>\n<p>Por su parte, el resto de vecinos se encuentra actualmente con lo puesto, sin los m\u00e1s b\u00e1sicos efectos personales, y arropado por la solidaridad de amigas y compa\u00f1eras.<\/p>\n<p>Queremos denunciar por lo tanto:<\/p>\n<p>* que se est\u00e1 poniendo en peligro la salud de los vecinos, y vulnerando sus derechos m\u00e1s fundamentales;<\/p>\n<p>* la actuaci\u00f3n del juez, que impide a las vecinas acceder a sus casas, siquiera para recuperar sus pertenencias, y permite la situaci\u00f3n de acoso a los vecinos que se han podido quedar;<\/p>\n<p>* la actuaci\u00f3n de Edivara-Varasol, que contin\u00faa con sus pr\u00e1cticas de mobbing inmobiliario, ahora amparados por el juez;<\/p>\n<p>* que \u00e9sta situaci\u00f3n se ha dado por el lavado de manos de la Junta de Andaluc\u00ed\u00ada y el ayuntamiento de Granada, que durante los a\u00f1os de conflicto no han tomado cartas en el asunto a trav\u00e9s de sus organismos espec\u00ed\u00adficos para la protecci\u00f3n del suelo, el patrimonio y los vecinos, permitiendo el mobbing inmobiliario.<\/p>\n<p>Pedimos vuestra solidaridad activa, enviando faxes y llamando a las oficinas de la inmobiliaria, para exigir el fin del acoso a los vecinos y su vuelta a casa.<\/p>\n<p>Edivara-Varasol:<br \/>\nFax: 958 26 04 04 Tel\u00e9fono: 958 26 01 01<br \/>\n* www.edivara.es<br \/>\n* edivara@edivara.es<\/p>\n<p>En las pr\u00f3ximas hora est\u00e1 convocada una rueda de prensa y una concentraci\u00f3n frente a los juzgados. Permanece atenta a las pr\u00f3ximas convocatorias.<\/p>\n<p><strong>Solidarias con la casa del Aire<br \/>\n\u00a1La Casa del Aire para sus vecin@s !<br \/>\nAlto a la plaga inmobiliaria<\/strong><\/p>\n<p>M\u00e1s informaci\u00f3n: http:\/\/www.klinamen.org\/<\/p>\n<h2><strong>Desalojo de la casa del aire de Granada. Martes 19.<br \/>\n<\/strong><\/h2>\n<p>Hoy martes 19 de enero de 2010 a las 8 de la ma\u00f1ana la Casa del Aire ha sido desalojada cautelarmente, sin notificaci\u00f3n previa. Campa\u00f1a de faxes de apoyo para ma\u00f1ana.<\/p>\n<p>Esta casa de vecinos situada en el Bajo Albayz\u00ed\u00adn, entre las calles Beteta 20 y Zenete 7, lleva 5 a\u00f1os resistiendo el acoso inmobiliario ejercido por las inmobiliarias Arrendamientos Puerta Elvira, en un principio, y actualmente Edivara-Varasol. Representa la \u00faltima casa de paso que queda en el barrio, valor que se perder\u00e1 (al igual que sucedi\u00f3 con las otras casas de paso que fueron derruidas) si no ponemos freno a este atropello.<\/p>\n<p>Durante este tiempo, los vecinos\/as han sufrido amenazas, chantajes, denuncias y otras medidas de presi\u00f3n por parte de estos grupos inmobiliarios, que se han ido superando. Se han ganado los juicios, se ha hecho frente a amenazas, extorsiones y denuncias, evitando la expulsi\u00f3n de los vecinos\/as y el derribo de la casa para efectuar sus proyectos especulativos. Se ha presionado al Ayuntamiento para que cumpla con su deber y expropie una casa que no ha sido mantenida por los sucesivos due\u00f1os y ni siquiera ha sido visitada por Edivara-Varasol desde que la adquirieron hace ya cuatro a\u00f1os.<\/p>\n<p>A lo largo de estos a\u00f1os, los vecinos\/as han cuidado y catalogado hist\u00f3rica y arquitect\u00f3nicamente la casa cuyos propietarios s\u00f3lo pretenden derruir para sacarle un mayor rendimiento econ\u00f3mico sin importarles qu\u00e9 le pasa a la gente que lleva tanto tiempo habitando el inmueble. Las vecinas\/os de la Casa del Aire no luchan \u00fanicamente por su casa sino tambi\u00e9n contra el proceso de especulaci\u00f3n y destrucci\u00f3n de un barrio hist\u00f3rico que se materializa en la expulsi\u00f3n de las inquilinas\/os con menos recursos.<\/p>\n<p>Actualmente nos enfrentamos a procesos judiciales. Antes del inicio de los mismos el juzgado ha decidido expulsarnos de nuestras casas &#8220;cautelarmente&#8221;\u009d, sin notificarlo previamente ni respetar las correspondientes v\u00ed\u00adas acordadas para este tipo de circunstancias. Por ello, pedimos el apoyo de todos los vecinos\/as de Granada y de otros lugares frente a este nuevo acoso.<\/p>\n<p>Os convocamos a que sig\u00e1is informados\/as y difund\u00e1is \u00e9ste y pr\u00f3ximos comunicados y convocatorias.<\/p>\n<p>La Casa del Aire para sus vecin@s<\/p>\n<p>Alto a la plaga inmobiliaria<\/p>\n<p>M\u00e1s info:<br \/>\n<a href=\"http:\/\/casadelaire.org\/\" target=\"_blank\">www.casadelaire.org<\/a><br \/>\nbeteta_20@yahoo.es<\/p>\n<p>Por ello, os convocamos a la manifestaci\u00f3n en apoyo a los vecinos\/as de la Casa del Aire, ma\u00f1ana, <strong>mi\u00e9rcoles 20 de enero, a las 19 horas en la plaza del Carmen (ayuntamiento)<\/strong>.<\/p>\n<h2>Campa\u00f1a de Faxes:<\/h2>\n<p>Estimados amigos y amigas:<\/p>\n<p>Con el objetivo de que el juez respete los derechos de los vecinos de alquiler que todav\u00ed\u00ada quedan en la casa y\u00a0 que retire el desalojo cautelar que se ha efectuado hoy os pedimos que aquellos que est\u00e9is en asociaciones o colectivos (o si se quiere a nivel individual) envi\u00e9is al juzgado el fax que se adjunta. A ser posible ma\u00f1ana por la ma\u00f1ana.<\/p>\n<p>Un abrazo<\/p>\n<p>P.D. recordamos que ma\u00f1ana por la ma\u00f1ana los vecinos van a testificar por la ma\u00f1ana en los juzgado y por la tarde se ha convocado un manifestaci\u00f3n a las 19 horas para mostrar nuestro rechazo a esta injustificada medida judicial.<br \/>\nTlf 958 02 86 37 y Fax: 958028639<\/p>\n<p>A la atenci\u00f3n de D. Miguel \u00ed\u0081ngel del Arco Torres, juez de instrucci\u00f3n del juzgado n\u00ba 6 de Granada<\/p>\n<p>Hoy martes 19 de enero de 2010 a las 8 de la ma\u00f1ana la Casa del Aire ha sido desalojada cautelarmente, sin notificaci\u00f3n previa.<\/p>\n<p>Esta casa de vecinos situada en el Bajo Albayz\u00ed\u00adn, entre las calles Beteta 20 y Zenete 7, lleva seis a\u00f1os resistiendo el acoso ejercido por las inmobiliarias Arrendamientos Puerta Elvira, en un principio, y actualmente Edivara-Varasol y luchando contra la especulaci\u00f3n y el mobbing inmobiliario que est\u00e1n destrozando y vaciando de sus vecinos\/as el barrio del Albayz\u00ed\u00adn.<\/p>\n<p>A lo largo de estos a\u00f1os, los vecinos\/as han sufrido amenazas, chantajes, denuncias y otras medidas de presi\u00f3n por parte de estos grupos inmobiliarios, que se han ido superando. Se han ganado los juicios, se ha hecho frente a amenazas, extorsiones y denuncias, evitando la expulsi\u00f3n de los vecinos\/as y el derribo de la casa para efectuar sus proyectos especulativos. Se ha presionado al Ayuntamiento para que cumpla con su deber y expropie una casa que no ha sido mantenida por los sucesivos due\u00f1os y ni siquiera ha sido visitada por Edivara-Varasol desde que la adquirieron hace ya cuatro a\u00f1os.<\/p>\n<p>Durante este tiempo, los vecinos\/as han cuidado y catalogado hist\u00f3rica y arquitect\u00f3nicamente la casa cuyos propietarios s\u00f3lo pretenden derruir para sacarle un mayor rendimiento econ\u00f3mico sin importarles qu\u00e9 le pasa a la gente que lleva tanto tiempo habitando el inmueble. La Casa del Aire representa la \u00faltima casa de paso que queda en el barrio, valor que se perder\u00e1 (al igual que sucedi\u00f3 con las otras casas de paso que fueron derruidas) si no ponemos freno a este atropello. Las vecinas\/os de esta casa no luchan \u00fanicamente por su casa, sino tambi\u00e9n contra el proceso de especulaci\u00f3n y destrucci\u00f3n de un barrio hist\u00f3rico que se materializa en la expulsi\u00f3n de las inquilinas\/os con menos recursos.<\/p>\n<p>Hoy, desde los juzgados se ha allanado el camino de estos especuladores, que se encuentran en estos momentos destrozando las casas de las inquilinas\/as, sin esperar a que se resuelva el proceso judicial que actualmente se mantiene abierto.<\/p>\n<p>Por todo ello, queremos denunciar:<\/p>\n<ul>\n<li>la falta de notificaci\u00f3n del desalojo cautelar, que vulnera los derechos fundamentales de los inquilinos\/as, dej\u00e1ndolos en la calle de un d\u00ed\u00ada para otro, cuando los procesos judiciales se encuentran abiertos y los vecinos\/as est\u00e1n a la espera de una respuesta por parte del juzgado de lo penal.<\/li>\n<\/ul>\n<ul>\n<li>La actuaci\u00f3n de las fuerzas de seguridad, que mantienen en una especie de &#8220;arresto domiciliario&#8221;\u009d a las inquilinas\/os que no han sido desalojadas, impidi\u00e9ndoles recibir visitas de familiares y amigos\/as.<\/li>\n<\/ul>\n<p>Desde la asociaci\u00f3n\/grupo\/colectivo&#8230;, queremos mostrar nuestro m\u00e1s en\u00e9rgico rechazo a esta expulsi\u00f3n cautelar y nuestra solidaridad con los vecinos\/as de la Casa del Aire.<\/p>\n<p>Adem\u00e1s, exigimos a D. Miguel \u00ed\u0081ngel del Arco Torres, juez de instrucci\u00f3n del juzgado n\u00ba6 de Granada, que se tomen las medidas necesarias para que los vecinos\/as vuelvan inmediatamente a sus casas, y para que se d\u00e9 de una vez por todas fin a las pr\u00e1cticas de acoso inmobiliario en la ciudad de Granada.<\/p>\n<p>En Granada, a 19 de enero de 2010<\/p>\n<p>Nombre de la asociaci\u00f3n:<\/p>\n<p>NIF:<\/p>\n<p>Firma:<\/p>\n<p><strong>Nota DV<\/strong>: Desde este medio y desde la ciudad de Burgos queremos mandar todo nuestro apoyo a los compa\u00f1eros de la casa del aire.<\/p>\n<img loading=\"lazy\" class=\"aligncenter size-full wp-image-4177\" title=\"Cartel 2009 Casa del Aire\" src=\"http:\/\/diariodevurgos.com\/dvwps\/wp-content\/uploads\/2010\/01\/Cartel-2009-Casa-del-Aire.jpg\" alt=\"Cartel 2009 Casa del Aire\" width=\"428\" height=\"592\" srcset=\"https:\/\/diariodevurgos.com\/dvwps\/wp-content\/uploads\/2010\/01\/Cartel-2009-Casa-del-Aire.jpg 289w, https:\/\/diariodevurgos.com\/dvwps\/wp-content\/uploads\/2010\/01\/Cartel-2009-Casa-del-Aire-216x300.jpg 216w\" sizes=\"(max-width: 428px) 100vw, 428px\" \/>\n","protected":false},"excerpt":{"rendered":"<p>Blog que hace un seguimiento de la lucha: Solidariosconlacasadelaire. Ayer, martes 19 de enero de 2010, a las 8 de la ma\u00f1ana, la Casa del Aire (\u00faltima casa de paso del Albayz\u00ed\u00adn) fue desalojada cautelarmente, sin notificaci\u00f3n previa, despu\u00e9s de un proceso judicial de 5 a\u00f1os, y cuestiones pendientes tanto en lo civil como en&#8230;  <a href=\"https:\/\/diariodevurgos.com\/dvwps\/desalojo-de-la-casa-del-aire-de-granada.php\" class=\"more-link\" title=\"Read Cr\u00f3nica y situaci\u00f3n actual tras el desalojo de la Casa del Aire (Granada)\">Read more &raquo;<\/a><\/p>\n","protected":false},"author":21,"featured_media":0,"comment_status":"open","ping_status":"closed","sticky":false,"template":"","format":"standard","meta":[],"categories":[12,17],"tags":[],"_links":{"self":[{"href":"https:\/\/diariodevurgos.com\/dvwps\/wp-json\/wp\/v2\/posts\/4176"}],"collection":[{"href":"https:\/\/diariodevurgos.com\/dvwps\/wp-json\/wp\/v2\/posts"}],"about":[{"href":"https:\/\/diariodevurgos.com\/dvwps\/wp-json\/wp\/v2\/types\/post"}],"author":[{"embeddable":true,"href":"https:\/\/diariodevurgos.com\/dvwps\/wp-json\/wp\/v2\/users\/21"}],"replies":[{"embeddable":true,"href":"https:\/\/diariodevurgos.com\/dvwps\/wp-json\/wp\/v2\/comments?post=4176"}],"version-history":[{"count":4,"href":"https:\/\/diariodevurgos.com\/dvwps\/wp-json\/wp\/v2\/posts\/4176\/revisions"}],"predecessor-version":[{"id":4180,"href":"https:\/\/diariodevurgos.com\/dvwps\/wp-json\/wp\/v2\/posts\/4176\/revisions\/4180"}],"wp:attachment":[{"href":"https:\/\/diariodevurgos.com\/dvwps\/wp-json\/wp\/v2\/media?parent=4176"}],"wp:term":[{"taxonomy":"category","embeddable":true,"href":"https:\/\/diariodevurgos.com\/dvwps\/wp-json\/wp\/v2\/categories?post=4176"},{"taxonomy":"post_tag","embeddable":true,"href":"https:\/\/diariodevurgos.com\/dvwps\/wp-json\/wp\/v2\/tags?post=4176"}],"curies":[{"name":"wp","href":"https:\/\/api.w.org\/{rel}","templated":true}]}}