{"id":450,"date":"2007-05-22T17:28:36","date_gmt":"2007-05-22T21:28:36","guid":{"rendered":"http:\/\/diariodevurgos.com\/dvwps\/todos-a-la-carcely-el-que-avisa-no-es-traidor.php"},"modified":"2007-05-22T17:30:40","modified_gmt":"2007-05-22T21:30:40","slug":"todos-a-la-carcely-el-que-avisa-no-es-traidor","status":"publish","type":"post","link":"https:\/\/diariodevurgos.com\/dvwps\/todos-a-la-carcely-el-que-avisa-no-es-traidor.php","title":{"rendered":"Todos a la c\u00e1rcel&#8230;y el que avisa no es traidor."},"content":{"rendered":"<p align=\"justify\" class=\"lead\"><img id=\"image449\" title=\"hoguera\" alt=\"hoguera\" src=\"http:\/\/diariodevurgos.com\/dvwps\/wp-content\/uploads\/2007\/05\/hoguera2.miniatura.jpg\" align=\"right\" \/>El Diario de M\u00e9ndez Pozo es claro y conciso en su editorial del martes 22 de mayo de 2007. Agrupando desordenadamente un conjunto de hechos,para nada relacionados entre si, e incluso alejados en el tiempo, apunta con su dedo acusador a toda la disidencia burgalesa. Se\u00f1ores y se\u00f1oras, la hoguera ya est\u00e1 encendida, ahora solo faltan los herejes de turno.<\/p>\n<p><!--more--><\/p>\n<p>En una desbordante editorial titulada <em>\u00bfHasta cu\u00e1ndo tanta impunidad? &#8220;<\/em>El Diario de M\u00e9ndez Pozo&#8221; vuelve a realizar una de las tareas que mejor ha desempe\u00f1ado desde que fuera fundado, all\u00e1 por 1891. No nos referimos ya a la cl\u00e1sica labor de servir de altavoz de los poderes f\u00e1cticos locales, sino a otra m\u00e1s perversa a\u00fan si cabe, la de allanar y preparar el camino de la represi\u00f3n indiscriminada.<\/p>\n<p>Con la pluma rabiosa y encendida que caracteriza su estilo, desde el &#8220;Diario de M\u00e9ndez&#8221;, metiendo en el mismo saco hechos y episodios no relacionados entre si, alguno de ellos incluso bastante alejados en le tiempo, se exige la cabeza de lo que en su editorial denomina &#8220;<em>grup\u00fasculos radicales&#8221;<\/em>, f\u00f3rmula ya sobre-explotada con la que, m\u00e1s bien, quieren referirse a toda aquella persona que sepa ver m\u00e1s all\u00e1 de su narices y no se crea &#8220;sus&#8221; mentiras oficiales.<\/p>\n<p>En el <em>Totum Revolutum <\/em>con el que su editorial nos regala, se confirman alguna de nuestras m\u00e1s inquietantes sospechas, los &#8220;Medios de Comunicaci\u00f3n&#8221; van a jugar un papel fundamental en el nuevo &#8220;Estado Policial&#8221; que se avecina para la ciudad de Burgos. En este clima de represi\u00f3n indiscriminada pronto veremos publicadas en primera plana la foto de los &#8220;Sospechosos Oficiales&#8221; debajo del anagrama de <em>Wanted<\/em>.<\/p>\n<p>Somos conscientes que sobre <strong>DV<\/strong>, y sobre otras tantas personas, cuelga desde hace tiempo una <em>Espada de Damocles<\/em>, no por lo que supuestamente digan que hayan hecho, sino simplemente por lo que piensan y por lo que representan. Por ser quien son, por lo que podr\u00ed\u00adan representar su si mensaje fuese difundido.<\/p>\n<p align=\"justify\">Desde este modesto diario digital animamos a toda la disidencia burgalesa a no dejarse amedrentar por el mensaje de &#8220;Terror de Estado&#8221; difundido por el &#8220;Diario del Cacique&#8221;, y a seguir colaborando, no solo con este proyecto de difusi\u00f3n, sino con todas aquellas iniciativas que planten una posibilidad de transformaci\u00f3n en esta eterna ciudad del ladrillo.<\/p>\n<p align=\"justify\">Por ejemplo, y ya que viene a cuento,nos consta que La Zarza, colaboradores habituales denuestro medio, van a seguir participando en \u00e9l, una vez hecha la reflexi\u00f3n sobre los desgraciados acontecimientos del pasado 19 de mayo, en los que asumen su responsabilidad de no haber sabido frenar a tiempo la trifulca en el pasacalles que organizaban.<\/p>\n<p><strong><\/p>\n<p align=\"justify\">Ladran luego cabalgamos amigo Sancho!!!!<\/p>\n<p \/><\/strong><\/p>\n<p align=\"justify\"><em>La redacci\u00f3n de DV <\/em><\/p>\n<p align=\"justify\">\u00a0<\/p>\n","protected":false},"excerpt":{"rendered":"<p>El Diario de M\u00e9ndez Pozo es claro y conciso en su editorial del martes 22 de mayo de 2007. Agrupando desordenadamente un conjunto de hechos,para nada relacionados entre si, e incluso alejados en el tiempo, apunta con su dedo acusador a toda la disidencia burgalesa. Se\u00f1ores y se\u00f1oras, la hoguera ya est\u00e1 encendida, ahora solo&#8230;  <a href=\"https:\/\/diariodevurgos.com\/dvwps\/todos-a-la-carcely-el-que-avisa-no-es-traidor.php\" class=\"more-link\" title=\"Read Todos a la c\u00e1rcel&#8230;y el que avisa no es traidor.\">Read more &raquo;<\/a><\/p>\n","protected":false},"author":2,"featured_media":0,"comment_status":"open","ping_status":"open","sticky":false,"template":"","format":"standard","meta":[],"categories":[2,17],"tags":[],"_links":{"self":[{"href":"https:\/\/diariodevurgos.com\/dvwps\/wp-json\/wp\/v2\/posts\/450"}],"collection":[{"href":"https:\/\/diariodevurgos.com\/dvwps\/wp-json\/wp\/v2\/posts"}],"about":[{"href":"https:\/\/diariodevurgos.com\/dvwps\/wp-json\/wp\/v2\/types\/post"}],"author":[{"embeddable":true,"href":"https:\/\/diariodevurgos.com\/dvwps\/wp-json\/wp\/v2\/users\/2"}],"replies":[{"embeddable":true,"href":"https:\/\/diariodevurgos.com\/dvwps\/wp-json\/wp\/v2\/comments?post=450"}],"version-history":[{"count":0,"href":"https:\/\/diariodevurgos.com\/dvwps\/wp-json\/wp\/v2\/posts\/450\/revisions"}],"wp:attachment":[{"href":"https:\/\/diariodevurgos.com\/dvwps\/wp-json\/wp\/v2\/media?parent=450"}],"wp:term":[{"taxonomy":"category","embeddable":true,"href":"https:\/\/diariodevurgos.com\/dvwps\/wp-json\/wp\/v2\/categories?post=450"},{"taxonomy":"post_tag","embeddable":true,"href":"https:\/\/diariodevurgos.com\/dvwps\/wp-json\/wp\/v2\/tags?post=450"}],"curies":[{"name":"wp","href":"https:\/\/api.w.org\/{rel}","templated":true}]}}