{"id":4520,"date":"2010-03-26T11:52:09","date_gmt":"2010-03-26T10:52:09","guid":{"rendered":"http:\/\/diariodevurgos.com\/dvwps\/?p=4520"},"modified":"2010-03-27T13:09:52","modified_gmt":"2010-03-27T12:09:52","slug":"eladio-perlado-ultimo-acto","status":"publish","type":"post","link":"https:\/\/diariodevurgos.com\/dvwps\/eladio-perlado-ultimo-acto.php","title":{"rendered":"Eladio Perlado: \u00faltimo acto"},"content":{"rendered":"<p class=\"lead\"><img loading=\"lazy\" class=\"alignright size-full wp-image-4521\" title=\"banner2\" src=\"http:\/\/diariodevurgos.com\/dvwps\/wp-content\/uploads\/2010\/03\/banner2.jpg\" alt=\"banner2\" width=\"168\" height=\"116\" \/>Se ha hecho p\u00fablica la ratificaci\u00f3n de la condena a dos a\u00f1os de c\u00e1rcel para seis de los acusados por los hechos ocurridos en la avenida Eladio Perlado el 18 de agosto de 2005. Una sentencia que supone el \u00faltimo acto de un <em>culebr\u00f3n<\/em> jur\u00ed\u00addico que pone de manifiesto la voluntad de condenar la negativa de Gamonal a una imposici\u00f3n urban\u00ed\u00adstica.<!--more--><\/p>\n<p>Medios de comunicaci\u00f3n locales <a title=\"Ratificaci\u00f3n de la sentencia\" href=\"http:\/\/www.diariodeburgos.es\/noticia.cfm\/Local\/20100325\/ratifican\/dos\/a%C3%B1os\/carcel\/6\/condenados\/eladio\/perlado\/92452948-CE9E-C8A2-F7F7E493D8B84EE2\">han hecho p\u00fablica <\/a>la ratificaci\u00f3n de la condena de dos a\u00f1os impuesta a seis de los acusados por los hechos\u00a0 ocurridos durante la tarde-noche del 18 de agosto de 2005. La sentencia condenatoria data de las vistas orales celebradas en marzo en 2008 en las que dos vecinos, de los ocho que se sentaban en el banquillo, fueron\u00a0 absueltos.<\/p>\n<p>Adem\u00e1s de la ratificaci\u00f3n de las penas de prisi\u00f3n el auto impone una multa de <strong>13.211 euros<\/strong> que los condenados deber\u00e1n hacer efectiva al Ayuntamiento de Burgos en concepto de indemnizaci\u00f3n. Cabe destacar que <strong>5.918 euros<\/strong> del total de la cantidad impuesta se destinar\u00e1n al pago de las horas extras efectuadas por la Polic\u00ed\u00ada Local. La actuaci\u00f3n de este cuerpo policial durante aquella jornada hizo que varios vecinos acabaran en el hospital, uno de los cuales en estado grave, tras recibir un pelotazo de goma a bocajarro. <a title=\"Condenado policia local por los hechos de Eladio Perlado\" href=\"http:\/\/www.alasbarricadas.org\/noticias\/?q=node\/1952\">Un polic\u00ed\u00ada local fue inicialmente condenado <\/a>por su actuaci\u00f3n durante aquella tarde, siendo posteriormente absuelto tras el recurso interpuesto.<\/p>\n<p>Ninguno de los vecinos condenados deber\u00e1 ingresar en prisi\u00f3n al ser la condena no superior a dos a\u00f1os. Cabe destacar que en el proceso contra los vecinos de la avenida Eladio Perlado el Ayuntamiento de Burgos se personaba como acusaci\u00f3n particular solicitando 7 a\u00f1os de reclusi\u00f3n. Posteriormente el Tribunal Superior de Castilla y Le\u00f3n <a title=\"El TSJ declara ilegal el parking que no se construy\u00f3 en Eladio Perlado\" href=\"http:\/\/diariodevurgos.com\/dvwps\/el-tsj-declara-ilegal-el-parking-que-no-se-construyo-en-eladio-perlado.php\">declar\u00f3 ilegal <\/a>el parking subterr\u00e1neo que el Consistorio burgal\u00e9s proyectaba construir en la avenida Eladio perlado.<\/p>\n<p>A casi un lustro de los acontecimientos del 18 de agosto la actual ratificaci\u00f3n de la sentencia pone de manifiesto la inequ\u00ed\u00advoca voluntad institucional de poner punto final con una condena ejemplarizante. No obstante, la sentencia elude el esc\u00e1ndalo social que supondr\u00ed\u00ada la entrada en prisi\u00f3n de los vecinos acusados que podr\u00ed\u00ada desembocar en una reactivaci\u00f3n del conflicto.<\/p>\n<p>M\u00e1s all\u00e1 de los formalismos jur\u00ed\u00addicos, la lucha contra el parking ha demostrado que la uni\u00f3n solidaria de los habitantes de un barrio puede poner freno a las imposiciones especulativas. Una lucha que, sin duda, vali\u00f3 la pena. Por supuesto oponerse a los desmanes de los poderosos nunca es f\u00e1cil, ni a menudo tampoco gratificante, pero los vecinos de Gamonal (y los solidarios con los acusados) han dejado marcado en muchas conciencias un hito en la historia de Burgos que debe servir de ejemplo para muchas otras luchas futuras.<\/p>\n","protected":false},"excerpt":{"rendered":"<p>Se ha hecho p\u00fablica la ratificaci\u00f3n de la condena a dos a\u00f1os de c\u00e1rcel para seis de los acusados por los hechos ocurridos en la avenida Eladio Perlado el 18 de agosto de 2005. Una sentencia que supone el \u00faltimo acto de un culebr\u00f3n jur\u00ed\u00addico que pone de manifiesto la voluntad de condenar la negativa&#8230;  <a href=\"https:\/\/diariodevurgos.com\/dvwps\/eladio-perlado-ultimo-acto.php\" class=\"more-link\" title=\"Read Eladio Perlado: \u00faltimo acto\">Read more &raquo;<\/a><\/p>\n","protected":false},"author":2,"featured_media":0,"comment_status":"open","ping_status":"closed","sticky":false,"template":"","format":"standard","meta":[],"categories":[2,12,27,17,43],"tags":[],"_links":{"self":[{"href":"https:\/\/diariodevurgos.com\/dvwps\/wp-json\/wp\/v2\/posts\/4520"}],"collection":[{"href":"https:\/\/diariodevurgos.com\/dvwps\/wp-json\/wp\/v2\/posts"}],"about":[{"href":"https:\/\/diariodevurgos.com\/dvwps\/wp-json\/wp\/v2\/types\/post"}],"author":[{"embeddable":true,"href":"https:\/\/diariodevurgos.com\/dvwps\/wp-json\/wp\/v2\/users\/2"}],"replies":[{"embeddable":true,"href":"https:\/\/diariodevurgos.com\/dvwps\/wp-json\/wp\/v2\/comments?post=4520"}],"version-history":[{"count":3,"href":"https:\/\/diariodevurgos.com\/dvwps\/wp-json\/wp\/v2\/posts\/4520\/revisions"}],"predecessor-version":[{"id":4524,"href":"https:\/\/diariodevurgos.com\/dvwps\/wp-json\/wp\/v2\/posts\/4520\/revisions\/4524"}],"wp:attachment":[{"href":"https:\/\/diariodevurgos.com\/dvwps\/wp-json\/wp\/v2\/media?parent=4520"}],"wp:term":[{"taxonomy":"category","embeddable":true,"href":"https:\/\/diariodevurgos.com\/dvwps\/wp-json\/wp\/v2\/categories?post=4520"},{"taxonomy":"post_tag","embeddable":true,"href":"https:\/\/diariodevurgos.com\/dvwps\/wp-json\/wp\/v2\/tags?post=4520"}],"curies":[{"name":"wp","href":"https:\/\/api.w.org\/{rel}","templated":true}]}}