{"id":456,"date":"2007-05-24T17:05:39","date_gmt":"2007-05-24T21:05:39","guid":{"rendered":"http:\/\/diariodevurgos.com\/dvwps\/carta-postuma-a-los-anarquistas-burgaleses.php"},"modified":"2007-05-25T07:24:43","modified_gmt":"2007-05-25T11:24:43","slug":"carta-postuma-a-los-anarquistas-burgaleses","status":"publish","type":"post","link":"https:\/\/diariodevurgos.com\/dvwps\/carta-postuma-a-los-anarquistas-burgaleses.php","title":{"rendered":"Carta p\u00f3stuma a los anarquistas burgaleses"},"content":{"rendered":"<p align=\"justify\" class=\"lead\"><img id=\"image457\" title=\"el viejo Bakunin\" alt=\"el viejo Bakunin\" src=\"http:\/\/diariodevurgos.com\/dvwps\/wp-content\/uploads\/2007\/05\/bakunin.miniatura.jpg\" align=\"right\" \/>Estando reunidos en sesi\u00f3n plenaria, la puerta de nuestra redacci\u00f3n son\u00f3 de manera insistente. Nadie detr\u00e1s de ella, simplemente un sobre cerrado cuyo remite nos dejo sobrecogidos: <strong>M.A. Bakunin.<\/strong><\/p>\n<p><!--more--><strong>Queridos compa\u00f1eros burgaleses:<\/strong><\/p>\n<p align=\"justify\">Hace tiempo que os observo desde este limbo sin tiempo ni espacio donde me hallo confinado, en este lugar reservado para los exiliados del para\u00ed\u00adso, para las almas errantes y los esp\u00ed\u00adritus inconformistas. En este lugar donde ya no siento ni padezco, los d\u00ed\u00adas pasan placidos y mon\u00f3tonos rodeado de herejes medievales, atracadores de bancos de la <em>Belle Epoque<\/em> y otros tantos so\u00f1adores que habitan estas regiones desconocidas.<\/p>\n<p align=\"justify\">Os conozco, queridos compa\u00f1ero, desde que a penas erais unos adolescentes y recorr\u00ed\u00adas las bibliotecas de vuestra ciudad en busca de los libros que conten\u00ed\u00adan mis palabras. Pronto os disteis cuenta que en la calle hab\u00ed\u00ada m\u00e1s sabidur\u00ed\u00ada que en las palabras de un viejo ruso, os disteis cuenta que no hab\u00ed\u00ada teor\u00ed\u00ada revolucionaria sin pr\u00e1ctica revolucionaria. Vuestro entusiasmo me regocijaba el coraz\u00f3n, vuestra dedicaci\u00f3n sorprend\u00ed\u00ada incluso a tantos otros compa\u00f1eros que comparten conmigo este eterno exilio. No m\u00e1s deciros que vuestro &#8220;compatriota&#8221; Buenaventura Durruti siempre estuvo al tanto vuestra pasi\u00f3n ilimitada.<\/p>\n<p align=\"justify\">Erais a penas unos ni\u00f1os y ya no conoc\u00ed\u00adas dudas, creyentes sin dios, que la sociedad sin estado que tanto anhelabais estaba a la vuelta de la esquina, que la pod\u00ed\u00adais rozar con los dedos de la mano, sinti\u00e9ndola respirar con cada una de vuestras iniciativas.<\/p>\n<p align=\"justify\">El tiempo pas\u00f3, y sin embargo no dejasteis de ser ni\u00f1os salvajes en busca de la utop\u00ed\u00ada tan realista de un mundo sin dirigentes ni dirigidos. Madurasteis si, pero os negasteis a ser adultos grises\u00a0y resignados. Decidisteis encajar los golpes\u00a0y levantaros una y otra vez sin agachar la cabeza. Os mordi\u00f3 la misma idea que agit\u00f3 mi entera existencia.<\/p>\n<p align=\"justify\">Me llena de emoci\u00f3n, mis queridos y j\u00f3venes compa\u00f1eros, cuando releo los peri\u00f3dicos de los varios pa\u00ed\u00adses de Europa por donde hab\u00e9is deambulado, cuentan vuestras andanzas y persecuciones. Pero no os he hecho falta salir de vuestra ciudad, a algunos de vosotros ni tan siquiera del barrio, para estar presentes en las m\u00e1s grandiosas batallas.<\/p>\n<p align=\"justify\">Mientras estuve vivo, mi existencia siempre transcurri\u00f3 de pa\u00ed\u00ads en pa\u00ed\u00ads, en busca de la ansiada revoluci\u00f3n, de exilio en exilio, escapando de la persecuci\u00f3n de todos los reg\u00ed\u00admenes. Sin embargo no tuve la oportunidad de contemplar un movimiento anarquista en mi Rusia natal. Despu\u00e9s, desde este limbo sin espacio ni tiempo he visto como otros tantos\u00a0se desangraban por querellas internas, he visto a muchos compa\u00f1eros\u00a0tan interesados en ponerse etiquetas con las que diferenciarse los unos de los otros,\u00a0que\u00a0cuando la revuelta ha llamado a su puerta, no han tenido o\u00ed\u00addos para escucharla entre tanta palabrer\u00ed\u00ada.<\/p>\n<p align=\"justify\">Vosotros, los amados hijos que nunca tuve, hab\u00e9is sabido limar vuestras asperezas, hab\u00e9is aprendido a agruparos no entorno a una hipot\u00e9tica escuela o tendencia, sino a una lucha y a un conflicto concreto. Me dir\u00e9is que os estoy adulando, pero creedme cuando os digo que sois la envidia de muchos de los que conmigo comparten este limbo sin espacio ni tiempo.<\/p>\n<p align=\"justify\">Pero tambi\u00e9n os tengo que decir que, aqu\u00ed\u00ad, desde esta regi\u00f3n desconocida, he visto como se os avecinan tiempos dif\u00ed\u00adciles, tiempos de persecuci\u00f3n indiscriminada. Vuestros enemigos, nuestros eternos enemigos, ya est\u00e1n afilando la cuchilla de la guillotina que os tienen reservada, preparan ya la bandeja de plata con la que mostrar a la opini\u00f3n p\u00fablica vuestras cabezas\u00a0junto a la de la de otros tantos\u00a0disidentes burgaleses.<\/p>\n<p align=\"justify\">Desde este rinc\u00f3n sin coordenadas, todo lo veo y todo lo oigo, soy un poco, mal que me pese, como el dios del Antiguo Testamento. Y os prevengo, mis queridos y j\u00f3venes compa\u00f1eros. He visto como, a los que llam\u00e1is &#8220;Caciques del ladrillo&#8221; exigen turbados vuestro p\u00fablico linchamiento, comentan indignados entre si que c\u00f3mo os atrev\u00e9is a criticar una cosa que se llama &#8220;especulaci\u00f3n urban\u00ed\u00adstica&#8221; que este pobre viejo ruso del siglo XIX, no termina de comprender bien. Lo que si que comprende perfectamente es que sus conciencias no est\u00e1n tranquilas, cada noche un mal sue\u00f1o turba su descanso. Hay episodios que no pueden borrarse de algunas conciencias por mucho dinero que se pague.<\/p>\n<p align=\"justify\">He visto tambi\u00e9n como un tal M\u00e9ndez Pozo, cuya conciencia tampoco esta muy tranquila, ha exigido a los redactores de su peri\u00f3dico un especial tratamiento, no solo para vosotros compa\u00f1eros, sino para todo aquel que no se santig\u00ed\u00bce ante las verdades absolutas que manan de sus hojas.<\/p>\n<p align=\"justify\">He visto tambi\u00e9n como desde un despacho de aquel horrible edificio que llaman &#8220;Subdelegaci\u00f3n de Gobierno&#8221;, se esta preparando el proceso represivo que pacifique vuestra ciudad de Burgos. He visto como manejan las fotos que, los agentes de lo que en mi \u00e9poca se llamaba 3\u00aa Secci\u00f3n, luego CHEKA, KGB, Brigada Pol\u00ed\u00adtico Social, Polic\u00ed\u00ada del Pensamiento, etc\u00e9tera&#8230;,os han hecho amparados en la sombra. No dudar\u00e1n de acusaros de lo que sea, as\u00ed\u00ad se fabrican los monstruos&#8230;<\/p>\n<p align=\"justify\">Sed fuertes compa\u00f1eros, se acercan d\u00ed\u00adas dif\u00ed\u00adciles y deb\u00e9is estar a la altura de las circunstancias. Reconocer errores no es de cobardes, sino de aquellos que est\u00e1n a la altura de la m\u00e1s alta expresi\u00f3n de la \u00e9tica y de la moral: la ANARQU\u00ed\u008dA.<\/p>\n<p align=\"justify\">Recordar las palabras de Piotor Kropotkin, otro viejo ruso que comparte este exilio perpetuo conmigo, y que tambi\u00e9n os saluda afectuosamente:&#8221; Es necesario tener presente que nuestra lucha no sabe de sentimentalismos. Altruismo, fortaleza de \u00e1nimo y de voluntad marcan el camino hacia la ansiada meta pudiendo hacernos superar cualquier obst\u00e1culo&#8221;.<\/p>\n<p align=\"justify\">Cuando la muerte os este esperando vestida de uniforme detr\u00e1s de cada esquina, y veng\u00e1is a reuniros conmigo en este limbo donde os espera Xos\u00e9 Tarrio, Jules Bonnot, Severino di Giovanni, Salvador Puich Antich, Christos Marinos y vuestro paisano burgal\u00e9s, Nicol\u00e1s Neira, cuando os hagan volar desde alguna ventana de comisar\u00ed\u00ada y hablen de &#8220;vuestra muerte accidental&#8221;, o simplemente cuando al levantaros os mir\u00e9is al espejo, aunque sea el espejo de una celda de aislamiento, tener siempre presente, amad\u00ed\u00adsimos compa\u00f1eros, estas tres palabras: &#8220;MERECI\u00ed\u201c LA PENA&#8221;.<\/p>\n<p align=\"justify\">Siempre merece la pena luchar, es una pasi\u00f3n liberadora que inflama los corazones de los que &#8220;no tenemos miedo a las ruinas porque heredaremos la tierra&#8221;.<\/p>\n<p align=\"justify\">Un fort\u00ed\u00adsimo abrazo con el coraz\u00f3n compa\u00f1eros.<\/p>\n<p align=\"justify\">Siempre vuestro<\/p>\n<p align=\"justify\"><strong>Mijail Alex\u00e1ndrovich Bakunin<\/strong><\/p>\n<p align=\"justify\">\u00a0<\/p>\n","protected":false},"excerpt":{"rendered":"<p>Estando reunidos en sesi\u00f3n plenaria, la puerta de nuestra redacci\u00f3n son\u00f3 de manera insistente. Nadie detr\u00e1s de ella, simplemente un sobre cerrado cuyo remite nos dejo sobrecogidos: M.A. Bakunin.<\/p>\n","protected":false},"author":2,"featured_media":0,"comment_status":"open","ping_status":"open","sticky":false,"template":"","format":"standard","meta":[],"categories":[14],"tags":[],"_links":{"self":[{"href":"https:\/\/diariodevurgos.com\/dvwps\/wp-json\/wp\/v2\/posts\/456"}],"collection":[{"href":"https:\/\/diariodevurgos.com\/dvwps\/wp-json\/wp\/v2\/posts"}],"about":[{"href":"https:\/\/diariodevurgos.com\/dvwps\/wp-json\/wp\/v2\/types\/post"}],"author":[{"embeddable":true,"href":"https:\/\/diariodevurgos.com\/dvwps\/wp-json\/wp\/v2\/users\/2"}],"replies":[{"embeddable":true,"href":"https:\/\/diariodevurgos.com\/dvwps\/wp-json\/wp\/v2\/comments?post=456"}],"version-history":[{"count":1,"href":"https:\/\/diariodevurgos.com\/dvwps\/wp-json\/wp\/v2\/posts\/456\/revisions"}],"predecessor-version":[{"id":10144,"href":"https:\/\/diariodevurgos.com\/dvwps\/wp-json\/wp\/v2\/posts\/456\/revisions\/10144"}],"wp:attachment":[{"href":"https:\/\/diariodevurgos.com\/dvwps\/wp-json\/wp\/v2\/media?parent=456"}],"wp:term":[{"taxonomy":"category","embeddable":true,"href":"https:\/\/diariodevurgos.com\/dvwps\/wp-json\/wp\/v2\/categories?post=456"},{"taxonomy":"post_tag","embeddable":true,"href":"https:\/\/diariodevurgos.com\/dvwps\/wp-json\/wp\/v2\/tags?post=456"}],"curies":[{"name":"wp","href":"https:\/\/api.w.org\/{rel}","templated":true}]}}