{"id":484,"date":"2007-06-01T07:20:28","date_gmt":"2007-06-01T11:20:28","guid":{"rendered":"http:\/\/diariodevurgos.com\/dvwps\/traslado-del-preso-anarquista-claudio-lavazza-tras-un-grave-incidente.php"},"modified":"2007-06-01T07:26:13","modified_gmt":"2007-06-01T11:26:13","slug":"traslado-del-preso-anarquista-claudio-lavazza-tras-un-grave-incidente","status":"publish","type":"post","link":"https:\/\/diariodevurgos.com\/dvwps\/traslado-del-preso-anarquista-claudio-lavazza-tras-un-grave-incidente.php","title":{"rendered":"Traslado del preso anarquista Claudio Lavazza tras un grave incidente."},"content":{"rendered":"<p class=\"lead\"><img id=\"image483\" title=\"abriendo puertas\" alt=\"abriendo puertas\" src=\"http:\/\/diariodevurgos.com\/dvwps\/wp-content\/uploads\/2007\/06\/144030474_2f8e29f0be_o.miniatura.jpg\" align=\"right\" \/>Claudio Lavazza, preso anarquista de origen italiano, encarcelado desde 1996 en diversas prisiones del Estado Espa\u00f1ol, ha sido trasladado de la c\u00e1rcel de Albolote (Granada) a la de Texeiro (A Coru\u00f1a) tras un incidente con un funcionario. <!--more--><\/p>\n<p>El pasado d\u00ed\u00ada 29 de marzo de 2007, el preso anarquista Claudio Lavazza fue objeto de graves provocaciones por parte de un funcionario del m\u00f3dulo 2 de la c\u00e1rcel de Albolote (Granada), en el transcurso de un cacheo realizado sin testigos. (ver relato del incidente por Claudio).<\/p>\n<p>Como consecuencia de este incidente, Claudio fue acusado de &#8220;resistencia activa a un funcionario&#8221;\u009d y le aplicaron aislamiento e intervenci\u00f3n de las comunicaciones (Art. 75 del RP), bas\u00e1ndose en el siguiente argumento:&#8221; el d\u00ed\u00ada 29\/03\/07 se le ha requisado documentaci\u00f3n, en la que se deduce, que por medio de contactos con personas del exterior podr\u00ed\u00ada tener previsto atentar contra la seguridad del centro&#8221;\u009d. Posteriormente la DGIP se hizo cargo de decidir al respecto.<\/p>\n<p>Claudio present\u00f3 una queja por la aplicaci\u00f3n del Art.75 ante Juez de Vigilancia Penitenciaria de Granada, \u00e9l cual ha dado la raz\u00f3n a la c\u00e1rcel con los siguientes argumentos:&#8221;\u009dla justificaci\u00f3n de la medida, no fue otra que la de garantizar el buen orden y seguridad del establecimiento, ya que en un cacheo por sorpresa practicado entre sus pertenencias pudo ocuparse, no sin oponer resistencia el penado que trat\u00f3 de trag\u00e1rselo, parte de un papel de cuya lectura pueden deducirse actos preparatorios de una posible fuga&#8221;\u009d.<\/p>\n<p>Claudio ha permanecido en el m\u00f3dulo de aislamiento de Albolote (m-1), sin que se le haya comunicado cuanto tiempo le iban a mantener en aislamiento, cuando iban a decidir sobre su caso ni si le iban aplicar alguna sanci\u00f3n o medida (traslado, clasificaci\u00f3n en 1er grado, FIES&#8230;). El d\u00ed\u00ada 12 de mayo de 2007, tras 44 d\u00ed\u00adas en aislamiento, ha Claudio le notificaron (desde la DGIP) que va a continuar en 2\u00ba grado y que iba ser trasladado al CP de Teixeiro, en A Coru\u00f1a (Galicia). Desde el d\u00ed\u00ada 19 de mayo Claudio ya se encuentra en la c\u00e1rcel gallega de Teixeiro, en un m\u00f3dulo normal.<\/p>\n<p>La nueva direcci\u00f3n de Claudio es:<br \/>\n<strong>Claudio Lavazza<br \/>\nC.P. Teixeiro (m\u00f3dulo 11)<br \/>\nCarretera Paradela s\/n<br \/>\n15310 Teixeiro-Curtis (A Coru\u00f1a)<\/strong><\/p>\n<p><strong>Tlf. Informaci\u00f3n: 981779500<br \/>\nTlf. Comunicaciones: 981779513<\/strong><\/p>\n<p>&#8212;&#8212;&#8212;&#8212;&#8212;&#8212;&#8212;&#8212;&#8212;&#8212;&#8212;&#8212;&#8212;&#8212;&#8212;&#8212;&#8212;&#8212;&#8212;&#8212;&#8212;&#8212;&#8212;&#8212;&#8212;&#8212;&#8212;&#8212;&#8212;&#8212;-<br \/>\n<strong>\u00a0<\/strong><strong>Carta de Claudio desde Teixeiro (24 mayo 2007)<\/strong><\/p>\n<p>(&#8230;)&#8221;\u009dLo cierto es que vino el educador de mi m\u00f3dulo(cuando estaba all\u00ed\u00ad en aislamiento, en Granada) y me coment\u00f3 que s\u00f3lo \u00e9l me defendi\u00f3, no permitiendo que se adoptasen medidas de regresi\u00f3n de grado, en la reuni\u00f3n extraordinaria de la Junta de R\u00e9gimen que se efectu\u00f3 el d\u00ed\u00ada siguiente a la aplicaci\u00f3n del Art. 75. Tambi\u00e9n me coment\u00f3 que desde el Pa\u00ed\u00ads vasco vuestra asociaci\u00f3n me estaba ayudando.<\/p>\n<p>Creo que gracias al educador, a <a href=\"mailto:vosotr@s\">vosotr@s<\/a>* y a la carta a la Directora general* fueron lo que me evitaron el primer grado, dejando en evidencia el grupo compacto de los dem\u00e1s, la Junta de r\u00e9gimen, el Sub.Director de seguridad (principal interesado en echarme de granada), el Director, el funcionario que me cache\u00f3 y por fin el Juez de Vigilancia Penitenciaria, unidos en una toma de posici\u00f3n un\u00e1nime e inapelable en mi contra.<\/p>\n<p>El educador tard\u00f3 15 d\u00ed\u00adas en ser autorizado para verme all\u00ed\u00ad en el departamento de aislamiento, \u00f3sea cuando ya todos hab\u00ed\u00adan tomado la decisi\u00f3n sobre mi futuro, conden\u00e1ndome de antemano sin haberme podido defender como solicit\u00e9 al Director del Centro Penitenciario y al Juez de Vigilancia Penitenciaria mediante escritos.<\/p>\n<p>(&#8230;)Adem\u00e1s tengo pendiente la sanci\u00f3n a pagar. Me piden entre 6 y 14 d\u00ed\u00adas de aislamiento, &#8220;falta muy grave&#8221;\u009d que queda como una mancha en el expediente&#8230;<br \/>\n*Claudio hace referencia a las cartas enviadas a la Directora Gral. De IIPP y a la Direcci\u00f3n del C.P. de Albolote por parte de una asociaci\u00f3n vasca, y al seguimiento que ha hecho esta asociaci\u00f3n de este incidente.<br \/>\n&#8212;&#8212;&#8212;&#8212;&#8212;&#8212;&#8212;&#8212;&#8212;&#8212;&#8212;&#8212;&#8212;&#8212;&#8212;&#8212;&#8212;&#8212;&#8212;&#8212;&#8212;&#8212;&#8212;&#8212;&#8212;&#8212;&#8212;&#8212;<\/p>\n<p><strong>CARTA DE CLAUDIO LAVAZZA CONTANDO EL INCIDENTE POR EL CUAL HA SIDO ENVIADO AL MODULO DE AISLAMIENTODE ALBOLOTE EL 29\/03\/2007<\/strong><\/p>\n<p>Albolote, Granada 8 de abril 2007<\/p>\n<p>Desde el d\u00ed\u00ada 29\/03\/07 me encuentro en el m\u00f3dulo de aislamiento, por una movida con un funcionario del m\u00f3dulo 2. Los hechos se desarrollaron as\u00ed\u00ad. El 29\/03, un jueves, el citado funcionario reci\u00e9n llegado despu\u00e9s de los cambios rutinarios anuales, me orden\u00f3 un cacheo, al cual asent\u00ed\u00ad sin problemas como siempre suele pasar cada 15 o 20 d\u00ed\u00adas, estoy acostumbrado. Dicho cacheo se desarrolla en el cuarto del educador, con la presencia del funcionario (solo) y yo&#8230;No hab\u00ed\u00ada nadie m\u00e1s presente en el peque\u00f1o cuarto.<\/p>\n<p>Desde el principio noto que es algo ins\u00f3lito, huele a provocaci\u00f3n porque el funcionario empieza a leer todo lo que iba cacheando, mis escritos, mis cartas, el contenido de la carpeta que llevaba, etc. Se que estoy delante de una actuaci\u00f3n abusiva, dado que no tengo la intervenci\u00f3n (del correo por orden judicial) y el funcionario est\u00e1 faltando a mi derecho a la intimidad&#8230;Pero me callo&#8230;No digo nada&#8230;.Mientras que los argumentos del funcionario pasan por &#8221; porque usted es muy peligroso&#8221;\u009d.Hasta que me saca del bolsillo un peque\u00f1o escrito que ten\u00ed\u00ada guardado all\u00ed\u00ad, donde ten\u00ed\u00ada apuntadas referencias de fechas que me sirven para escribir mi autobiograf\u00ed\u00ada. Dichas referencias una vez enviadas a <a href=\"mailto:l@s\">l@s<\/a> <a href=\"mailto:interesad@s\">interesad@s<\/a> para obtener su autorizaci\u00f3n para publicar sus historias y movidas, sin que puedan perjudicarles(&#8230;) estoy hablando de hechos acaecidos en mi pa\u00ed\u00ads en los a\u00f1os 70 y como comprender\u00e1s son de cierta gravedad jur\u00ed\u00addica, y por esto tengo que actuar con mis preguntas y eventuales respuestas con la m\u00e1xima precauci\u00f3n. Este tipo de escrito le pareci\u00f3 raro (as\u00ed\u00ad me lo dijo el funcionario) y quiso llev\u00e1rselo, pero no se lo permit\u00ed\u00ad, se lo quite y \u00e9l intento arrebat\u00e1rmelo. Y para que quedase claro que no permit\u00ed\u00ada que se lo llevase me lo met\u00ed\u00ad en la boca&#8230;\u00e9l intent\u00f3 meterme los dedos en la boca para sac\u00e1rmelo, pero que va! Le quite sus manos de mi cara. Si permites que te hagan esto acabas degrad\u00e1ndote completamente como persona. Al final le entregu\u00e9 un trozo de papel para que vieran que all\u00ed\u00ad no hab\u00ed\u00ada nada que atentase contra la seguridad del centro penitenciario.<\/p>\n<p>Pero a mi el funcionario me meti\u00f3 &#8220;resistencia activa&#8221;\u009d &#8220;aislamiento y orden de la Direcci\u00f3n con aplicaci\u00f3n del Art. 75 del RP , intervenci\u00f3n de las comunicaciones que conlleva la limitaci\u00f3n de las cartas, telegramas o burofax que puedo remitir a un m\u00e1ximo de dos (semanales) seg\u00fan lo dispuesto en el Art. 46.1 del RP. En fin una pasada. En la motivaci\u00f3n de la citada sanci\u00f3n el p\u00e1rrafo 3\u00ba dice&#8221;\u009del d\u00ed\u00ada 29\/03\/07 se le ha requisado documentaci\u00f3n, en la que se deduce, que por medio de contactos con personas del exterior podr\u00ed\u00ada tener previsto atentar contra la seguridad del centro&#8221;\u009d&#8230;\u00f3sea que son deducciones, no tienen certezas \u00bfY c\u00f3mo las iban a tener si en el escrito no hab\u00ed\u00ada nada que atentase contra el centro penitenciario? As\u00ed\u00ad se lo comente al juez de vigilancia penitenciaria(&#8230;)<\/p>\n<p>(&#8230;) No se cuanto va a durar esto y estoy preparado para lo peor, traslados, 1er grado,etc.(&#8230;)<br \/>\nExtra\u00ed\u00addo de: <a href=\"http:\/\/www.klinamen.org\/\">http:\/\/www.klinamen.org\/<\/a><\/p>\n<p>Para m\u00e1s info sobre Claudio pincha <a title=\"Claudio Lavazza\" href=\"http:\/\/pdg.mahost.org\/presos\/paginapresos\/claudio.htm\">aqui<\/a><\/p>\n","protected":false},"excerpt":{"rendered":"<p>Claudio Lavazza, preso anarquista de origen italiano, encarcelado desde 1996 en diversas prisiones del Estado Espa\u00f1ol, ha sido trasladado de la c\u00e1rcel de Albolote (Granada) a la de Texeiro (A Coru\u00f1a) tras un incidente con un funcionario.<\/p>\n","protected":false},"author":8,"featured_media":0,"comment_status":"open","ping_status":"open","sticky":false,"template":"","format":"standard","meta":[],"categories":[17],"tags":[],"_links":{"self":[{"href":"https:\/\/diariodevurgos.com\/dvwps\/wp-json\/wp\/v2\/posts\/484"}],"collection":[{"href":"https:\/\/diariodevurgos.com\/dvwps\/wp-json\/wp\/v2\/posts"}],"about":[{"href":"https:\/\/diariodevurgos.com\/dvwps\/wp-json\/wp\/v2\/types\/post"}],"author":[{"embeddable":true,"href":"https:\/\/diariodevurgos.com\/dvwps\/wp-json\/wp\/v2\/users\/8"}],"replies":[{"embeddable":true,"href":"https:\/\/diariodevurgos.com\/dvwps\/wp-json\/wp\/v2\/comments?post=484"}],"version-history":[{"count":0,"href":"https:\/\/diariodevurgos.com\/dvwps\/wp-json\/wp\/v2\/posts\/484\/revisions"}],"wp:attachment":[{"href":"https:\/\/diariodevurgos.com\/dvwps\/wp-json\/wp\/v2\/media?parent=484"}],"wp:term":[{"taxonomy":"category","embeddable":true,"href":"https:\/\/diariodevurgos.com\/dvwps\/wp-json\/wp\/v2\/categories?post=484"},{"taxonomy":"post_tag","embeddable":true,"href":"https:\/\/diariodevurgos.com\/dvwps\/wp-json\/wp\/v2\/tags?post=484"}],"curies":[{"name":"wp","href":"https:\/\/api.w.org\/{rel}","templated":true}]}}