{"id":497,"date":"2007-06-06T07:05:35","date_gmt":"2007-06-06T11:05:35","guid":{"rendered":"http:\/\/diariodevurgos.com\/dvwps\/la-zarza-ser-o-no-ser%e2%80%a6.php"},"modified":"2007-06-06T07:29:05","modified_gmt":"2007-06-06T11:29:05","slug":"la-zarza-ser-o-no-ser%e2%80%a6","status":"publish","type":"post","link":"https:\/\/diariodevurgos.com\/dvwps\/la-zarza-ser-o-no-ser%e2%80%a6.php","title":{"rendered":"La Zarza: Ser o no Ser&#8230;"},"content":{"rendered":"<p class=\"lead\">Hoy,  mi\u00e9rcoles 6 de junio de 2006, se cumple el ultim\u00e1tum jur\u00ed\u00addico de 48 horas interpuesto contra el Espacio Social Ocupado ubicado en el barrio de Capiscol. Para hacer frente a la intimidaci\u00f3n, la asamblea de <strong>la Zarza<\/strong> convoca una <strong>concentraci\u00f3n-asamblea p\u00fablica <\/strong>para esta misma tarde, a partir de las <strong>18.00 horas<\/strong> en adelante, donde se informar\u00e1 del estado de la situaci\u00f3n.<\/p>\n<p><strong>Todos a la Zarza!!!<br \/>\nParemos el desalojo!!!<br \/>\nNo podr\u00e1n arrebatarnos nuestros sue\u00f1os!!! <\/strong><\/p>\n<p align=\"center\"><img alt=\"2\" title=\"2\" id=\"image318\" src=\"http:\/\/diariodevurgos.com\/dvwps\/wp-content\/uploads\/2007\/04\/p1010494peque.jpg\" \/><\/p>\n","protected":false},"excerpt":{"rendered":"<p>Hoy, mi\u00e9rcoles 6 de junio de 2006, se cumple el ultim\u00e1tum jur\u00ed\u00addico de 48 horas interpuesto contra el Espacio Social Ocupado ubicado en el barrio de Capiscol. Para hacer frente a la intimidaci\u00f3n, la asamblea de la Zarza convoca una concentraci\u00f3n-asamblea p\u00fablica para esta misma tarde, a partir de las 18.00 horas en adelante, donde&#8230;  <a href=\"https:\/\/diariodevurgos.com\/dvwps\/la-zarza-ser-o-no-ser%e2%80%a6.php\" class=\"more-link\" title=\"Read La Zarza: Ser o no Ser&#8230;\">Read more &raquo;<\/a><\/p>\n","protected":false},"author":8,"featured_media":0,"comment_status":"open","ping_status":"open","sticky":false,"template":"","format":"standard","meta":[],"categories":[2,14,20],"tags":[],"_links":{"self":[{"href":"https:\/\/diariodevurgos.com\/dvwps\/wp-json\/wp\/v2\/posts\/497"}],"collection":[{"href":"https:\/\/diariodevurgos.com\/dvwps\/wp-json\/wp\/v2\/posts"}],"about":[{"href":"https:\/\/diariodevurgos.com\/dvwps\/wp-json\/wp\/v2\/types\/post"}],"author":[{"embeddable":true,"href":"https:\/\/diariodevurgos.com\/dvwps\/wp-json\/wp\/v2\/users\/8"}],"replies":[{"embeddable":true,"href":"https:\/\/diariodevurgos.com\/dvwps\/wp-json\/wp\/v2\/comments?post=497"}],"version-history":[{"count":0,"href":"https:\/\/diariodevurgos.com\/dvwps\/wp-json\/wp\/v2\/posts\/497\/revisions"}],"wp:attachment":[{"href":"https:\/\/diariodevurgos.com\/dvwps\/wp-json\/wp\/v2\/media?parent=497"}],"wp:term":[{"taxonomy":"category","embeddable":true,"href":"https:\/\/diariodevurgos.com\/dvwps\/wp-json\/wp\/v2\/categories?post=497"},{"taxonomy":"post_tag","embeddable":true,"href":"https:\/\/diariodevurgos.com\/dvwps\/wp-json\/wp\/v2\/tags?post=497"}],"curies":[{"name":"wp","href":"https:\/\/api.w.org\/{rel}","templated":true}]}}