{"id":4979,"date":"2010-06-10T08:09:18","date_gmt":"2010-06-10T07:09:18","guid":{"rendered":"http:\/\/diariodevurgos.com\/dvwps\/?p=4979"},"modified":"2010-06-10T08:09:18","modified_gmt":"2010-06-10T07:09:18","slug":"adios-tebycon","status":"publish","type":"post","link":"https:\/\/diariodevurgos.com\/dvwps\/adios-tebycon.php","title":{"rendered":"Adios Tebycon"},"content":{"rendered":"<p class=\"lead\"><img loading=\"lazy\" class=\"size-full wp-image-4386 alignright\" title=\"tebycon\" src=\"http:\/\/diariodevurgos.com\/dvwps\/wp-content\/uploads\/2010\/03\/tebycon1.jpg\" alt=\"tebycon\" width=\"114\" height=\"54\" \/>Y la m\u00e1xima se cumpli\u00f3. Despu\u00e9s de mucho tiempo de incertidumbre, de cuchicheos, de rumores, de realidades&#8230; el fin lleg\u00f3 tal y como estaba anunciado. Tebycon con un volumen de facturaci\u00f3n de 75 millones en 2007 seg\u00fan el Registro Mercantil, presenta concurso de acreedores.<\/p>\n<p>Esta constructora es una de las m\u00e1s grandes e importantes de Castilla y Le\u00f3n, son varias obras las que tiene concedidas en la provincia y en la propia ciudad.<\/p>\n<p><!--more-->Tiene una partida superior a un mill\u00f3n de euros adjudicada en <a href=\"http:\/\/es.wikipedia.org\/wiki\/Uni%C3%B3n_Temporal_de_Empresas\">UTE<\/a> con otra empresa para las mejoras de la N-I en Santa Mar\u00ed\u00ada Ribarrendonda y en octubre de 2009 recibi\u00f3 (de nuevo en UTE) la adjudicaci\u00f3n de las mejoras de un tramo de carretera entre Palencia y Burgos, concretamente en la BU-627 y la P-627 entre Villadiego y Herrera de Pisuerga, por valor de siete millones. La primera adjudicaci\u00f3n es de Fomento y la segunda de la Junta.<br \/>\nAdem\u00e1s dispone de varias promociones de pisos, como la de Estaci\u00f3n-Cellophane, en Burgos capital.<\/p>\n<p>Tambi\u00e9n opto al concurso presentado para llevar a cabo la fara\u00f3nica obra del bulevar pero de esta tarta no le dejaron comer ya que no pose\u00ed\u00ada los avales necesarios para poder participar en el banquete.<br \/>\nLa obra m\u00e1s visible y que se ver\u00e1 seriamente afectada ser\u00e1 la que esta ejecutando en el Puente Castilla.<\/p>\n<p>En Miranda: Se encuentra en este momento realizando las obras del Hangar de arte joven por un coste de 2,3 millones de euros (que debido a esta situaci\u00f3n no se sabe si se acabara la ejecuci\u00f3n); han realizado recientemente varias actuaciones dentro del grupo de las financiadas por el Plan E (un tramo de carril bici y urbanizaci\u00f3n de Leopoldo Lewin).<\/p>\n<p>Fue la encargada de asfaltar el entorno de la rotonda de Ronda del Ferrocarril con la calle Estaci\u00f3n.<\/p>\n<p>Ha sido tambi\u00e9n subcontratada por Sedesa para realizar el mismo tipo de trabajo en el vial de conexi\u00f3n entre la N-1 y la carretera de Logro\u00f1o a trav\u00e9s del pol\u00ed\u00adgono de Bayas.<\/p>\n<p>Seg\u00fan los trabajadores de la propia empresa les ha sido imposible re-negociar con los bancos y cajas su deuda, solo tres han sido los que la han respaldado: BBVA, Caja Cantabria y Caja Burgos y 17 las que se han negado.<\/p>\n<p>Una empresa afectada por los impagos de Tebycon la que se ha visto forzada ha denunciar la situaci\u00f3n en el Juzgado de lo Mercantil (Jardib\u00e9rica)  lo que ha derivado en que la empresa tenga que presentar la petici\u00f3n para presentarse en concurso de acreedores (que esta siendo estudiada por el juez).<br \/>\nHace ya tiempo que se viene hablando de las dificultades financieras por las que estaba atravesando dicha empresa (aunque su imagen era buena&#8230;), trabajadores sin cobrar (seis meses), acreedores a los que les eran devueltos los pagares si posibilidad de cobro&#8230;<br \/>\nDe cumplirse esa petici\u00f3n la empresa dejar\u00ed\u00ada en la calle a unos 205 trabajadores que tiene en plantilla y se ve muy oscuro cual va a ser el futuro de los acreedores.<\/p>\n<p><img loading=\"lazy\" class=\"size-medium wp-image-4982 alignleft\" title=\"constructoras-deuda\" src=\"http:\/\/diariodevurgos.com\/dvwps\/wp-content\/uploads\/2010\/06\/constructoras-deuda-300x225.jpg\" alt=\"constructoras-deuda\" width=\"300\" height=\"225\" srcset=\"https:\/\/diariodevurgos.com\/dvwps\/wp-content\/uploads\/2010\/06\/constructoras-deuda-300x225.jpg 300w, https:\/\/diariodevurgos.com\/dvwps\/wp-content\/uploads\/2010\/06\/constructoras-deuda.jpg 450w\" sizes=\"(max-width: 300px) 100vw, 300px\" \/>Es triste ver como son los trabajadores los que como siempre pagan los platos rotos, si bien es cierto que seg\u00fan informa el comit\u00e9 de empresa: hay varias empresas tanto del sector p\u00fablico como del privado que tienen a su vez deudas contra\u00ed\u00addas con Tebycon y que todav\u00ed\u00ada no le han sido liquidadas (entre ellos el HayUntamiento de Burgos); en vista a esta situaci\u00f3n los trabajadores se plantean llevar a cabo concentraciones en las sedes de las empresas deudoras para presionarles y que de esta manera por lo menos sean abonadas sus n\u00f3minas retrasadas.<br \/>\n<a href=\"http:\/\/www.foroswebgratis.com\/tema-despidos_sucios_en_tebycon-24544-2236708.htm\">Son tambi\u00e9n varios los foros<\/a> donde tanto <a href=\"http:\/\/foroimpagados.com\/803-tebycon-burgos-alguien-sabe-algo.html\">acreedores como trabajadores exponen sus situaciones<\/a> y donde uno se puede hacer a la idea de la magnitud de la historia.<\/p>\n<p><a href=\"http:\/\/diariodevurgos.com\/dvwps\/lo-que-se-cuece-en-tebycon.php\">A pesar de que la ultima noticia que esta web public\u00f3 sobre Tebycon<\/a> nos<br \/>\ntrajo amenazas legales por parte de la empresa sobre alg\u00fan comentario molesto que narraba la forma de vida que llevaban algunos de sus gerifaltes y directivos; desde DV queremos mostrar nuestra m\u00e1s sincera solidaridad y apoyo a los trabajadores ofreciendo este medio si lo consideran menester para expresar sus reivindicaciones; y nuestra m\u00e1s profunda repulsa e indignaci\u00f3n a la avaricia y gesti\u00f3n de esas sanguijuelas llamados jefes.<\/p>\n<p>Tanto va el c\u00e1ntaro a la fuente que al final se rompe.<\/p>\n","protected":false},"excerpt":{"rendered":"<p>Y la m\u00e1xima se cumpli\u00f3. Despu\u00e9s de mucho tiempo de incertidumbre, de cuchicheos, de rumores, de realidades&#8230; el fin lleg\u00f3 tal y como estaba anunciado. Tebycon con un volumen de facturaci\u00f3n de 75 millones en 2007 seg\u00fan el Registro Mercantil, presenta concurso de acreedores. Esta constructora es una de las m\u00e1s grandes e importantes de&#8230;  <a href=\"https:\/\/diariodevurgos.com\/dvwps\/adios-tebycon.php\" class=\"more-link\" title=\"Read Adios Tebycon\">Read more &raquo;<\/a><\/p>\n","protected":false},"author":7,"featured_media":0,"comment_status":"open","ping_status":"closed","sticky":false,"template":"","format":"standard","meta":[],"categories":[2,12,5],"tags":[],"_links":{"self":[{"href":"https:\/\/diariodevurgos.com\/dvwps\/wp-json\/wp\/v2\/posts\/4979"}],"collection":[{"href":"https:\/\/diariodevurgos.com\/dvwps\/wp-json\/wp\/v2\/posts"}],"about":[{"href":"https:\/\/diariodevurgos.com\/dvwps\/wp-json\/wp\/v2\/types\/post"}],"author":[{"embeddable":true,"href":"https:\/\/diariodevurgos.com\/dvwps\/wp-json\/wp\/v2\/users\/7"}],"replies":[{"embeddable":true,"href":"https:\/\/diariodevurgos.com\/dvwps\/wp-json\/wp\/v2\/comments?post=4979"}],"version-history":[{"count":13,"href":"https:\/\/diariodevurgos.com\/dvwps\/wp-json\/wp\/v2\/posts\/4979\/revisions"}],"predecessor-version":[{"id":4993,"href":"https:\/\/diariodevurgos.com\/dvwps\/wp-json\/wp\/v2\/posts\/4979\/revisions\/4993"}],"wp:attachment":[{"href":"https:\/\/diariodevurgos.com\/dvwps\/wp-json\/wp\/v2\/media?parent=4979"}],"wp:term":[{"taxonomy":"category","embeddable":true,"href":"https:\/\/diariodevurgos.com\/dvwps\/wp-json\/wp\/v2\/categories?post=4979"},{"taxonomy":"post_tag","embeddable":true,"href":"https:\/\/diariodevurgos.com\/dvwps\/wp-json\/wp\/v2\/tags?post=4979"}],"curies":[{"name":"wp","href":"https:\/\/api.w.org\/{rel}","templated":true}]}}