{"id":5244,"date":"2010-09-13T08:00:17","date_gmt":"2010-09-13T07:00:17","guid":{"rendered":"http:\/\/diariodevurgos.com\/dvwps\/?p=5244"},"modified":"2010-09-13T11:25:05","modified_gmt":"2010-09-13T10:25:05","slug":"nazis-en-burgos-otra-vez","status":"publish","type":"post","link":"https:\/\/diariodevurgos.com\/dvwps\/nazis-en-burgos-otra-vez.php","title":{"rendered":"Nazis en Burgos, otra vez"},"content":{"rendered":"<p class=\"lead\">Otra vez, como han hecho los \u00faltimos a\u00f1os. El partido nazi &#8220;<em>Democracia Nacional<\/em>&#8220;\u009d vuelve a organizar un desfile por las calles de Burgos al que acudir\u00e1n simpatizantes de todo el Estado Espa\u00f1ol.<\/p>\n<p align=\"center\"><img loading=\"lazy\" class=\"alignnone size-full wp-image-1964\" title=\"nazarioscuadrandoseperros\" src=\"http:\/\/diariodevurgos.com\/dvwps\/wp-content\/uploads\/2010\/09\/nazarioscuadrandoseperros.jpg\" alt=\"nazarioscuadrandoseperros\" width=\"420\" height=\"150\" \/><\/p>\n<p><!--more--><br \/>\nComo cada a\u00f1o, vuelven a pasear por Burgos un grup\u00fasculo de personas venidas de fuera para corear todo tipo de consignas fascistas, xen\u00f3fobas y autoritarias mientras homenajean la figura de Rodrigo Di\u00e1z de Vivar, m\u00e1s conocido como El Cid Campeador y figura hist\u00f3rica que no necesita presentaci\u00f3n. El 25 de Septiembre es el d\u00ed\u00ada en que los nazis pueden sacar sus atuendos fascistas: Camisetas, cintos, banderas&#8230; arropados c\u00f3modamente por un tumulto de personas venidas de todos los rincones de la pen\u00ed\u00adnsula. Obviamente si ustedes tienen unos m\u00ed\u00adnimos hist\u00f3ricos se habr\u00e1n preguntado que pintan unos xen\u00f3fobos homenajeando a un personaje que lucho del lado de los musulmanes, seguramente la lectura de tanto revisionismo y tanta propaganda nazi haga estragos irreversibles en la cultura de estos individuos que ya se han paseado otras veces brazo en alto, como le gustaba a Hilter, por Burgos con la misma tonter\u00ed\u00ada. Este grup\u00fasculo pol\u00ed\u00adtico que se disfraza de dem\u00f3crata cuando hay elecciones tiene como principal actividad y casi \u00fanica la propaganda de sus ideas y de su partido, su poca aceptaci\u00f3n social les impide ir m\u00e1s all\u00e1. Una de sus principales actividades este ultimo a\u00f1o en Burgos ha sido extender el eslogan &#8220;Josu\u00e9 libertad&#8221;\u009d, el personaje que asesto varias pu\u00f1aladas a Carlos Palomino y que le provocaron la muerte. Los bandazos que ha dado este partido pol\u00ed\u00adtico que tuvo que negar alguna vinculaci\u00f3n con Josu\u00e9 durante los meses posteriores al asesinato se vuelven contra ellos ahora que sus militantes hacen campa\u00f1a a favor de la libertad de este individuo, como se volvieron contra ellos las denuncias interpuestas a todo aquel que les llamaba nazis cuando un juez no vio ning\u00fan delito en atribuirles semejante calificativo despectivo y m\u00e1s despu\u00e9s de ser testigos de como sus militantes se han paseado delante del Cid brazo en alto y agitando consignas nazis.<\/p>\n<p style=\"margin-bottom: 0cm;\">Por otro lado este partido suele confundir a sus votantes con otro tipo de publicidad a parte de la xen\u00f3foba que suele cargar contra los partidos mayoritarios PP y  PSOE criticando a ambos partidos y mostr\u00e1ndoles como iguales pero a sus dirigentes burgaleses no les ha importado hacer reverencias a destacados miembros del PP, de hecho sus dirigente han llegado a pactos de gobierno con el Partido Popular en Tardajos, es en este pueblo donde Democracia Nacional logro una concejal\u00ed\u00ada de las tan solo tres conseguidas a nivel nacional en las elecciones municiaples del 2007.<\/p>\n<p align=\"center\"><img loading=\"lazy\" class=\"alignnone size-full wp-image-1964\" title=\"AparicioConDN\" src=\"http:\/\/diariodevurgos.com\/dvwps\/wp-content\/uploads\/2008\/10\/finaliza-la-visita-de-la-au.jpg\" alt=\"AparicioConDN\" width=\"400\" height=\"283\" \/><\/p>\n<p>Durante todos los a\u00f1os que los nazis de este partido pol\u00ed\u00adtico han desfilado por las calles burgalesas muchos burgaleses hemos salido a recordarles que en Burgos no son bien recibidos y que para demostrarlo no necesitamos traer autobuses de fuera ni hacer una llamada a nivel nacional, las ideas xen\u00f3fobas y los planteamientos nacionalsocialistas o de extrema derecha generan mucho rechazo social y m\u00e1s cuando entre sus filas cuentan con simpatizantes de asesinos. De hecho no es casual que sus militantes frecuenten ciertos episodios violentos con  agresiones de por medio ya sea activa o pasivamente.<\/p>\n<p align=\"center\"><img loading=\"lazy\" class=\"alignnone\" title=\"antifascistas\" src=\"http:\/\/diariodevurgos.com\/dvwps\/wp-content\/uploads\/2008\/09\/alim0447.jpg\" alt=\"\" width=\"440\" height=\"330\" \/><\/p>\n<p>La subdelegaci\u00f3n del gobierno suele preparar un amplio despliegue policial para los actos p\u00fablicos de este partido, saben el rechazo social que origina y las protestas que desencadena, no solo sus desfiles sino sus conferencias y actos electorales. Animamos a secundar todas las acciones y actos de protesta y a demostrar el rechazo en la calle a estos grupusculos paraestatales minoritarios que el estado utiliza cuando le interesa.<\/p>\n","protected":false},"excerpt":{"rendered":"<p>Otra vez, como han hecho los \u00faltimos a\u00f1os. El partido nazi &#8220;Democracia Nacional&#8220;\u009d vuelve a organizar un desfile por las calles de Burgos al que acudir\u00e1n simpatizantes de todo el Estado Espa\u00f1ol.<\/p>\n","protected":false},"author":1,"featured_media":0,"comment_status":"closed","ping_status":"closed","sticky":false,"template":"","format":"standard","meta":[],"categories":[31,2,5],"tags":[],"_links":{"self":[{"href":"https:\/\/diariodevurgos.com\/dvwps\/wp-json\/wp\/v2\/posts\/5244"}],"collection":[{"href":"https:\/\/diariodevurgos.com\/dvwps\/wp-json\/wp\/v2\/posts"}],"about":[{"href":"https:\/\/diariodevurgos.com\/dvwps\/wp-json\/wp\/v2\/types\/post"}],"author":[{"embeddable":true,"href":"https:\/\/diariodevurgos.com\/dvwps\/wp-json\/wp\/v2\/users\/1"}],"replies":[{"embeddable":true,"href":"https:\/\/diariodevurgos.com\/dvwps\/wp-json\/wp\/v2\/comments?post=5244"}],"version-history":[{"count":12,"href":"https:\/\/diariodevurgos.com\/dvwps\/wp-json\/wp\/v2\/posts\/5244\/revisions"}],"predecessor-version":[{"id":5292,"href":"https:\/\/diariodevurgos.com\/dvwps\/wp-json\/wp\/v2\/posts\/5244\/revisions\/5292"}],"wp:attachment":[{"href":"https:\/\/diariodevurgos.com\/dvwps\/wp-json\/wp\/v2\/media?parent=5244"}],"wp:term":[{"taxonomy":"category","embeddable":true,"href":"https:\/\/diariodevurgos.com\/dvwps\/wp-json\/wp\/v2\/categories?post=5244"},{"taxonomy":"post_tag","embeddable":true,"href":"https:\/\/diariodevurgos.com\/dvwps\/wp-json\/wp\/v2\/tags?post=5244"}],"curies":[{"name":"wp","href":"https:\/\/api.w.org\/{rel}","templated":true}]}}