{"id":5311,"date":"2010-09-17T14:36:01","date_gmt":"2010-09-17T13:36:01","guid":{"rendered":"http:\/\/diariodevurgos.com\/dvwps\/?p=5311"},"modified":"2010-09-17T14:36:01","modified_gmt":"2010-09-17T13:36:01","slug":"huelga-solidaria-indefinida-en-amvi","status":"publish","type":"post","link":"https:\/\/diariodevurgos.com\/dvwps\/huelga-solidaria-indefinida-en-amvi.php","title":{"rendered":"Huelga solidaria indefinida en AMVI"},"content":{"rendered":"<p class=\"lead\"><a rel=\"attachment wp-att-411\" href=\"http:\/\/diariodevurgos.com\/dvwps\/apaleado-el-candidato-de-democracia-nacional.php\/puno\"><img loading=\"lazy\" class=\"alignright size-full wp-image-411\" title=\"pu\u00f1o\" src=\"http:\/\/diariodevurgos.com\/dvwps\/wp-content\/uploads\/2007\/05\/puno-2.jpg\" alt=\"pu\u00f1o\" width=\"100\" height=\"132\" \/><\/a>Los trabajadores de la empresa AMVI, que fabrican v\u00e1lvulas industriales en el pol\u00ed\u00adgono de Villalonquejar, est\u00e1n <strong>desde<\/strong> el pasado <strong>Lunes 13<\/strong> en huelga solidaria indefinida por la <strong>readmisi\u00f3n de tres compa\u00f1eros despedidos<\/strong>. Desde entonces hacen permanencias en la puerta de la empresa, esta ma\u00f1ana han protestado frente a los juzgados y ma\u00f1ana por el centro de Burgos.<\/p>\n<p><!--more--><\/p>\n<p>De los mas de cien trabajadores han secundado la huelga todos menos algunos de oficinas por lo que el paro de la producci\u00f3n es total.<br \/>\nLa escusa inventada por la empresa para el despido es que la secci\u00f3n ha sido trasladada a Francia cuando estos trabajadores pueden ser perfectamente recolados en otras secciones, que incluso ya han estado trabajando en ellas.<\/p>\n<p>Desde las 5 de la ma\u00f1ana hasta el anochecer permanecen en la puerta de la f\u00e1brica informando sobre la situaci\u00f3n y garantizando que la huelga sea efectiva, bajo la vigilancia de los piquetes del patr\u00f3n: polic\u00ed\u00ada nacional (UPR). Esta ma\u00f1ana han protestado frente a los juzgados contra otra maniobra sucia de la responsable de recursos humanos, al grito de \u00a1AMVi despedidos readmisi\u00f3n!. Ma\u00f1ana s\u00e1bado convocan una manifestaci\u00f3n por el centro de la ciudad a las 18:00 h en la\u00a0Plaza del Cid.<\/p>\n<p>Durante los \u00faltimos a\u00f1os hemos visto como much\u00ed\u00adsimos ERES golpeaban a los trabajadores sin una respuesta contundente por parte de estos. Una huelga solidaria e indefinida, promovida y secundada por la mayor\u00ed\u00ada de los convocados, contra los despidos de tres compa\u00f1eros nos parece una respuesta acertada y un primer paso para superar el actual amansamiento que ofrece los sindicatos de estado: CCOO y UGT.<\/p>\n<p>La nueva reforma laboral constituye un ataque brutal a los trabajadores y los sindicatos de estado que cada d\u00ed\u00ada est\u00e1n m\u00e1s desacreditados por su claro posicionamiento contra los intereses de los de abajo. Con este clima ponemos todo\u00a0 nuestro empe\u00f1o para que se extienda la autoorganizaci\u00f3n, la lucha y la acci\u00f3n directa, recuperando el sentido de la palabra huelga, paralizando la econom\u00ed\u00ada indefinidamente hasta tumbar la reforma y luego ir mas all\u00e1.<\/p>\n<p>Un<a href=\"http:\/\/huelga.klinamen.org\/\" target=\"_blank\"> enlace interesante<\/a> de una iniciativa de Madrid.<\/p>\n<p>Fotos de la concentraci\u00f3n en los juzgados.<\/p>\n<a rel=\"attachment wp-att-5312\" href=\"http:\/\/diariodevurgos.com\/dvwps\/huelga-solidaria-indefinida-en-amvi.php\/1-6\"><img loading=\"lazy\" class=\"aligncenter size-full wp-image-5312\" title=\"1\" src=\"http:\/\/diariodevurgos.com\/dvwps\/wp-content\/uploads\/2010\/09\/11.JPG\" alt=\"1\" width=\"404\" height=\"303\" srcset=\"https:\/\/diariodevurgos.com\/dvwps\/wp-content\/uploads\/2010\/09\/11.JPG 533w, https:\/\/diariodevurgos.com\/dvwps\/wp-content\/uploads\/2010\/09\/11-300x225.jpg 300w\" sizes=\"(max-width: 404px) 100vw, 404px\" \/><\/a>\n<a rel=\"attachment wp-att-5313\" href=\"http:\/\/diariodevurgos.com\/dvwps\/huelga-solidaria-indefinida-en-amvi.php\/2-7\"><img loading=\"lazy\" class=\"aligncenter size-full wp-image-5313\" title=\"2\" src=\"http:\/\/diariodevurgos.com\/dvwps\/wp-content\/uploads\/2010\/09\/21.JPG\" alt=\"2\" width=\"400\" height=\"300\" srcset=\"https:\/\/diariodevurgos.com\/dvwps\/wp-content\/uploads\/2010\/09\/21.JPG 533w, https:\/\/diariodevurgos.com\/dvwps\/wp-content\/uploads\/2010\/09\/21-300x225.jpg 300w\" sizes=\"(max-width: 400px) 100vw, 400px\" \/><\/a>\n<p>Carteles varios:<\/p>\n<a rel=\"attachment wp-att-5315\" href=\"http:\/\/diariodevurgos.com\/dvwps\/huelga-solidaria-indefinida-en-amvi.php\/29s_calavera\"><img loading=\"lazy\" class=\"aligncenter size-full wp-image-5315\" title=\"29s_calavera\" src=\"http:\/\/diariodevurgos.com\/dvwps\/wp-content\/uploads\/2010\/09\/29s_calavera.jpg\" alt=\"29s_calavera\" width=\"400\" height=\"282\" srcset=\"https:\/\/diariodevurgos.com\/dvwps\/wp-content\/uploads\/2010\/09\/29s_calavera.jpg 400w, https:\/\/diariodevurgos.com\/dvwps\/wp-content\/uploads\/2010\/09\/29s_calavera-300x211.jpg 300w\" sizes=\"(max-width: 400px) 100vw, 400px\" \/><\/a>\n<a rel=\"attachment wp-att-5314\" href=\"http:\/\/diariodevurgos.com\/dvwps\/huelga-solidaria-indefinida-en-amvi.php\/sshindicatos_calavera\"><img loading=\"lazy\" class=\"aligncenter size-full wp-image-5314\" title=\"sshindicatos_calavera\" src=\"http:\/\/diariodevurgos.com\/dvwps\/wp-content\/uploads\/2010\/09\/sshindicatos_calavera.jpg\" alt=\"sshindicatos_calavera\" width=\"400\" height=\"295\" srcset=\"https:\/\/diariodevurgos.com\/dvwps\/wp-content\/uploads\/2010\/09\/sshindicatos_calavera.jpg 400w, https:\/\/diariodevurgos.com\/dvwps\/wp-content\/uploads\/2010\/09\/sshindicatos_calavera-300x221.jpg 300w\" sizes=\"(max-width: 400px) 100vw, 400px\" \/><\/a>\n<a rel=\"attachment wp-att-5316\" href=\"http:\/\/diariodevurgos.com\/dvwps\/huelga-solidaria-indefinida-en-amvi.php\/piketes\"><img loading=\"lazy\" class=\"aligncenter size-full wp-image-5316\" title=\"piketes\" src=\"http:\/\/diariodevurgos.com\/dvwps\/wp-content\/uploads\/2010\/09\/piketes.jpg\" alt=\"piketes\" width=\"320\" height=\"256\" srcset=\"https:\/\/diariodevurgos.com\/dvwps\/wp-content\/uploads\/2010\/09\/piketes.jpg 320w, https:\/\/diariodevurgos.com\/dvwps\/wp-content\/uploads\/2010\/09\/piketes-300x240.jpg 300w\" sizes=\"(max-width: 320px) 100vw, 320px\" \/><\/a>\n","protected":false},"excerpt":{"rendered":"<p>Los trabajadores de la empresa AMVI, que fabrican v\u00e1lvulas industriales en el pol\u00ed\u00adgono de Villalonquejar, est\u00e1n desde el pasado Lunes 13 en huelga solidaria indefinida por la readmisi\u00f3n de tres compa\u00f1eros despedidos. Desde entonces hacen permanencias en la puerta de la empresa, esta ma\u00f1ana han protestado frente a los juzgados y ma\u00f1ana por el centro&#8230;  <a href=\"https:\/\/diariodevurgos.com\/dvwps\/huelga-solidaria-indefinida-en-amvi.php\" class=\"more-link\" title=\"Read Huelga solidaria indefinida en AMVI\">Read more &raquo;<\/a><\/p>\n","protected":false},"author":21,"featured_media":0,"comment_status":"open","ping_status":"closed","sticky":false,"template":"","format":"standard","meta":[],"categories":[2],"tags":[],"_links":{"self":[{"href":"https:\/\/diariodevurgos.com\/dvwps\/wp-json\/wp\/v2\/posts\/5311"}],"collection":[{"href":"https:\/\/diariodevurgos.com\/dvwps\/wp-json\/wp\/v2\/posts"}],"about":[{"href":"https:\/\/diariodevurgos.com\/dvwps\/wp-json\/wp\/v2\/types\/post"}],"author":[{"embeddable":true,"href":"https:\/\/diariodevurgos.com\/dvwps\/wp-json\/wp\/v2\/users\/21"}],"replies":[{"embeddable":true,"href":"https:\/\/diariodevurgos.com\/dvwps\/wp-json\/wp\/v2\/comments?post=5311"}],"version-history":[{"count":3,"href":"https:\/\/diariodevurgos.com\/dvwps\/wp-json\/wp\/v2\/posts\/5311\/revisions"}],"predecessor-version":[{"id":5319,"href":"https:\/\/diariodevurgos.com\/dvwps\/wp-json\/wp\/v2\/posts\/5311\/revisions\/5319"}],"wp:attachment":[{"href":"https:\/\/diariodevurgos.com\/dvwps\/wp-json\/wp\/v2\/media?parent=5311"}],"wp:term":[{"taxonomy":"category","embeddable":true,"href":"https:\/\/diariodevurgos.com\/dvwps\/wp-json\/wp\/v2\/categories?post=5311"},{"taxonomy":"post_tag","embeddable":true,"href":"https:\/\/diariodevurgos.com\/dvwps\/wp-json\/wp\/v2\/tags?post=5311"}],"curies":[{"name":"wp","href":"https:\/\/api.w.org\/{rel}","templated":true}]}}