{"id":5364,"date":"2010-09-24T17:30:24","date_gmt":"2010-09-24T16:30:24","guid":{"rendered":"http:\/\/diariodevurgos.com\/dvwps\/?p=5364"},"modified":"2010-09-25T01:06:30","modified_gmt":"2010-09-25T00:06:30","slug":"de-cara-a-estos-dias","status":"publish","type":"post","link":"https:\/\/diariodevurgos.com\/dvwps\/de-cara-a-estos-dias.php","title":{"rendered":"De cara a estos d\u00ed\u00adas"},"content":{"rendered":"<p class=\"lead\"><img loading=\"lazy\" class=\"alignright size-medium wp-image-5366\" title=\"aviso\" src=\"http:\/\/diariodevurgos.com\/dvwps\/wp-content\/uploads\/2010\/09\/aviso-300x258.png\" alt=\"aviso\" width=\"124\" height=\"107\" srcset=\"https:\/\/diariodevurgos.com\/dvwps\/wp-content\/uploads\/2010\/09\/aviso-300x258.png 300w, https:\/\/diariodevurgos.com\/dvwps\/wp-content\/uploads\/2010\/09\/aviso.png 600w\" sizes=\"(max-width: 124px) 100vw, 124px\" \/>En las pr\u00f3ximas fechas se van a suceder diferentes acontecimientos y movilizaciones que tendr\u00e1n como marco Burgos. Se aproxima una huelga general y convocatorias antifascistas. Algunos de estos acontecimientos suceder\u00e1n incluso a miles de kil\u00f3metros de nuestra ciudad, pero\u00a0 conviene\u00a0 tambi\u00e9n tenerlos en cuenta. Sirva esta entrada a modo de recordatorio y recopilaci\u00f3n de los mismos.<!--more--><\/p>\n<p>Como ya hemos publicado, este viernes 24 de septiembre, ha dado comienzo oficialmente l<strong>a &#8220;segunda vuelta&#8221;\u009d del Proceso de Sal\u00f3nica.<\/strong> Un <a title=\"Nuevo juicio en Sal\u00f3nica\" href=\"http:\/\/diariodevurgos.com\/dvwps\/nueva-fecha-para-el-juicio-de-salonica-2.php\">nuevo juicio<\/a> que se realizar\u00e1 a petici\u00f3n de la defensa de los compa\u00f1eros detenidos durante la cumbre de ministros europeos celebrada en Sal\u00f3nica durante la primavera de 2003.<\/p>\n<p>Entre los procesados se encuentra un anarquista burgal\u00e9s que entre una cosa y otra lleva ya m\u00e1s de 7 a\u00f1os sufriendo la represi\u00f3n judicial que ha sido contestado desde su inicio con una importante solidaridad internacional. Las vistas orales de este nuevo proceso pueden prolongarse durante varios d\u00ed\u00adas y desde DV trataremos de informar de c\u00f3mo se desarrollan los acontecimientos en Grecia. <span style=\"color: #800000;\"><strong>ACTUALIZADO: Una vez que ha comenzado la primera vista oral el juicio ha sido aplazado hasta enero de 2011.<\/strong><\/span><\/p>\n<p>Ma\u00f1ana, s\u00e1bado 25 de septiembre, un <strong>grup\u00fasculo ultraderechista <\/strong>pretende organizar un acto para hacer p\u00fablicas sus consignas xen\u00f3fobas. Como viene siendo habitual, para juntar apenas una cincuentena de personas miembros de este grup\u00fasculo se desplazar\u00e1n hasta Burgos desde distintas partes de nuestra geograf\u00ed\u00ada.<\/p>\n<p>A la redacci\u00f3n de DV nos ha sido remitida <a title=\"Cacerolada contra el racismo\" href=\"http:\/\/diariodevurgos.com\/dvwps\/cacerolada-contra-el-racismo-2.php\">una convocatoria que tratar\u00e1 de visualizar el rechazo<\/a> que este tipo de grup\u00fasculos generan entre la sociedad, muy a pesar del apoyo y la financiaci\u00f3n institucional que nuestros gobernantes brindan a esta serie de bandas neonazis.<\/p>\n<p>El pr\u00f3ximo mi\u00e9rcoles 29 de septiembre hay convocada una jornada de <strong>huelga general <\/strong>que tendr\u00e1 tambi\u00e9n su seguimiento en la ciudad de Burgos.\u00a0 Desde esta web hemos venido publicando <a title=\"Autorganizaci\u00f3n\" href=\"http:\/\/diariodevurgos.com\/dvwps\/por-una-huelga-de-los-trabajadores-autoorganizacion-y-accion-directa.php\">una serie de textos <\/a>que animan a la auto-organizaci\u00f3n y acci\u00f3n directa de los trabajadores. En nuestra mano est\u00e1 evitar que los sindicatos mayoritarios la conviertan en una jornada descafeinada y plantar cara al dispositivo anti-obrero que ya ha anunciado que pondr\u00e1n en marcha la Subdelegaci\u00f3n del Gobierno.<\/p>\n","protected":false},"excerpt":{"rendered":"<p>En las pr\u00f3ximas fechas se van a suceder diferentes acontecimientos y movilizaciones que tendr\u00e1n como marco Burgos. Se aproxima una huelga general y convocatorias antifascistas. Algunos de estos acontecimientos suceder\u00e1n incluso a miles de kil\u00f3metros de nuestra ciudad, pero\u00a0 conviene\u00a0 tambi\u00e9n tenerlos en cuenta. Sirva esta entrada a modo de recordatorio y recopilaci\u00f3n de los&#8230;  <a href=\"https:\/\/diariodevurgos.com\/dvwps\/de-cara-a-estos-dias.php\" class=\"more-link\" title=\"Read De cara a estos d\u00ed\u00adas\">Read more &raquo;<\/a><\/p>\n","protected":false},"author":2,"featured_media":0,"comment_status":"open","ping_status":"closed","sticky":false,"template":"","format":"standard","meta":[],"categories":[14],"tags":[],"_links":{"self":[{"href":"https:\/\/diariodevurgos.com\/dvwps\/wp-json\/wp\/v2\/posts\/5364"}],"collection":[{"href":"https:\/\/diariodevurgos.com\/dvwps\/wp-json\/wp\/v2\/posts"}],"about":[{"href":"https:\/\/diariodevurgos.com\/dvwps\/wp-json\/wp\/v2\/types\/post"}],"author":[{"embeddable":true,"href":"https:\/\/diariodevurgos.com\/dvwps\/wp-json\/wp\/v2\/users\/2"}],"replies":[{"embeddable":true,"href":"https:\/\/diariodevurgos.com\/dvwps\/wp-json\/wp\/v2\/comments?post=5364"}],"version-history":[{"count":7,"href":"https:\/\/diariodevurgos.com\/dvwps\/wp-json\/wp\/v2\/posts\/5364\/revisions"}],"predecessor-version":[{"id":5385,"href":"https:\/\/diariodevurgos.com\/dvwps\/wp-json\/wp\/v2\/posts\/5364\/revisions\/5385"}],"wp:attachment":[{"href":"https:\/\/diariodevurgos.com\/dvwps\/wp-json\/wp\/v2\/media?parent=5364"}],"wp:term":[{"taxonomy":"category","embeddable":true,"href":"https:\/\/diariodevurgos.com\/dvwps\/wp-json\/wp\/v2\/categories?post=5364"},{"taxonomy":"post_tag","embeddable":true,"href":"https:\/\/diariodevurgos.com\/dvwps\/wp-json\/wp\/v2\/tags?post=5364"}],"curies":[{"name":"wp","href":"https:\/\/api.w.org\/{rel}","templated":true}]}}