{"id":538,"date":"2007-06-22T03:37:02","date_gmt":"2007-06-22T07:37:02","guid":{"rendered":"http:\/\/diariodevurgos.com\/dvwps\/emancipacion-juvenil-burgos.php"},"modified":"2007-06-22T03:37:39","modified_gmt":"2007-06-22T07:37:39","slug":"emancipacion-juvenil-burgos","status":"publish","type":"post","link":"https:\/\/diariodevurgos.com\/dvwps\/emancipacion-juvenil-burgos.php","title":{"rendered":"Emancipaci\u00f3n juvenil Burgos"},"content":{"rendered":"<p class=\"lead\"><strong>  <img align=\"right\" title=\"ApaPayaso\" id=\"image122\" alt=\"ApaPayaso\" src=\"http:\/\/diariodevurgos.com\/dvwps\/wp-content\/uploads\/2007\/02\/apapayaso.jpg\" \/>An\u00f3nimo nos comenta<\/strong>: &#8220;La <a title=\"mierdaPAti\" href=\"http:\/\/emancipacionjuvenilburgos.com\/\">Oficina de Emancipaci\u00f3n Juvenil del Ayuntamiento de Burgos<\/a> a trav\u00e9s de su p\u00e1gina web oferta dos puestos de trabajo como soldado profesional. Los requisitos para acceder son el graduado escolar o tener 2\u00ba de la ESO, y tener 18 a\u00f1os. No les basta con poner sus escaparates en ferias infantiles de todo el estado, con pasarse a dar charlas por los institutos de la ciudad sino que ahora tambi\u00e9n se han hecho un hueco en el ayuntamiento comiendo el tarro a la juventud.&#8221;\u009d<\/p>\n","protected":false},"excerpt":{"rendered":"<p>An\u00f3nimo nos comenta: &#8220;La Oficina de Emancipaci\u00f3n Juvenil del Ayuntamiento de Burgos a trav\u00e9s de su p\u00e1gina web oferta dos puestos de trabajo como soldado profesional. Los requisitos para acceder son el graduado escolar o tener 2\u00ba de la ESO, y tener 18 a\u00f1os. No les basta con poner sus escaparates en ferias infantiles de&#8230;  <a href=\"https:\/\/diariodevurgos.com\/dvwps\/emancipacion-juvenil-burgos.php\" class=\"more-link\" title=\"Read Emancipaci\u00f3n juvenil Burgos\">Read more &raquo;<\/a><\/p>\n","protected":false},"author":1,"featured_media":0,"comment_status":"open","ping_status":"open","sticky":false,"template":"","format":"standard","meta":[],"categories":[2,5],"tags":[],"_links":{"self":[{"href":"https:\/\/diariodevurgos.com\/dvwps\/wp-json\/wp\/v2\/posts\/538"}],"collection":[{"href":"https:\/\/diariodevurgos.com\/dvwps\/wp-json\/wp\/v2\/posts"}],"about":[{"href":"https:\/\/diariodevurgos.com\/dvwps\/wp-json\/wp\/v2\/types\/post"}],"author":[{"embeddable":true,"href":"https:\/\/diariodevurgos.com\/dvwps\/wp-json\/wp\/v2\/users\/1"}],"replies":[{"embeddable":true,"href":"https:\/\/diariodevurgos.com\/dvwps\/wp-json\/wp\/v2\/comments?post=538"}],"version-history":[{"count":0,"href":"https:\/\/diariodevurgos.com\/dvwps\/wp-json\/wp\/v2\/posts\/538\/revisions"}],"wp:attachment":[{"href":"https:\/\/diariodevurgos.com\/dvwps\/wp-json\/wp\/v2\/media?parent=538"}],"wp:term":[{"taxonomy":"category","embeddable":true,"href":"https:\/\/diariodevurgos.com\/dvwps\/wp-json\/wp\/v2\/categories?post=538"},{"taxonomy":"post_tag","embeddable":true,"href":"https:\/\/diariodevurgos.com\/dvwps\/wp-json\/wp\/v2\/tags?post=538"}],"curies":[{"name":"wp","href":"https:\/\/api.w.org\/{rel}","templated":true}]}}