{"id":5395,"date":"2010-09-29T23:55:42","date_gmt":"2010-09-29T22:55:42","guid":{"rendered":"http:\/\/diariodevurgos.com\/dvwps\/?p=5395"},"modified":"2010-09-30T00:55:09","modified_gmt":"2010-09-29T23:55:09","slug":"huelga-general-en-burgos","status":"publish","type":"post","link":"https:\/\/diariodevurgos.com\/dvwps\/huelga-general-en-burgos.php","title":{"rendered":"Huelga general en Burgos"},"content":{"rendered":"<p class=\"lead\"><a rel=\"attachment wp-att-5396\" href=\"http:\/\/diariodevurgos.com\/dvwps\/huelga-general-en-burgos.php\/cerrado\"><img loading=\"lazy\" class=\"alignright size-full wp-image-5396\" title=\"cerrado\" src=\"http:\/\/diariodevurgos.com\/dvwps\/wp-content\/uploads\/2010\/09\/cerrado.jpg\" alt=\"cerrado\" width=\"202\" height=\"139\" srcset=\"https:\/\/diariodevurgos.com\/dvwps\/wp-content\/uploads\/2010\/09\/cerrado.jpg 582w, https:\/\/diariodevurgos.com\/dvwps\/wp-content\/uploads\/2010\/09\/cerrado-299x206.jpg 299w\" sizes=\"(max-width: 202px) 100vw, 202px\" \/><\/a>A lo largo del d\u00ed\u00ada<strong> cientos de personas han salido a las calles<\/strong> de la ciudad secundando la convocatoria de huelga general contra la reforma laboral aprobada a primeros de este mes. A pesar del sindicalismo de estado de CCOO y UGT y la huelga parip\u00e9 convocada tarde y mal, trabajadores, parados, estudiantes y un largo etc\u00e9tera han decido tomar la calle para <strong>convertirla en una jornada de lucha<\/strong>.<\/p>\n<p><!--more--><\/p>\n<p>Pasadas las doce de la noche comenzaban los primeros piquetes en los accesos a los pol\u00ed\u00adgonos industriales de Burgos. A partir de las cinco de la madrugada la mayor\u00ed\u00ada de las entradas quedaban bloqueadas y en algunas de ellas se levantaban barricadas y cruzaban contenedores. Por la ma\u00f1ana en distintos barrios los piquetes tomaban la calle cerrando los establecimientos abiertos, destacando un gran bloque que ha bajado por la calle vitoria desde gamonal hasta el centro, juntandose con mas gente y siguiendo cerrando locales de esquiroles. Por la tarde una manifestaci\u00f3n recorri\u00f3 las calles c\u00e9ntricas de la ciudad.<\/p>\n<p>En una primera impresi\u00f3n r\u00e1pida de la jornada de lucha vemos como alguna gente ha salido a la calle sin ser de ning\u00fan sindicato y sin estar de acuerdo con ellos, han visto la necesidad de plantar cara a la reforma laboral tan da\u00f1ina para los trabajadores, a pesar de saber la inutilidad de convocar una huelga contra una reforma aprobada 20 d\u00ed\u00adas antes. Vistos contra la espada y la pared, representando la espada la reforma aprobada por los pol\u00ed\u00adticos y abalada por la patronal y la pared los sindicatos vendeobreros, han decidi\u00f3 salir a la calle apostando por la continuidad de la lucha.<\/p>\n<p>Sin la fuerza necesaria en la sociedad para defenderse de los ataques del capital de forma generalizada, hoy es m\u00e1s necesario que nunca empezar a autoorganizarse en los trabajos, en la calle y en toda nuestra vida, como salto cualitativo superador de un sindicalismo cada vez mas cuestionado y contra la pasividad y resignaci\u00f3n de la sociedad actual.<\/p>\n<p>Tambi\u00e9n destacar el papel intoxicador de los medios de desinformaci\u00f3n y en especial del Diario de Burgos, que con sus art\u00ed\u00adculos sesgados contra toda protesta vuelve a dejar en evidencia quien es su due\u00f1o y los intereses que defiende. En la otra parte de la tenaza est\u00e1n los piquetes del patr\u00f3n o los diferentes cuerpos armados al servicio del estado que han perseguido con sa\u00f1a a cualquiera que se moviera m\u00e1s de la cuenta.<\/p>\n<p><strong>\u00a1Pol\u00ed\u00adticos, patronal y sindicatos son enemigos del pueblo!<\/strong><\/p>\n<p><strong>\u00a1Por la autoorganizaci\u00f3n de los trabajadores, parados, estudiantes, etc hasta tumbar la reforma por lo menos!<\/strong><\/p>\n","protected":false},"excerpt":{"rendered":"<p>A lo largo del d\u00ed\u00ada cientos de personas han salido a las calles de la ciudad secundando la convocatoria de huelga general contra la reforma laboral aprobada a primeros de este mes. A pesar del sindicalismo de estado de CCOO y UGT y la huelga parip\u00e9 convocada tarde y mal, trabajadores, parados, estudiantes y un&#8230;  <a href=\"https:\/\/diariodevurgos.com\/dvwps\/huelga-general-en-burgos.php\" class=\"more-link\" title=\"Read Huelga general en Burgos\">Read more &raquo;<\/a><\/p>\n","protected":false},"author":21,"featured_media":0,"comment_status":"open","ping_status":"closed","sticky":false,"template":"","format":"standard","meta":[],"categories":[2],"tags":[],"_links":{"self":[{"href":"https:\/\/diariodevurgos.com\/dvwps\/wp-json\/wp\/v2\/posts\/5395"}],"collection":[{"href":"https:\/\/diariodevurgos.com\/dvwps\/wp-json\/wp\/v2\/posts"}],"about":[{"href":"https:\/\/diariodevurgos.com\/dvwps\/wp-json\/wp\/v2\/types\/post"}],"author":[{"embeddable":true,"href":"https:\/\/diariodevurgos.com\/dvwps\/wp-json\/wp\/v2\/users\/21"}],"replies":[{"embeddable":true,"href":"https:\/\/diariodevurgos.com\/dvwps\/wp-json\/wp\/v2\/comments?post=5395"}],"version-history":[{"count":5,"href":"https:\/\/diariodevurgos.com\/dvwps\/wp-json\/wp\/v2\/posts\/5395\/revisions"}],"predecessor-version":[{"id":5399,"href":"https:\/\/diariodevurgos.com\/dvwps\/wp-json\/wp\/v2\/posts\/5395\/revisions\/5399"}],"wp:attachment":[{"href":"https:\/\/diariodevurgos.com\/dvwps\/wp-json\/wp\/v2\/media?parent=5395"}],"wp:term":[{"taxonomy":"category","embeddable":true,"href":"https:\/\/diariodevurgos.com\/dvwps\/wp-json\/wp\/v2\/categories?post=5395"},{"taxonomy":"post_tag","embeddable":true,"href":"https:\/\/diariodevurgos.com\/dvwps\/wp-json\/wp\/v2\/tags?post=5395"}],"curies":[{"name":"wp","href":"https:\/\/api.w.org\/{rel}","templated":true}]}}