{"id":5504,"date":"2010-11-02T22:10:11","date_gmt":"2010-11-02T21:10:11","guid":{"rendered":"http:\/\/diariodevurgos.com\/dvwps\/?p=5504"},"modified":"2010-11-02T22:19:32","modified_gmt":"2010-11-02T21:19:32","slug":"chile-reality-vs-realidad-charla-del-escritor-asel-luzarraga-en-la-maldita","status":"publish","type":"post","link":"https:\/\/diariodevurgos.com\/dvwps\/chile-reality-vs-realidad-charla-del-escritor-asel-luzarraga-en-la-maldita.php","title":{"rendered":"Chile Reality Vs Realidad. Charla del escritor Asel Luzarraga en la Maldita"},"content":{"rendered":"<p class=\"lead\">El pr\u00f3ximo <strong>viernes 12 de noviembre <\/strong>se llevar\u00e1 a cabo una charla-debate sobre las diferentes situaciones de conflictividad sociales existentes en Chile que contar\u00e1 con la presencia de <a title=\"Asel Luzarraga en Radio Ondaexpansiva\" href=\"http:\/\/ondaexpansiva.net\/?p=513\">Asel Luzarraga<\/a>, escritor libertario que ha sido recientemnte expulsado del pa\u00ed\u00ads. La iniciativa se desarrollar\u00e1 a partir de las <strong>20.00 horas<\/strong> en la <a title=\"Biblioteca la Maldita\" href=\"http:\/\/diariodevurgos.com\/dvwps\/category\/la-maldita\">Biblioteca la Maldita<\/a> y contar\u00e1 tambi\u00e9n con un <strong>concierto del cantautor Buterflai.<\/strong><\/p>\n<p style=\"text-align: center;\"><strong><img loading=\"lazy\" class=\"aligncenter size-full wp-image-5506\" title=\"lamadita\" src=\"http:\/\/diariodevurgos.com\/dvwps\/wp-content\/uploads\/2010\/11\/lamadita.jpg\" alt=\"lamadita\" width=\"420\" height=\"100\" srcset=\"https:\/\/diariodevurgos.com\/dvwps\/wp-content\/uploads\/2010\/11\/lamadita.jpg 420w, https:\/\/diariodevurgos.com\/dvwps\/wp-content\/uploads\/2010\/11\/lamadita-300x71.jpg 300w\" sizes=\"(max-width: 420px) 100vw, 420px\" \/><br \/>\n<\/strong><\/p>\n<p><strong> <\/strong><!--more--><\/p>\n<p>Desde la Biblioteca la Maldita nos informan en un correo remitido a la redacci\u00f3n de la pr\u00f3xima iniciativa que se desarrollar\u00e1 el viernes 12 de noviembre y que contar\u00e1 con la presencia del escritor <strong>Asel Luzarraga<\/strong> cuya presencia servir\u00e1 para\u00a0 dar vida a un debate sobre la actual situaci\u00f3n en Chile.<\/p>\n<p style=\"text-align: center;\"><img loading=\"lazy\" class=\"aligncenter size-full wp-image-5505\" title=\"chilegrande\" src=\"http:\/\/diariodevurgos.com\/dvwps\/wp-content\/uploads\/2010\/11\/chilegrande.jpg\" alt=\"chilegrande\" width=\"669\" height=\"467\" \/><\/p>\n<p>&#8220;Una de las necesidades que tenemos desde la biblioteca La Maldita es dar rienda suelta al pensamiento cr\u00ed\u00adtico. Por ello nos parece interesante contar con personas que nos puedan contar sus experiencias y entre todos poder llevar a cabo un debate con el que podernos enriquecer tanto personal como colectivamente.<\/p>\n<img loading=\"lazy\" class=\"aligncenter size-full wp-image-5508\" title=\"MALDITA dos\" src=\"http:\/\/diariodevurgos.com\/dvwps\/wp-content\/uploads\/2010\/11\/MALDITA-dos.JPG\" alt=\"MALDITA dos\" width=\"393\" height=\"101\" srcset=\"https:\/\/diariodevurgos.com\/dvwps\/wp-content\/uploads\/2010\/11\/MALDITA-dos.JPG 393w, https:\/\/diariodevurgos.com\/dvwps\/wp-content\/uploads\/2010\/11\/MALDITA-dos-300x77.jpg 300w\" sizes=\"(max-width: 393px) 100vw, 393px\" \/>\n<p>Para ello en esta ocasi\u00f3n contaremos con Asel Luzarraga. Que con su paso por Chile nos informara de la situaci\u00f3n del movimiento anarquista y de la realidad de las diferentes luchas actuales. La fecha para esta actividad es el 12 de Noviembre a las 20:00 h, tambi\u00e9n se contara al finalizar la charla con el cantautor Butterfly&#8221;\u009d.<\/p>\n","protected":false},"excerpt":{"rendered":"<p>El pr\u00f3ximo viernes 12 de noviembre se llevar\u00e1 a cabo una charla-debate sobre las diferentes situaciones de conflictividad sociales existentes en Chile que contar\u00e1 con la presencia de Asel Luzarraga, escritor libertario que ha sido recientemnte expulsado del pa\u00ed\u00ads. La iniciativa se desarrollar\u00e1 a partir de las 20.00 horas en la Biblioteca la Maldita y&#8230;  <a href=\"https:\/\/diariodevurgos.com\/dvwps\/chile-reality-vs-realidad-charla-del-escritor-asel-luzarraga-en-la-maldita.php\" class=\"more-link\" title=\"Read Chile Reality Vs Realidad. Charla del escritor Asel Luzarraga en la Maldita\">Read more &raquo;<\/a><\/p>\n","protected":false},"author":2,"featured_media":0,"comment_status":"open","ping_status":"closed","sticky":false,"template":"","format":"standard","meta":[],"categories":[2,27,47],"tags":[],"_links":{"self":[{"href":"https:\/\/diariodevurgos.com\/dvwps\/wp-json\/wp\/v2\/posts\/5504"}],"collection":[{"href":"https:\/\/diariodevurgos.com\/dvwps\/wp-json\/wp\/v2\/posts"}],"about":[{"href":"https:\/\/diariodevurgos.com\/dvwps\/wp-json\/wp\/v2\/types\/post"}],"author":[{"embeddable":true,"href":"https:\/\/diariodevurgos.com\/dvwps\/wp-json\/wp\/v2\/users\/2"}],"replies":[{"embeddable":true,"href":"https:\/\/diariodevurgos.com\/dvwps\/wp-json\/wp\/v2\/comments?post=5504"}],"version-history":[{"count":7,"href":"https:\/\/diariodevurgos.com\/dvwps\/wp-json\/wp\/v2\/posts\/5504\/revisions"}],"predecessor-version":[{"id":5514,"href":"https:\/\/diariodevurgos.com\/dvwps\/wp-json\/wp\/v2\/posts\/5504\/revisions\/5514"}],"wp:attachment":[{"href":"https:\/\/diariodevurgos.com\/dvwps\/wp-json\/wp\/v2\/media?parent=5504"}],"wp:term":[{"taxonomy":"category","embeddable":true,"href":"https:\/\/diariodevurgos.com\/dvwps\/wp-json\/wp\/v2\/categories?post=5504"},{"taxonomy":"post_tag","embeddable":true,"href":"https:\/\/diariodevurgos.com\/dvwps\/wp-json\/wp\/v2\/tags?post=5504"}],"curies":[{"name":"wp","href":"https:\/\/api.w.org\/{rel}","templated":true}]}}