{"id":5701,"date":"2010-12-23T09:00:52","date_gmt":"2010-12-23T08:00:52","guid":{"rendered":"http:\/\/diariodevurgos.com\/dvwps\/?p=5701"},"modified":"2011-01-01T00:22:21","modified_gmt":"2010-12-31T23:22:21","slug":"cronica-de-la-marcha-al-zambrana","status":"publish","type":"post","link":"https:\/\/diariodevurgos.com\/dvwps\/cronica-de-la-marcha-al-zambrana.php","title":{"rendered":"Cr\u00f3nica de la marcha al Zambrana (Valladolid)"},"content":{"rendered":"<p class=\"lead\"><strong><a rel=\"attachment wp-att-5702\" href=\"http:\/\/diariodevurgos.com\/dvwps\/cronica-de-la-marcha-al-zambrana.php\/zam-2\"><img loading=\"lazy\" class=\"alignright size-full wp-image-5702\" title=\"zam\" src=\"http:\/\/diariodevurgos.com\/dvwps\/wp-content\/uploads\/2010\/12\/zam.jpg\" alt=\"zam\" width=\"142\" height=\"107\" srcset=\"https:\/\/diariodevurgos.com\/dvwps\/wp-content\/uploads\/2010\/12\/zam.jpg 1023w, https:\/\/diariodevurgos.com\/dvwps\/wp-content\/uploads\/2010\/12\/zam-300x224.jpg 300w\" sizes=\"(max-width: 142px) 100vw, 142px\" \/><\/a>No es un Colegio, es una c\u00e1rcel.<\/strong><br \/>\nEs lo que quer\u00ed\u00adamos dejar claro en el barrio de las delicias en Valladolid el s\u00e1bado 18 de Diciembre, realizando una manifestaci\u00f3n hasta la c\u00e1rcel de ni\u00f1xs Zambrana.<\/p>\n<p><!--more--><br \/>\nEl acto comenz\u00f3 a las 12 de mediod\u00ed\u00ada en la plaza del barrio, donde se repartieron 2 textos, uno denunciando las c\u00e1rceles de adultos, como elemento inmovilizador para una poblaci\u00f3n que cada vez deber\u00ed\u00ada ser mas contestataria, viendo las condiciones de vida miserables a las que nos somete el capitalismo y otro denunciando precisamente que lo que ellos llaman colegio o centro de reforma, es una c\u00e1rcel de ni\u00f1os y ni\u00f1as.<\/p>\n<p>El acto consisti\u00f3 en una actuaci\u00f3n de teatro de calle y un campeonato de breakdance que no pudo ser al final porque a veces la autogesti\u00f3n conlleva dificultades t\u00e9cnicas. La gente del barrio estuvo muy participativa y queri\u00e9ndose informar de lo que all\u00ed\u00ad suced\u00ed\u00ada. Se salio posteriormente en manifestaci\u00f3n . Una manifestaci\u00f3n en la que la polic\u00ed\u00ada tomo una actitud que fue la de siempre (represiva y provocadora). Pero con m\u00e1s contundencia que en otras ocasiones desplazados todos aqu\u00ed\u00ad para defender el negocio rentable que el Zambrana genera. Puedo decir que paralelamente, una &#8220;manifestaci\u00f3n&#8221;\u009d convocada por los sindicatos del poder CC.OO y UGT colaboracionistas del sistema\u00a0 no tuvo esa representaci\u00f3n pelotera en mano que tuvimos nosotrxs. Queda claro que estos sindicatos vende-obrerxs son una parte del circo medi\u00e1tico socio-inmovilizador.<\/p>\n<p>Terminada la manifestaci\u00f3n bajo amenaza de carga policial, se hizo un reparto de bocadillos y desconvocamos el acto. Aunque falto bastante gente de las organizaciones sociales, hubo mucha participaci\u00f3n de la gente del barrio y se vieron otras caras. Qued\u00f3 claro porque el centro de menores Zambrana es una c\u00e1rcel, y en el barrio la gente empieza a preguntarse\u00a0 por qu\u00e9 nuestros\u00a0 ni\u00f1xs\u00a0 acaban\u00a0 bajo las manos de personas que solo ven en ellos un mero negocio y no alguien a quien hay que proteger y que es vulnerable.<\/p>\n<p>No creemos en una pol\u00ed\u00adtica de &#8220;reinserci\u00f3n de los menores infractores&#8221;\u009d que fotocopia el c\u00f3digo penal de adultos, ya que est\u00e1 m\u00e1s que comprobado que el sistema penal de adultos es un fracaso y no reinserta a nadie siendo solo un elemento vengativo sancionador para apartar de la sociedad lo que no interesa que se vea. Las c\u00e1rceles son un aparcamiento de pobres y los que asesinan y juegan con nuestras vidas para enriquecerse no est\u00e1n en ellas.<br \/>\nEs una c\u00e1rcel y no un colegio, un lugar donde existe una medicalizaci\u00f3n indiscriminada y sin ning\u00fan control, de psicof\u00e1rmacos de todo tipo; donde existen m\u00e9todos de contenci\u00f3n acompa\u00f1ados de palizas y celdas de aislamiento y donde el 99% de los secuestrados en ese lugar lo hacen por peque\u00f1os delitos contra la propiedad privada y no por asesinatos terribles como dice el sensacionalismo burgu\u00e9s, creando un sentimiento de crispaci\u00f3n para endurecer aun mas las leyes y seguir negociando con la vida de nuestros ni\u00f1xs para lucrar a las empresas\u00a0 privadas que gestionan en mayor proporci\u00f3n\u00a0 estas c\u00e1rceles.<\/p>\n<p>Estos\u00a0 \u00faltimos p\u00e1rrafos\u00a0 est\u00e1n\u00a0 muy por debajo de lo que en realidad ocurre, pero no se puede decir todo en un texto. La reflexi\u00f3n es que encerrando medicando y pegando, no se educa solo se genera odio y reincidencia. Y preguntarles a los &#8220;educadores&#8221;\u009d de c\u00e1rceles de menores, que si todav\u00ed\u00ada se creen que realizan la labor para la que estudiaron, o que los 1000 euros que cobran al mes justifica que acaben convirti\u00e9ndose en unxs carceleros que custodian, controlan y reprimen la vida de los ni\u00f1xs encerrados.<\/p>\n<p>En breve audios y cr\u00f3nica completa.<\/p>\n<p>Fuente: <a href=\"http:\/\/valladolorentodaspartes.blogspot.com\/2010\/12\/conica-de-la-marcha-zambrana-el.html\" target=\"_blank\">Valladolor<\/a>.<\/p>\n","protected":false},"excerpt":{"rendered":"<p>No es un Colegio, es una c\u00e1rcel. Es lo que quer\u00ed\u00adamos dejar claro en el barrio de las delicias en Valladolid el s\u00e1bado 18 de Diciembre, realizando una manifestaci\u00f3n hasta la c\u00e1rcel de ni\u00f1xs Zambrana.<\/p>\n","protected":false},"author":21,"featured_media":0,"comment_status":"open","ping_status":"closed","sticky":false,"template":"","format":"standard","meta":[],"categories":[46],"tags":[],"_links":{"self":[{"href":"https:\/\/diariodevurgos.com\/dvwps\/wp-json\/wp\/v2\/posts\/5701"}],"collection":[{"href":"https:\/\/diariodevurgos.com\/dvwps\/wp-json\/wp\/v2\/posts"}],"about":[{"href":"https:\/\/diariodevurgos.com\/dvwps\/wp-json\/wp\/v2\/types\/post"}],"author":[{"embeddable":true,"href":"https:\/\/diariodevurgos.com\/dvwps\/wp-json\/wp\/v2\/users\/21"}],"replies":[{"embeddable":true,"href":"https:\/\/diariodevurgos.com\/dvwps\/wp-json\/wp\/v2\/comments?post=5701"}],"version-history":[{"count":8,"href":"https:\/\/diariodevurgos.com\/dvwps\/wp-json\/wp\/v2\/posts\/5701\/revisions"}],"predecessor-version":[{"id":5752,"href":"https:\/\/diariodevurgos.com\/dvwps\/wp-json\/wp\/v2\/posts\/5701\/revisions\/5752"}],"wp:attachment":[{"href":"https:\/\/diariodevurgos.com\/dvwps\/wp-json\/wp\/v2\/media?parent=5701"}],"wp:term":[{"taxonomy":"category","embeddable":true,"href":"https:\/\/diariodevurgos.com\/dvwps\/wp-json\/wp\/v2\/categories?post=5701"},{"taxonomy":"post_tag","embeddable":true,"href":"https:\/\/diariodevurgos.com\/dvwps\/wp-json\/wp\/v2\/tags?post=5701"}],"curies":[{"name":"wp","href":"https:\/\/api.w.org\/{rel}","templated":true}]}}