{"id":5861,"date":"2011-01-24T20:05:56","date_gmt":"2011-01-24T19:05:56","guid":{"rendered":"http:\/\/diariodevurgos.com\/dvwps\/?p=5861"},"modified":"2011-01-25T18:23:41","modified_gmt":"2011-01-25T17:23:41","slug":"continua-el-juicio-de-salonica","status":"publish","type":"post","link":"https:\/\/diariodevurgos.com\/dvwps\/continua-el-juicio-de-salonica.php","title":{"rendered":"Continua el Juicio de Sal\u00f3nica"},"content":{"rendered":"<p class=\"lead\"><strong><img loading=\"lazy\" class=\"alignright size-full wp-image-1538\" title=\"55526.jpg\" src=\"http:\/\/diariodevurgos.com\/dvwps\/wp-content\/uploads\/2008\/05\/55526.jpg\" alt=\"55526.jpg\" width=\"154\" height=\"115\" \/>Resumen de la cuarta sesi\u00f3n.<\/strong><br \/>\nHoy lunes la sesi\u00f3n ha comenzado puntual, a las 9:00 h era el turno de los polic\u00ed\u00adas que declaraban contra Mijalis. Despu\u00e9s de las preguntas de los abogados se hizo una pausa por una hora debido a otro juicio que se desarrollaba en otra sala.<br \/>\n<!--more--><br \/>\nTras la pausa se ha visionado unos videos de la detenci\u00f3n de Mijalis y Simon en el cual se ha puesto en evidencia las graves contradicciones de los polic\u00ed\u00adas de Mijalis ya que parec\u00ed\u00adan haber estudiado el guion y acordarse de peque\u00f1os detalles pero de nuevo dec\u00ed\u00adan no acordarse de aspectos importantes de la detenci\u00f3n. Por ejemplo hemos podido comprobar c\u00f3mo en el momento de la detenci\u00f3n Mijalis no portaba ninguna mochila lo cual echa por tierra la versi\u00f3n policial que manten\u00ed\u00ada que hab\u00ed\u00ada sido detenido con una mochila que conten\u00ed\u00ada tres cocteles molotov y cuatro mascaras antiguas. En cambio podemos ver como Mijalis es golpeado en la cabeza por un polic\u00ed\u00ada cuando esta esposado y reducido en el suelo.<\/p>\n<p>Tambi\u00e9n en los videos de Simon se puede ver como tan solo portaba una mochila y no dos como dice la polic\u00ed\u00ada, pero en cambio se ve como unos polic\u00ed\u00adas colocan una mochila con molotov junto a Simon. Casualmente ninguno de los al menos ocho polic\u00ed\u00adas presentes hoy en el juicio dice reconocerse en las im\u00e1genes pero todos aseguran haber estado todo el rato junto a Simon.<\/p>\n<p>[youtube]http:\/\/www.youtube.com\/watch?v=j3kVbVUMLpI&amp;feature=player_embedded#![\/youtube]<\/p>\n<p>El jurado ha pedido seriedad a los polic\u00ed\u00adas que respond\u00ed\u00adan sistem\u00e1ticamente &#8220;no me acuerdo&#8221; a las preguntas de los abogados para no cometer m\u00e1s errores.<\/p>\n<p>Simult\u00e1neamente llegaban a la sala en 3 carros de la compra las mochilas o pruebas solicitadas el primer d\u00ed\u00ada por los abogados de Fernando.<br \/>\n1. No estaban identificadas<br \/>\n2. Ning\u00fan papel o acta se\u00f1alando que conten\u00ed\u00adan.<\/p>\n<p>Tras 30 minutos buscando la supuesta mochila, ni rastro. No hay mochila. Con las mismas se han vuelto a llevar los carritos al ritmo del tintineo del vidrio y el todav\u00ed\u00ada olor a batalla.<br \/>\nRecordamos la declaraci\u00f3n de un polic\u00ed\u00ada que se encargaba de recoger los molotov, martillos y dem\u00e1s objetos que encontraba por la calle y meterlo en las mochilas que tambi\u00e9n encontraba para asegurar la zona y que despu\u00e9s se transportaron a comisar\u00ed\u00ada.<\/p>\n<p>Ma\u00f1ana se espera que terminen de declarar los testigos de la defensa (hoy lo ha hecho un testigo de Fernando y una de Kastro) y ma\u00f1ana tambi\u00e9n probablemente lo hagan los acusados.<\/p>\n<p>Los reporteros m\u00e1s dicharacheros desde Tesal\u00f3nica, Grecia.<\/p>\n<p><strong>Avance del Martes 25:<\/strong> Seg\u00fan informa Indymedia Atenas el proceso continuo con los testigos de la defensa y los procesados. Ma\u00f1ana mi\u00e9rcoles a las 10:30 h. sera la \u00faltima sesi\u00f3n y dar\u00e1n la sentencia.<\/p>\n","protected":false},"excerpt":{"rendered":"<p>Resumen de la cuarta sesi\u00f3n. Hoy lunes la sesi\u00f3n ha comenzado puntual, a las 9:00 h era el turno de los polic\u00ed\u00adas que declaraban contra Mijalis. Despu\u00e9s de las preguntas de los abogados se hizo una pausa por una hora debido a otro juicio que se desarrollaba en otra sala.<\/p>\n","protected":false},"author":23,"featured_media":0,"comment_status":"open","ping_status":"closed","sticky":false,"template":"","format":"standard","meta":[],"categories":[25],"tags":[],"_links":{"self":[{"href":"https:\/\/diariodevurgos.com\/dvwps\/wp-json\/wp\/v2\/posts\/5861"}],"collection":[{"href":"https:\/\/diariodevurgos.com\/dvwps\/wp-json\/wp\/v2\/posts"}],"about":[{"href":"https:\/\/diariodevurgos.com\/dvwps\/wp-json\/wp\/v2\/types\/post"}],"author":[{"embeddable":true,"href":"https:\/\/diariodevurgos.com\/dvwps\/wp-json\/wp\/v2\/users\/23"}],"replies":[{"embeddable":true,"href":"https:\/\/diariodevurgos.com\/dvwps\/wp-json\/wp\/v2\/comments?post=5861"}],"version-history":[{"count":3,"href":"https:\/\/diariodevurgos.com\/dvwps\/wp-json\/wp\/v2\/posts\/5861\/revisions"}],"predecessor-version":[{"id":5863,"href":"https:\/\/diariodevurgos.com\/dvwps\/wp-json\/wp\/v2\/posts\/5861\/revisions\/5863"}],"wp:attachment":[{"href":"https:\/\/diariodevurgos.com\/dvwps\/wp-json\/wp\/v2\/media?parent=5861"}],"wp:term":[{"taxonomy":"category","embeddable":true,"href":"https:\/\/diariodevurgos.com\/dvwps\/wp-json\/wp\/v2\/categories?post=5861"},{"taxonomy":"post_tag","embeddable":true,"href":"https:\/\/diariodevurgos.com\/dvwps\/wp-json\/wp\/v2\/tags?post=5861"}],"curies":[{"name":"wp","href":"https:\/\/api.w.org\/{rel}","templated":true}]}}