{"id":5868,"date":"2011-01-25T22:37:43","date_gmt":"2011-01-25T21:37:43","guid":{"rendered":"http:\/\/diariodevurgos.com\/dvwps\/?p=5868"},"modified":"2011-01-25T22:42:30","modified_gmt":"2011-01-25T21:42:30","slug":"cronica-del-juicio-contra-los-miembros-de-%e2%80%9cla-orkestra%e2%80%9d-en-villarcayo","status":"publish","type":"post","link":"https:\/\/diariodevurgos.com\/dvwps\/cronica-del-juicio-contra-los-miembros-de-%e2%80%9cla-orkestra%e2%80%9d-en-villarcayo.php","title":{"rendered":"Cr\u00f3nica del juicio contra los miembros de &#8220;la Orkestra&#8221;\u009d  en Villarcayo"},"content":{"rendered":"<p class=\"lead\"><img loading=\"lazy\" class=\"alignright size-medium wp-image-5869\" title=\"Imagen0113\" src=\"http:\/\/diariodevurgos.com\/dvwps\/wp-content\/uploads\/2011\/01\/Imagen0113-300x225.jpg\" alt=\"Imagen0113\" width=\"238\" height=\"189\" \/>Durante la ma\u00f1ana del 25 de Enero de 2011 se ha llevado a cabo en Villarcayo el juicio contra los miembros del grupo musical <strong>&#8220;<em>La Orkestra&#8221;\u009d<\/em><\/strong> (anteriormente <em>Electrotuna<\/em>) y a un miembro de la <strong>Coordinadora contra Garo\u00f1a<\/strong> que <a title=\"Denuncias por injurias\" href=\"http:\/\/diariodevurgos.com\/dvwps\/denuncias-por-injurias-a-los-componentes-de-la-%E2%80%9Celectrotuna%E2%80%9D-y-un-portavoz-de-la-coordinadora-contra-garona.php\">hab\u00ed\u00adan sido denunciados por\u00a0 supuetas injurias a la Guardia Civil<\/a>. El juicio se ha suspendido ante la no presencia de uno de los miembros de la benem\u00e9rita citados para la vista oral. Publicamos la cr\u00f3nica e im\u00e1genes que nos ha hecho llegar un colaborador de <strong>DV<\/strong>.<!--more--><\/p>\n<p>Durante el juicio, celebrado en el juzgado n\u00aa 2 de Villarcayo,\u00a0 se congregaron unas cincuenta personas coreando consignas como &#8220;Fuera nucleares de las merindades&#8221;, <em>&#8220;La orkresta desafina pero no contamina&#8221;<\/em> o <em>&#8220;M\u00e1s solar y menos nuclear&#8221;<\/em>. Lemas que se convirtieron en un <em>&#8220;No han asistido; casi se han rendido&#8221;<\/em> al enterarse que el juicio quedaba suspendido por no personarse el responsable de la guardia civil -argumentando que estaba enfermo-.<\/p>\n<p style=\"text-align: center;\"><img loading=\"lazy\" class=\"size-medium wp-image-5870 aligncenter\" title=\"Imagen0109\" src=\"http:\/\/diariodevurgos.com\/dvwps\/wp-content\/uploads\/2011\/01\/Imagen0109-300x225.jpg\" alt=\"Imagen0109\" width=\"300\" height=\"225\" srcset=\"https:\/\/diariodevurgos.com\/dvwps\/wp-content\/uploads\/2011\/01\/Imagen0109-300x225.jpg 300w, https:\/\/diariodevurgos.com\/dvwps\/wp-content\/uploads\/2011\/01\/Imagen0109-1024x768.jpg 1024w, https:\/\/diariodevurgos.com\/dvwps\/wp-content\/uploads\/2011\/01\/Imagen0109.jpg 1600w\" sizes=\"(max-width: 300px) 100vw, 300px\" \/><\/p>\n<p>Despu\u00e9s de la vista la Orkresta Nacional&#8221; realiz\u00f3 un nuevo concierto delante de quienes le apoyaban y de la veintena de guardias civiles que vigilaban el normal desarrollo de los acontecimientos.<\/p>\n<p style=\"text-align: center;\"><img loading=\"lazy\" class=\"size-medium wp-image-5873 aligncenter\" title=\"Imagen0112\" src=\"http:\/\/diariodevurgos.com\/dvwps\/wp-content\/uploads\/2011\/01\/Imagen0112-300x225.jpg\" alt=\"Imagen0112\" width=\"300\" height=\"225\" srcset=\"https:\/\/diariodevurgos.com\/dvwps\/wp-content\/uploads\/2011\/01\/Imagen0112-300x225.jpg 300w, https:\/\/diariodevurgos.com\/dvwps\/wp-content\/uploads\/2011\/01\/Imagen0112-1024x768.jpg 1024w, https:\/\/diariodevurgos.com\/dvwps\/wp-content\/uploads\/2011\/01\/Imagen0112.jpg 1600w\" sizes=\"(max-width: 300px) 100vw, 300px\" \/><\/p>\n<p>La vista quedaba suspendida hasta la fecha del <strong>5 de Abril <\/strong>en el que aquellos que quieran podr\u00e1n presenciar un nuevo concierto de la &#8220;Orkresta Nacional&#8221; ante la puerta de los juzgados de Villarcayo.<\/p>\n<p style=\"text-align: left;\">\n<p style=\"text-align: center;\"><img loading=\"lazy\" class=\"size-large wp-image-5871 aligncenter\" title=\"Imagen0111\" src=\"http:\/\/diariodevurgos.com\/dvwps\/wp-content\/uploads\/2011\/01\/Imagen0111-1024x768.jpg\" alt=\"Imagen0111\" width=\"277\" height=\"211\" \/><\/p>\n","protected":false},"excerpt":{"rendered":"<p>Durante la ma\u00f1ana del 25 de Enero de 2011 se ha llevado a cabo en Villarcayo el juicio contra los miembros del grupo musical &#8220;La Orkestra&#8221;\u009d (anteriormente Electrotuna) y a un miembro de la Coordinadora contra Garo\u00f1a que hab\u00ed\u00adan sido denunciados por\u00a0 supuetas injurias a la Guardia Civil. El juicio se ha suspendido ante la&#8230;  <a href=\"https:\/\/diariodevurgos.com\/dvwps\/cronica-del-juicio-contra-los-miembros-de-%e2%80%9cla-orkestra%e2%80%9d-en-villarcayo.php\" class=\"more-link\" title=\"Read Cr\u00f3nica del juicio contra los miembros de &#8220;la Orkestra&#8221;\u009d  en Villarcayo\">Read more &raquo;<\/a><\/p>\n","protected":false},"author":2,"featured_media":0,"comment_status":"open","ping_status":"closed","sticky":false,"template":"","format":"standard","meta":[],"categories":[2,17],"tags":[],"_links":{"self":[{"href":"https:\/\/diariodevurgos.com\/dvwps\/wp-json\/wp\/v2\/posts\/5868"}],"collection":[{"href":"https:\/\/diariodevurgos.com\/dvwps\/wp-json\/wp\/v2\/posts"}],"about":[{"href":"https:\/\/diariodevurgos.com\/dvwps\/wp-json\/wp\/v2\/types\/post"}],"author":[{"embeddable":true,"href":"https:\/\/diariodevurgos.com\/dvwps\/wp-json\/wp\/v2\/users\/2"}],"replies":[{"embeddable":true,"href":"https:\/\/diariodevurgos.com\/dvwps\/wp-json\/wp\/v2\/comments?post=5868"}],"version-history":[{"count":4,"href":"https:\/\/diariodevurgos.com\/dvwps\/wp-json\/wp\/v2\/posts\/5868\/revisions"}],"predecessor-version":[{"id":5876,"href":"https:\/\/diariodevurgos.com\/dvwps\/wp-json\/wp\/v2\/posts\/5868\/revisions\/5876"}],"wp:attachment":[{"href":"https:\/\/diariodevurgos.com\/dvwps\/wp-json\/wp\/v2\/media?parent=5868"}],"wp:term":[{"taxonomy":"category","embeddable":true,"href":"https:\/\/diariodevurgos.com\/dvwps\/wp-json\/wp\/v2\/categories?post=5868"},{"taxonomy":"post_tag","embeddable":true,"href":"https:\/\/diariodevurgos.com\/dvwps\/wp-json\/wp\/v2\/tags?post=5868"}],"curies":[{"name":"wp","href":"https:\/\/api.w.org\/{rel}","templated":true}]}}