{"id":5884,"date":"2011-01-29T14:46:17","date_gmt":"2011-01-29T13:46:17","guid":{"rendered":"http:\/\/diariodevurgos.com\/dvwps\/?p=5884"},"modified":"2011-01-30T18:40:03","modified_gmt":"2011-01-30T17:40:03","slug":"somos-piratas-los-piratas-del-arlanzon-iv-aniversario-de-dv","status":"publish","type":"post","link":"https:\/\/diariodevurgos.com\/dvwps\/somos-piratas-los-piratas-del-arlanzon-iv-aniversario-de-dv.php","title":{"rendered":"Somos los piratas del Arlanz\u00f3n&#8230; IV aniversario de DV"},"content":{"rendered":"<p class=\"lead\"><img loading=\"lazy\" class=\"alignright size-full wp-image-5886\" title=\"cumplea\u00f1os pirata\" src=\"http:\/\/diariodevurgos.com\/dvwps\/wp-content\/uploads\/2011\/01\/cumplea\u00f1os-pirata.jpg\" alt=\"cumplea\u00f1os pirata\" width=\"173\" height=\"149\" \/>Entre una cosa y otra, y\u00a0 con el retaso que nos caracteriza para este tipo de menesteres, llegamos tarde a\u00a0 la celebraci\u00f3n de nuestro propio aniversario. Hace ya unos d\u00ed\u00adas que <strong>DV <\/strong>ha cumplido su cuarto a\u00f1o de andadura en la red, cuatro a\u00f1os cabalgando juntos y tratando de aportar nuestra visi\u00f3n cr\u00ed\u00adtica a una ciudad llamada Burgos. Con esa idea vinimos a este mundo y en ello estamos.<!--more--><\/p>\n<p>Quien lo dir\u00ed\u00ada, pero aquel proyecto que logr\u00f3 aglutinar las energ\u00ed\u00adas de un pu\u00f1ado de chavales con inquietudes libertarias ha cumplido ya cuatro a\u00f1os. Y aunque seguimos adoleciendo de no haber sido capaces de liberar al<strong> DV<\/strong> de su estricto formato digital, durante estos cuatro a\u00f1os de andadura hemos tratado de alcanzar los objetivos que nos marcamos el d\u00ed\u00ada de nuestro alumbramiento: aportar nuestro peque\u00f1o grano de arena a la difusi\u00f3n de una visi\u00f3n cr\u00ed\u00adtica de la realidad burgalesa.<\/p>\n<p>Ahora juzguen ustedes, estimados lectores de <strong>DV<\/strong>, si lo hemos conseguido, pero lo cierto es que con mejor o peor artes hemos tratado de que nuestras ilusiones no se quedaran por el camino.<\/p>\n<p>Corr\u00ed\u00ada el invierno de 2007 cuando reunidos en una oscura catacumba de Gamonal unos anarcos de biograf\u00ed\u00ada bastante dispar definimos las l\u00ed\u00adneas de actuaci\u00f3n de lo que a la postre ser\u00ed\u00ada uno de los medios m\u00e1s controvertidos (y gamberros, todo hay que decirlo) del panorama local. Desde aquel invierno mucho ha llovido, mucho hemos dicho y mucho se ha dicho de nosotros; con nuestros aciertos y errores hemos buscado ser fieles a la idea original de romper el aislamiento comunicativo en el que determinados magnates (o mangantes) han sumido a la ciudad.<\/p>\n<p style=\"text-align: center;\"><img loading=\"lazy\" class=\"aligncenter size-full wp-image-5911\" title=\"31_graficoPROMECAL\" src=\"http:\/\/diariodevurgos.com\/dvwps\/wp-content\/uploads\/2011\/01\/31_graficoPROMECAL.jpg\" alt=\"31_graficoPROMECAL\" width=\"419\" height=\"448\" srcset=\"https:\/\/diariodevurgos.com\/dvwps\/wp-content\/uploads\/2011\/01\/31_graficoPROMECAL.jpg 477w, https:\/\/diariodevurgos.com\/dvwps\/wp-content\/uploads\/2011\/01\/31_graficoPROMECAL-280x300.jpg 280w\" sizes=\"(max-width: 419px) 100vw, 419px\" \/>Fuente del gr\u00e1fico:<a title=\"Promecal, ladrillos y corrupci\u00f3n\" href=\"http:\/\/www.diagonalperiodico.net\/PROMECAL-ladrillos-corrupcion-y.html\"> DIAGONAL<\/a><\/p>\n<p>Esa idea original fue la que dejamos marcada en el texto en el que a modo de acta fundacional hemos mantenido en nuestra web desde aquel entonces, por supuesto est\u00e1 a disposici\u00f3n de cualquiera que quiera echarle <a title=\"\u00bfQu\u00e9s es Diario de Vurgos?\" href=\"http:\/\/diariodevurgos.com\/dvwps\/acerca-de\">un vistazo<\/a>.<\/p>\n<p>Navegando en las aguas revueltas de la realidad burgalesa hemos conseguido mantenernos a flote con mejor o peor soltura, naufragando en ocasiones ante las limitaciones de un medio como el nuestro pero haciendo frente a los contratiempos con pasi\u00f3n e infinitas dosis de mala hostia, todo hay que decirlo<\/p>\n<p>Porque pensamos que no solo son habitantes de Burgos los encorbatados y engominados que caminan por su calles,\u00a0 no son solo habitantes de Burgos la clerigalla que durante siglos ha mantenido adormecida a la ciudad. Nosotros, como tantos otros que nos han precedido en la Historia, formamos parte de ese Burgos oculto y perdido que siempre ha vivido al margen del oficial.<strong> Somos los piratas del Arlanz\u00f3n y nos hemos colado en su fiesta, se\u00f1ora<\/strong>.<\/p>\n<p style=\"text-align: center;\"><img loading=\"lazy\" class=\"aligncenter size-full wp-image-5895\" title=\"arlanzon_grande\" src=\"http:\/\/diariodevurgos.com\/dvwps\/wp-content\/uploads\/2011\/01\/arlanzon_grande.jpg\" alt=\"arlanzon_grande\" width=\"361\" height=\"271\" srcset=\"https:\/\/diariodevurgos.com\/dvwps\/wp-content\/uploads\/2011\/01\/arlanzon_grande.jpg 600w, https:\/\/diariodevurgos.com\/dvwps\/wp-content\/uploads\/2011\/01\/arlanzon_grande-300x225.jpg 300w\" sizes=\"(max-width: 361px) 100vw, 361px\" \/><\/p>\n<p>Pero con gran regocijo descubrimos que no somos ni mucho menos los \u00fanicos en pensar que no todo es color de rosa en la <em>Caput Castelae<\/em>. Durante estos cuatro a\u00f1os varios han sido los blogs que han recorrido el mismo camino que nos hemos marcado partiendo desde diferentes perspectivas, pero con el com\u00fan denominador de intentar ver m\u00e1s all\u00e1 del pensamiento \u00fanico que marca la realidad informativa de la que otrora fuera <em>Capital de la Cruzada<\/em>.<\/p>\n<p>Desde la cercana <a title=\"Infomiranda\" href=\"http:\/\/infomiranda.wordpress.com\/\">Miranda de Ebro,<\/a> a los <a title=\"Burgos Dijital\" href=\"http:\/\/burgos-dijital.blogspot.com\/\">amigos recientemente adquiridos <\/a>que como\u00a0 nosotros cojean con la ortograf\u00ed\u00ada, pasando por <a title=\"Sombras en la ciudad\" href=\"http:\/\/sombrasenlaciudad.wordpress.com\/\">esos otros se\u00f1ores<\/a> empe\u00f1ados en descubrir qui\u00e9n est\u00e1 detr\u00e1s de las sombras de la ciudad o <a title=\"Diario de Bulos\" href=\"http:\/\/diariodebulos.blogspot.com\/\">aquel otro <\/a>que cuyo nombre habla por si solo.<\/p>\n<p>Formamos parte de ese otro Burgos alejado de los altares y de las inmobiliarias,\u00a0 queramos o no formamos parte de una cabalgata de variet\u00e9s en la que nos ha tocado el papel de gigantillos disidentes que no bailan al son de las grandes rotativas ni buscan el aplauso del palco de las autoridades.<\/p>\n<p>En un af\u00e1n por etiquetarnos nos han atribuido estar confabulados con las m\u00e1s variopintas expresiones disidentes que campean por Burgos: okupas pegacuras, antifascistas, vecinos de Eladio Perlado, vecinos descontentos con la Caja de Burgos, solidarios con los menores encerrados, gentes de la Resaca Castellana sospechosos de todos los delitos habidos y por haber, peligrosos anarquistas detectados por la fiscal\u00ed\u00ada, apologetas de la violencia, financiados desde tenebrosas geograf\u00ed\u00adas al norte de la provincia, excesivos al extremo e incluso-incluso (que dir\u00ed\u00ada un profesor de la UBU que ya se ha muerto) \u00a1\u00a1\u00bf\u00bfcomunistas ??!!.\u00a1Ay si lo oyera Durruti desde el limbo negro de los \u00e1cratas!<\/p>\n<p>Todos ellos no saben que los sanbebitos lejos de incomodarnos nos reafirman en nuestro camino porque hemos sabido hacer del defecto virtud y de nuestra capa un sayo.<\/p>\n<p>Menci\u00f3n especial para <a title=\"Foro de los obreros de Interb\u00f3n\" href=\"http:\/\/diariodevurgos.com\/dvwps\/%C2%BFque-pasa-en-interbon.php\">los obreros de Interb\u00f3n <\/a>que han hecho de una de nuestras entradas lugar de encuentro y foro para sus devaneos con la empresa en un fen\u00f3meno que no deja de sorprendernos y que ha alcanzado ya m\u00e1s de 1000 comentarios.<\/p>\n<p>Y tambi\u00e9n los hay que durante estos cuatro a\u00f1os se han pasado por la web para verter insultos e insidias, ya sean periodistas de resonancia policial (digo local), capitostes de la ultraderecha, concejales venidos a menos y otros venidos m\u00e1s o secretas con horas libres y dem\u00e1s fauna burgalesa. Simplemente deciros que del magma de vuestras miserias surgen nuestras ganas de no cejar en este proyecto. Os chinch\u00e1is.<\/p>\n<p>A los unos como a los otros, y a todos los lectores que hac\u00e9is posible que <strong>DV<\/strong> siga existiendo, un fuerte abrazo. S\u00ed\u00ad no nos vemos que sea por vuestra culpa.<\/p>\n","protected":false},"excerpt":{"rendered":"<p>Entre una cosa y otra, y\u00a0 con el retaso que nos caracteriza para este tipo de menesteres, llegamos tarde a\u00a0 la celebraci\u00f3n de nuestro propio aniversario. Hace ya unos d\u00ed\u00adas que DV ha cumplido su cuarto a\u00f1o de andadura en la red, cuatro a\u00f1os cabalgando juntos y tratando de aportar nuestra visi\u00f3n cr\u00ed\u00adtica a una&#8230;  <a href=\"https:\/\/diariodevurgos.com\/dvwps\/somos-piratas-los-piratas-del-arlanzon-iv-aniversario-de-dv.php\" class=\"more-link\" title=\"Read Somos los piratas del Arlanz\u00f3n&#8230; IV aniversario de DV\">Read more &raquo;<\/a><\/p>\n","protected":false},"author":2,"featured_media":0,"comment_status":"open","ping_status":"closed","sticky":false,"template":"","format":"standard","meta":[],"categories":[2],"tags":[],"_links":{"self":[{"href":"https:\/\/diariodevurgos.com\/dvwps\/wp-json\/wp\/v2\/posts\/5884"}],"collection":[{"href":"https:\/\/diariodevurgos.com\/dvwps\/wp-json\/wp\/v2\/posts"}],"about":[{"href":"https:\/\/diariodevurgos.com\/dvwps\/wp-json\/wp\/v2\/types\/post"}],"author":[{"embeddable":true,"href":"https:\/\/diariodevurgos.com\/dvwps\/wp-json\/wp\/v2\/users\/2"}],"replies":[{"embeddable":true,"href":"https:\/\/diariodevurgos.com\/dvwps\/wp-json\/wp\/v2\/comments?post=5884"}],"version-history":[{"count":9,"href":"https:\/\/diariodevurgos.com\/dvwps\/wp-json\/wp\/v2\/posts\/5884\/revisions"}],"predecessor-version":[{"id":5904,"href":"https:\/\/diariodevurgos.com\/dvwps\/wp-json\/wp\/v2\/posts\/5884\/revisions\/5904"}],"wp:attachment":[{"href":"https:\/\/diariodevurgos.com\/dvwps\/wp-json\/wp\/v2\/media?parent=5884"}],"wp:term":[{"taxonomy":"category","embeddable":true,"href":"https:\/\/diariodevurgos.com\/dvwps\/wp-json\/wp\/v2\/categories?post=5884"},{"taxonomy":"post_tag","embeddable":true,"href":"https:\/\/diariodevurgos.com\/dvwps\/wp-json\/wp\/v2\/tags?post=5884"}],"curies":[{"name":"wp","href":"https:\/\/api.w.org\/{rel}","templated":true}]}}