{"id":5942,"date":"2011-02-04T00:15:48","date_gmt":"2011-02-03T23:15:48","guid":{"rendered":"http:\/\/diariodevurgos.com\/dvwps\/?p=5942"},"modified":"2011-02-06T19:14:12","modified_gmt":"2011-02-06T18:14:12","slug":"comienzan-las-jornadas-anarquistas-en-la-biblioteca-la-maldita","status":"publish","type":"post","link":"https:\/\/diariodevurgos.com\/dvwps\/comienzan-las-jornadas-anarquistas-en-la-biblioteca-la-maldita.php","title":{"rendered":"Comienzan las jornadas anarquistas en la Biblioteca la Maldita"},"content":{"rendered":"<p class=\"lead\">Durante\u00a0 todo el mes de febrero se realizar\u00e1n unas <a title=\"Jornadas Anarquistas en la Biblioteca la Maldita\" href=\"http:\/\/diariodevurgos.com\/dvwps\/jornadas-anarquistas.php\">jornadas anarquistas en la Biblioteca la Maldita<\/a> bajo el lema <em>hagamos que estos tiempos duros se conviertan en tiempos de lucha<\/em>. La primera de las citas tendr\u00e1 lugar este mismo fin de semana en el que ser\u00e1n proyectados varios documentales sobre la sitaci\u00f3n de Am\u00e9rica Latina con posterior debate.<\/p>\n<p style=\"text-align: center;\"><img loading=\"lazy\" class=\"aligncenter size-full wp-image-5944\" title=\"lamadita-300x71\" src=\"http:\/\/diariodevurgos.com\/dvwps\/wp-content\/uploads\/2011\/02\/lamadita-300x71.jpg\" alt=\"lamadita-300x71\" width=\"300\" height=\"71\" \/><\/p>\n<p><!--more--><\/p>\n<p><strong>S\u00e1bado 5 de febrero 17.00 horas:<\/strong><br \/>\n<em>Charla-documental<\/em>: &#8220;<strong>\u00bfHacia donde vamos en Colombia?&#8221;\u009d<\/strong>. Paramilitarizaci\u00f3n social, destrucci\u00f3n del territorio y resistencias populares. Experiencias de la lucha y resistencia que se viene configurando y que se ofrece otra respuesta al conflicto estructural que se vive en Colombia tras el proceso de transformaci\u00f3n social, pol\u00ed\u00adtica, econ\u00f3mica y cultural de los \u00faltimos 15 a\u00f1os<\/p>\n<img loading=\"lazy\" class=\"aligncenter size-full wp-image-5945\" title=\"jornadas-1\" src=\"http:\/\/diariodevurgos.com\/dvwps\/wp-content\/uploads\/2011\/02\/jornadas-1.jpg\" alt=\"jornadas-1\" width=\"443\" height=\"178\" srcset=\"https:\/\/diariodevurgos.com\/dvwps\/wp-content\/uploads\/2011\/02\/jornadas-1.jpg 768w, https:\/\/diariodevurgos.com\/dvwps\/wp-content\/uploads\/2011\/02\/jornadas-1-300x120.jpg 300w\" sizes=\"(max-width: 443px) 100vw, 443px\" \/>\n<p><strong>Domingo 6 de febrero 17.00 horas:<\/strong><br \/>\n<em>Presentaci\u00f3n documental:<\/em><strong> &#8220;La Curva del Diablo&#8221;\u009d<\/strong>. Documental que muestra las luchas que desde hace m\u00e1s de una a\u00f1o mantienen las comunidades ind\u00ed\u00adgenas en Per\u00fa contra el Estado que pretende vender los territorios donde han vivido siempre para extraer minerales, gas y petr\u00f3leo.<br \/>\nRealizado por la Biblioteca Frakaso Escolar.<\/p>\n<p>[youtube]http:\/\/www.youtube.com\/watch?v=UW8vxODhIKY[\/youtube]<\/p>\n<p>Todas las actividades tendr\u00e1n lugar en <strong>la Biblioteca la Maldita situada en el n\u00famero 8 de\u00a0 la calle las Escuelas del antiguo pueblo de Gamonal.<\/strong><\/p>\n","protected":false},"excerpt":{"rendered":"<p>Durante\u00a0 todo el mes de febrero se realizar\u00e1n unas jornadas anarquistas en la Biblioteca la Maldita bajo el lema hagamos que estos tiempos duros se conviertan en tiempos de lucha. La primera de las citas tendr\u00e1 lugar este mismo fin de semana en el que ser\u00e1n proyectados varios documentales sobre la sitaci\u00f3n de Am\u00e9rica Latina&#8230;  <a href=\"https:\/\/diariodevurgos.com\/dvwps\/comienzan-las-jornadas-anarquistas-en-la-biblioteca-la-maldita.php\" class=\"more-link\" title=\"Read Comienzan las jornadas anarquistas en la Biblioteca la Maldita\">Read more &raquo;<\/a><\/p>\n","protected":false},"author":2,"featured_media":0,"comment_status":"open","ping_status":"closed","sticky":false,"template":"","format":"standard","meta":[],"categories":[2,14,27,47],"tags":[],"_links":{"self":[{"href":"https:\/\/diariodevurgos.com\/dvwps\/wp-json\/wp\/v2\/posts\/5942"}],"collection":[{"href":"https:\/\/diariodevurgos.com\/dvwps\/wp-json\/wp\/v2\/posts"}],"about":[{"href":"https:\/\/diariodevurgos.com\/dvwps\/wp-json\/wp\/v2\/types\/post"}],"author":[{"embeddable":true,"href":"https:\/\/diariodevurgos.com\/dvwps\/wp-json\/wp\/v2\/users\/2"}],"replies":[{"embeddable":true,"href":"https:\/\/diariodevurgos.com\/dvwps\/wp-json\/wp\/v2\/comments?post=5942"}],"version-history":[{"count":2,"href":"https:\/\/diariodevurgos.com\/dvwps\/wp-json\/wp\/v2\/posts\/5942\/revisions"}],"predecessor-version":[{"id":5971,"href":"https:\/\/diariodevurgos.com\/dvwps\/wp-json\/wp\/v2\/posts\/5942\/revisions\/5971"}],"wp:attachment":[{"href":"https:\/\/diariodevurgos.com\/dvwps\/wp-json\/wp\/v2\/media?parent=5942"}],"wp:term":[{"taxonomy":"category","embeddable":true,"href":"https:\/\/diariodevurgos.com\/dvwps\/wp-json\/wp\/v2\/categories?post=5942"},{"taxonomy":"post_tag","embeddable":true,"href":"https:\/\/diariodevurgos.com\/dvwps\/wp-json\/wp\/v2\/tags?post=5942"}],"curies":[{"name":"wp","href":"https:\/\/api.w.org\/{rel}","templated":true}]}}