{"id":620,"date":"2007-07-23T18:51:03","date_gmt":"2007-07-23T17:51:03","guid":{"rendered":"http:\/\/diariodevurgos.com\/dvwps\/detenidos-de-la-zarza.php"},"modified":"2007-12-25T19:17:09","modified_gmt":"2007-12-25T18:17:09","slug":"detenidos-de-la-zarza","status":"publish","type":"post","link":"https:\/\/diariodevurgos.com\/dvwps\/detenidos-de-la-zarza.php","title":{"rendered":"Detenidos de La Zarza"},"content":{"rendered":"<p class=\"lead\"><img id=\"image307\" title=\"ZarzaPeque\" alt=\"ZarzaPeque\" src=\"http:\/\/diariodevurgos.com\/dvwps\/wp-content\/uploads\/2007\/04\/lazarza.miniatura.jpg\" align=\"right\" \/>Esta ma\u00f1ana los perros del estado han detenido a 4 personas en <a title=\"laZarza\" href=\"http:\/\/diariodevurgos.com\/dvwps\/la-zarza-desalojada.php\">el desalojo del ESO La Zarza<\/a>, las personas est\u00e1n en dependencias policiales y permanecer\u00e1n toda la noche.<\/p>\n<p>\u00a0A las personas se las acusa de un delito de usurpaci\u00f3n y desobediencia.<\/p>\n<p>Todavia no tenemos noticias de que los abogados hayan sido avisados por parte de las fuerzas repesivas para comunicarlos la detencion de estas personas.<\/p>\n<p>Iremos informando de nuevas noticias puntualmente, de momento se agradece cualquier tipo de solidaridad con estas personas.<\/p>\n","protected":false},"excerpt":{"rendered":"<p>Esta ma\u00f1ana los perros del estado han detenido a 4 personas en el desalojo del ESO La Zarza, las personas est\u00e1n en dependencias policiales y permanecer\u00e1n toda la noche. \u00a0A las personas se las acusa de un delito de usurpaci\u00f3n y desobediencia. Todavia no tenemos noticias de que los abogados hayan sido avisados por parte&#8230;  <a href=\"https:\/\/diariodevurgos.com\/dvwps\/detenidos-de-la-zarza.php\" class=\"more-link\" title=\"Read Detenidos de La Zarza\">Read more &raquo;<\/a><\/p>\n","protected":false},"author":1,"featured_media":0,"comment_status":"open","ping_status":"open","sticky":false,"template":"","format":"standard","meta":[],"categories":[2,20],"tags":[],"_links":{"self":[{"href":"https:\/\/diariodevurgos.com\/dvwps\/wp-json\/wp\/v2\/posts\/620"}],"collection":[{"href":"https:\/\/diariodevurgos.com\/dvwps\/wp-json\/wp\/v2\/posts"}],"about":[{"href":"https:\/\/diariodevurgos.com\/dvwps\/wp-json\/wp\/v2\/types\/post"}],"author":[{"embeddable":true,"href":"https:\/\/diariodevurgos.com\/dvwps\/wp-json\/wp\/v2\/users\/1"}],"replies":[{"embeddable":true,"href":"https:\/\/diariodevurgos.com\/dvwps\/wp-json\/wp\/v2\/comments?post=620"}],"version-history":[{"count":0,"href":"https:\/\/diariodevurgos.com\/dvwps\/wp-json\/wp\/v2\/posts\/620\/revisions"}],"wp:attachment":[{"href":"https:\/\/diariodevurgos.com\/dvwps\/wp-json\/wp\/v2\/media?parent=620"}],"wp:term":[{"taxonomy":"category","embeddable":true,"href":"https:\/\/diariodevurgos.com\/dvwps\/wp-json\/wp\/v2\/categories?post=620"},{"taxonomy":"post_tag","embeddable":true,"href":"https:\/\/diariodevurgos.com\/dvwps\/wp-json\/wp\/v2\/tags?post=620"}],"curies":[{"name":"wp","href":"https:\/\/api.w.org\/{rel}","templated":true}]}}