{"id":623,"date":"2007-07-24T09:47:33","date_gmt":"2007-07-24T08:47:33","guid":{"rendered":"http:\/\/diariodevurgos.com\/dvwps\/solidaridad-con-la-zarza.php"},"modified":"2007-07-29T12:29:21","modified_gmt":"2007-07-29T11:29:21","slug":"solidaridad-con-la-zarza","status":"publish","type":"post","link":"https:\/\/diariodevurgos.com\/dvwps\/solidaridad-con-la-zarza.php","title":{"rendered":"No hay carcel ni leyes que encierren nuestros sue\u00f1os"},"content":{"rendered":"<p class=\"lead\">El aparato represor act\u00faa de nuevo. Una vez m\u00e1s los aferrimos defensores de la libertad, de la democracia, de la igualdad , &#8230;.. y un sin fin de mentiras m\u00e1s, vuelven a hacer uso de la fuerza para terminar con cualquier tipo de disidencia que pretenda subvertir los cimientos de este podrido sistema.<\/p>\n<p align=\"right\">Banda sonora: <a href=\"http:\/\/diariodevurgos.com\/varios\/musica\/HabeasCorpus-NoTeRindas.mp3\">No te rindas-Habeas Corpus<\/a><\/p>\n<p><!--more--><\/p>\n<p>Hace ya m\u00e1s de 24 horas que los se\u00f1ores de la ley y el orden han intentado poner fin a un sue\u00f1o que lleva en las cabezas de muchos desde que tienen un m\u00ed\u00adnimo de conciencia de la realidad que los rodea. Un sue\u00f1o que va mucho m\u00e1s haya de cuatro paredes, un sue\u00f1o que muchos no entender\u00e1n y otros muchos intenten tergiversar con acusaciones de violentos, matacuras, descerebrados, y dem\u00e1s bobadas.<\/p>\n<p>Un sue\u00f1o que por mucho que os empe\u00f1\u00e9is jam\u00e1s podr\u00e9is eliminar, por muchas ostias y mucha represi\u00f3n que haya, nunca podr\u00e9is con \u00e9l.<\/p>\n<p>La Zarza es mucho m\u00e1s que cuatro paredes de un jodido capitalista podrido de dinero a base de robar a los trabajadores y de explotar a la madre tierra. La Zarza va mucho m\u00e1s haya de un local rehabilitado para un uso social y de lucha, La Zarza no se corta y pinchar\u00e1 siempre.<\/p>\n<p>Desde DiariodeVurgos queremos mostrar nuestra total solidaridad  y apoyo al colectivo de la Zarza y sobre todo con las personas secuestradas en el desalojo.<\/p>\n<p>Y pedir el maximo apoyo y la m\u00e1xima solidaridad activa a toda la gente que cree en este proyecto, y a todos los que aun sin creer en este proyecto crean en una lucha que nos lleva a enfrentarnos de verdad  contra este podrido sistema.<\/p>\n","protected":false},"excerpt":{"rendered":"<p>El aparato represor act\u00faa de nuevo. Una vez m\u00e1s los aferrimos defensores de la libertad, de la democracia, de la igualdad , &#8230;.. y un sin fin de mentiras m\u00e1s, vuelven a hacer uso de la fuerza para terminar con cualquier tipo de disidencia que pretenda subvertir los cimientos de este podrido sistema. Banda sonora:&#8230;  <a href=\"https:\/\/diariodevurgos.com\/dvwps\/solidaridad-con-la-zarza.php\" class=\"more-link\" title=\"Read No hay carcel ni leyes que encierren nuestros sue\u00f1os\">Read more &raquo;<\/a><\/p>\n","protected":false},"author":12,"featured_media":0,"comment_status":"open","ping_status":"open","sticky":false,"template":"","format":"standard","meta":[],"categories":[2,20,17],"tags":[],"_links":{"self":[{"href":"https:\/\/diariodevurgos.com\/dvwps\/wp-json\/wp\/v2\/posts\/623"}],"collection":[{"href":"https:\/\/diariodevurgos.com\/dvwps\/wp-json\/wp\/v2\/posts"}],"about":[{"href":"https:\/\/diariodevurgos.com\/dvwps\/wp-json\/wp\/v2\/types\/post"}],"author":[{"embeddable":true,"href":"https:\/\/diariodevurgos.com\/dvwps\/wp-json\/wp\/v2\/users\/12"}],"replies":[{"embeddable":true,"href":"https:\/\/diariodevurgos.com\/dvwps\/wp-json\/wp\/v2\/comments?post=623"}],"version-history":[{"count":0,"href":"https:\/\/diariodevurgos.com\/dvwps\/wp-json\/wp\/v2\/posts\/623\/revisions"}],"wp:attachment":[{"href":"https:\/\/diariodevurgos.com\/dvwps\/wp-json\/wp\/v2\/media?parent=623"}],"wp:term":[{"taxonomy":"category","embeddable":true,"href":"https:\/\/diariodevurgos.com\/dvwps\/wp-json\/wp\/v2\/categories?post=623"},{"taxonomy":"post_tag","embeddable":true,"href":"https:\/\/diariodevurgos.com\/dvwps\/wp-json\/wp\/v2\/tags?post=623"}],"curies":[{"name":"wp","href":"https:\/\/api.w.org\/{rel}","templated":true}]}}