{"id":631,"date":"2007-07-26T13:19:47","date_gmt":"2007-07-26T12:19:47","guid":{"rendered":"http:\/\/diariodevurgos.com\/dvwps\/primero-anti-disturbios-despues-tergiversacion-informativa.php"},"modified":"2007-07-26T13:30:27","modified_gmt":"2007-07-26T12:30:27","slug":"primero-anti-disturbios-despues-tergiversacion-informativa","status":"publish","type":"post","link":"https:\/\/diariodevurgos.com\/dvwps\/primero-anti-disturbios-despues-tergiversacion-informativa.php","title":{"rendered":"Primero anti-disturbios, despu\u00e9s tergiversaci\u00f3n informativa&#8230;."},"content":{"rendered":"<p class=\"lead\">Una vez que se ha producido el desalojo del Espacio Social Ocupado La Zarza, una vez que los mamporreros de uniforme han actuado de la \u00fanica manera para la que est\u00e1n programados, hemos podido comprobar como el &#8220;Diario del Cacique&#8221;\u009d, otro de los baluartes represivos de la ciudad de Burgos, han hecho gala de la labor desinformativa y para-policial.<\/p>\n<p align=\"center\"><a href=\"http:\/\/diariodevurgos.com\/dvwps\/wp-content\/uploads\/2007\/07\/julio-1.jpg\"><img id=\"image633\" alt=\"julio2\" src=\"http:\/\/diariodevurgos.com\/dvwps\/wp-content\/uploads\/2007\/07\/julio-2.jpg\" \/><\/a><\/p>\n<p><!--more-->En el relato de los hechos que realiza el &#8220;Pasqu\u00ed\u00adn de M\u00e9ndez&#8221;\u009d se hace hincapi\u00e9 en que el desalojo se produjo sin incidentes. Lo que no sabe este medio, o m\u00e1s bien, lo que sus amigos de placa y pistola no le han querido comentar es que, en un descomunal despliegue que tomo militarmente el barrio de Capiscol, los antidisturbios derribaron con un ariete la puerta de La Zarza,  ni tan siquiera llamaron al timbre para identificarse como polic\u00ed\u00adas. No dieron opci\u00f3n a que los <a href=\"mailto:chic@s\">chic@s<\/a> salieran y se identificaran, tiraron la puerta abajo y ya esta. Una medida del todo innecesaria ante el despliegue de efectivos realizado, un despliegue jam\u00e1s vivido en el barrio, ni tan siquiera en momentos tan dram\u00e1ticos como los hechos del 18 de agosto de 2005.<\/p>\n<p>Lo que tampoco cuenta el &#8220;Diario de M\u00e9ndez&#8221;\u009d es que, a pesar de que los j\u00f3venes detenidos no ofrecieron resistencia alguna, los antidisturbios los golpearon en repetidas ocasione llegando incluso a disparar varis pelotas de goma a uno de los chavales que se encontraba en la parte superior del local. Hechos que, a pesar de lo intempestivo de la hora, pudieron se observados por algunos vecinos de los edificios quedan al patio del taller ocupado, los cuales fueron &#8220;invitados a no mirar&#8221;\u009d, mientras eran amenazados por uno de los agentes anti-disturbios con abrir fuego si no cerraban la ventana. Pero lo que no va a hacer el &#8220;Diario de M\u00e9ndez&#8221;\u009d es contradecir la versi\u00f3n que sus respectivos jefazos han elaborado en un  despacho de Comisar\u00ed\u00ada (quiz\u00e1s mientras escuchaban los gritos de la gargantas solidarias que se desga\u00f1itaban al son de &#8220;Libertad detenidos&#8221;\u009d).<\/p>\n<p>El relato de los hechos contin\u00faa con la aterradora revelaci\u00f3n de que en el registro del local, se incautaron diverso material pirot\u00e9cnico. A la ilustre reportera se le ha olvidado a\u00f1adir que durante las Fiestas Patronales de San Pedro y San Pablo en el Espacio Ocupado se realizaron unas Fiestas Zarzeras, alternativas a las oficiales, en las que, adem\u00e1s de actos culturales y un concierto, se organiz\u00f3 una mascleta, espect\u00e1culo que comprende el lanzamiento de diverso material pirot\u00e9cnico, celebraci\u00f3n totalmente controlada y en la que sobr\u00f3 una peque\u00f1a parte de este material. Nos consta que la  reportera que cubri\u00f3 la noticia conoce a la perfecci\u00f3n este espacio web, y por lo tanto, el aludido programa de fiestas. Sin embargo, la imagen del monstruo okupa-anarco-pegacuras-tirabombas  no podr\u00ed\u00ada estar completa sin la alusi\u00f3n al material pirot\u00e9cnico incautado.<\/p>\n<p>Durante estos 4 meses de Okupaci\u00f3n La Zarza he realizado m\u00e1s actividades que el Consejo de Barrio de Capiscol y el de Gamonal juntos en muchos a\u00f1os. La Zarza ha representado una alternativa real para gran parte de la juventud de estos barrios, adem\u00e1s de un lugar de encuentro para un sinf\u00ed\u00adn de iniciativas sociales. Pero este detalle no interesa que se difunda, mucho m\u00e1s interesante recalcar la manida historia de la agresi\u00f3n al cura, argumento  de moda para desprestigiar al Espacio Ocupado, a pesar de que uno de los p\u00e1rrocos de San Pablo ha afirmado que la versi\u00f3n que difundi\u00f3 el &#8220;diario&#8221;\u009d fue pretenciosa y exagerada.<\/p>\n<p>No nos cansaremos de repetir que La Zarza es algo mucho m\u00e1s intenso que las cuatro paredes de un taller, es un sue\u00f1o colectivo, un deseo irrefrenable de lucha, ya como tal no se puede detener.<\/p>\n<p><strong><em>La Zarza sigue pinchando!!!<\/em><\/strong><\/p>\n","protected":false},"excerpt":{"rendered":"<p>Una vez que se ha producido el desalojo del Espacio Social Ocupado La Zarza, una vez que los mamporreros de uniforme han actuado de la \u00fanica manera para la que est\u00e1n programados, hemos podido comprobar como el &#8220;Diario del Cacique&#8221;\u009d, otro de los baluartes represivos de la ciudad de Burgos, han hecho gala de la&#8230;  <a href=\"https:\/\/diariodevurgos.com\/dvwps\/primero-anti-disturbios-despues-tergiversacion-informativa.php\" class=\"more-link\" title=\"Read Primero anti-disturbios, despu\u00e9s tergiversaci\u00f3n informativa&#8230;.\">Read more &raquo;<\/a><\/p>\n","protected":false},"author":8,"featured_media":0,"comment_status":"open","ping_status":"open","sticky":false,"template":"","format":"standard","meta":[],"categories":[2,20,17],"tags":[],"_links":{"self":[{"href":"https:\/\/diariodevurgos.com\/dvwps\/wp-json\/wp\/v2\/posts\/631"}],"collection":[{"href":"https:\/\/diariodevurgos.com\/dvwps\/wp-json\/wp\/v2\/posts"}],"about":[{"href":"https:\/\/diariodevurgos.com\/dvwps\/wp-json\/wp\/v2\/types\/post"}],"author":[{"embeddable":true,"href":"https:\/\/diariodevurgos.com\/dvwps\/wp-json\/wp\/v2\/users\/8"}],"replies":[{"embeddable":true,"href":"https:\/\/diariodevurgos.com\/dvwps\/wp-json\/wp\/v2\/comments?post=631"}],"version-history":[{"count":0,"href":"https:\/\/diariodevurgos.com\/dvwps\/wp-json\/wp\/v2\/posts\/631\/revisions"}],"wp:attachment":[{"href":"https:\/\/diariodevurgos.com\/dvwps\/wp-json\/wp\/v2\/media?parent=631"}],"wp:term":[{"taxonomy":"category","embeddable":true,"href":"https:\/\/diariodevurgos.com\/dvwps\/wp-json\/wp\/v2\/categories?post=631"},{"taxonomy":"post_tag","embeddable":true,"href":"https:\/\/diariodevurgos.com\/dvwps\/wp-json\/wp\/v2\/tags?post=631"}],"curies":[{"name":"wp","href":"https:\/\/api.w.org\/{rel}","templated":true}]}}