{"id":6394,"date":"2011-05-21T10:39:46","date_gmt":"2011-05-21T09:39:46","guid":{"rendered":"http:\/\/diariodevurgos.com\/dvwps\/?p=6394"},"modified":"2011-05-21T15:01:51","modified_gmt":"2011-05-21T14:01:51","slug":"error-en-el-sistema","status":"publish","type":"post","link":"https:\/\/diariodevurgos.com\/dvwps\/error-en-el-sistema.php","title":{"rendered":"Error en el sistema"},"content":{"rendered":"<p class=\"lead\">El 20M fue mejor y m\u00e1s multitudinario que el 19M que a su vez fue mejor y m\u00e1s multitudinario que el 18M&#8230; \u00bfC\u00f3mo ser\u00e1 el 21M? \u00bfY el 22M?. Estas son las im\u00e1genes de una gran concentraci\u00f3n en Burgos contra los pol\u00ed\u00adticos y el sistema actual. La concentraci\u00f3n continua en la Plaza Mayor.<\/p>\n<p align=\"center\"><img loading=\"lazy\" class=\"alignnone size-full wp-image-6401\" title=\"DemocraciaRealYa7\" src=\"http:\/\/diariodevurgos.com\/dvwps\/wp-content\/uploads\/2011\/05\/7.jpg\" alt=\"DemocraciaRealYa7\" width=\"440\" height=\"150\" srcset=\"https:\/\/diariodevurgos.com\/dvwps\/wp-content\/uploads\/2011\/05\/7.jpg 440w, https:\/\/diariodevurgos.com\/dvwps\/wp-content\/uploads\/2011\/05\/7-300x102.jpg 300w\" sizes=\"(max-width: 440px) 100vw, 440px\" \/><\/p>\n<p><!--more--><\/p>\n<p align=\"center\"><img loading=\"lazy\" class=\"size-full wp-image-6395 alignnone\" title=\"DemocraciaRealYa1\" src=\"http:\/\/diariodevurgos.com\/dvwps\/wp-content\/uploads\/2011\/05\/1.jpg\" alt=\"DemocraciaRealYa1\" width=\"440\" height=\"150\" srcset=\"https:\/\/diariodevurgos.com\/dvwps\/wp-content\/uploads\/2011\/05\/1.jpg 440w, https:\/\/diariodevurgos.com\/dvwps\/wp-content\/uploads\/2011\/05\/1-300x102.jpg 300w\" sizes=\"(max-width: 440px) 100vw, 440px\" \/><\/p>\n<p align=\"center\"><img loading=\"lazy\" class=\"alignnone size-full wp-image-6396\" title=\"DemocraciaRealYa2\" src=\"http:\/\/diariodevurgos.com\/dvwps\/wp-content\/uploads\/2011\/05\/2.jpg\" alt=\"DemocraciaRealYa2\" width=\"440\" height=\"150\" srcset=\"https:\/\/diariodevurgos.com\/dvwps\/wp-content\/uploads\/2011\/05\/2.jpg 440w, https:\/\/diariodevurgos.com\/dvwps\/wp-content\/uploads\/2011\/05\/2-300x102.jpg 300w\" sizes=\"(max-width: 440px) 100vw, 440px\" \/><\/p>\n<p align=\"center\"><img loading=\"lazy\" class=\"alignnone size-full wp-image-6397\" title=\"DemocraciaRealYa3\" src=\"http:\/\/diariodevurgos.com\/dvwps\/wp-content\/uploads\/2011\/05\/3.jpg\" alt=\"DemocraciaRealYa3\" width=\"440\" height=\"150\" srcset=\"https:\/\/diariodevurgos.com\/dvwps\/wp-content\/uploads\/2011\/05\/3.jpg 440w, https:\/\/diariodevurgos.com\/dvwps\/wp-content\/uploads\/2011\/05\/3-300x102.jpg 300w\" sizes=\"(max-width: 440px) 100vw, 440px\" \/><\/p>\n<p align=\"center\"><img loading=\"lazy\" class=\"alignnone size-full wp-image-6398\" title=\"DemocraciaRealYa4\" src=\"http:\/\/diariodevurgos.com\/dvwps\/wp-content\/uploads\/2011\/05\/4.jpg\" alt=\"DemocraciaRealYa4\" width=\"440\" height=\"150\" srcset=\"https:\/\/diariodevurgos.com\/dvwps\/wp-content\/uploads\/2011\/05\/4.jpg 440w, https:\/\/diariodevurgos.com\/dvwps\/wp-content\/uploads\/2011\/05\/4-300x102.jpg 300w\" sizes=\"(max-width: 440px) 100vw, 440px\" \/><\/p>\n<p align=\"center\"><img loading=\"lazy\" class=\"alignnone size-full wp-image-6399\" title=\"DemocraciaRealYa5\" src=\"http:\/\/diariodevurgos.com\/dvwps\/wp-content\/uploads\/2011\/05\/5.jpg\" alt=\"DemocraciaRealYa5\" width=\"440\" height=\"150\" srcset=\"https:\/\/diariodevurgos.com\/dvwps\/wp-content\/uploads\/2011\/05\/5.jpg 440w, https:\/\/diariodevurgos.com\/dvwps\/wp-content\/uploads\/2011\/05\/5-300x102.jpg 300w\" sizes=\"(max-width: 440px) 100vw, 440px\" \/><\/p>\n<p align=\"center\"><img loading=\"lazy\" class=\"alignnone size-full wp-image-6400\" title=\"DemocraciaRealYa6\" src=\"http:\/\/diariodevurgos.com\/dvwps\/wp-content\/uploads\/2011\/05\/6.jpg\" alt=\"DemocraciaRealYa6\" width=\"440\" height=\"150\" srcset=\"https:\/\/diariodevurgos.com\/dvwps\/wp-content\/uploads\/2011\/05\/6.jpg 440w, https:\/\/diariodevurgos.com\/dvwps\/wp-content\/uploads\/2011\/05\/6-300x102.jpg 300w\" sizes=\"(max-width: 440px) 100vw, 440px\" \/><\/p>\n","protected":false},"excerpt":{"rendered":"<p>El 20M fue mejor y m\u00e1s multitudinario que el 19M que a su vez fue mejor y m\u00e1s multitudinario que el 18M&#8230; \u00bfC\u00f3mo ser\u00e1 el 21M? \u00bfY el 22M?. Estas son las im\u00e1genes de una gran concentraci\u00f3n en Burgos contra los pol\u00ed\u00adticos y el sistema actual. La concentraci\u00f3n continua en la Plaza Mayor.<\/p>\n","protected":false},"author":1,"featured_media":0,"comment_status":"open","ping_status":"closed","sticky":false,"template":"","format":"standard","meta":[],"categories":[2,49],"tags":[],"_links":{"self":[{"href":"https:\/\/diariodevurgos.com\/dvwps\/wp-json\/wp\/v2\/posts\/6394"}],"collection":[{"href":"https:\/\/diariodevurgos.com\/dvwps\/wp-json\/wp\/v2\/posts"}],"about":[{"href":"https:\/\/diariodevurgos.com\/dvwps\/wp-json\/wp\/v2\/types\/post"}],"author":[{"embeddable":true,"href":"https:\/\/diariodevurgos.com\/dvwps\/wp-json\/wp\/v2\/users\/1"}],"replies":[{"embeddable":true,"href":"https:\/\/diariodevurgos.com\/dvwps\/wp-json\/wp\/v2\/comments?post=6394"}],"version-history":[{"count":4,"href":"https:\/\/diariodevurgos.com\/dvwps\/wp-json\/wp\/v2\/posts\/6394\/revisions"}],"predecessor-version":[{"id":6404,"href":"https:\/\/diariodevurgos.com\/dvwps\/wp-json\/wp\/v2\/posts\/6394\/revisions\/6404"}],"wp:attachment":[{"href":"https:\/\/diariodevurgos.com\/dvwps\/wp-json\/wp\/v2\/media?parent=6394"}],"wp:term":[{"taxonomy":"category","embeddable":true,"href":"https:\/\/diariodevurgos.com\/dvwps\/wp-json\/wp\/v2\/categories?post=6394"},{"taxonomy":"post_tag","embeddable":true,"href":"https:\/\/diariodevurgos.com\/dvwps\/wp-json\/wp\/v2\/tags?post=6394"}],"curies":[{"name":"wp","href":"https:\/\/api.w.org\/{rel}","templated":true}]}}