{"id":6429,"date":"2011-05-25T00:46:06","date_gmt":"2011-05-24T23:46:06","guid":{"rendered":"http:\/\/diariodevurgos.com\/dvwps\/?p=6429"},"modified":"2011-05-25T00:47:24","modified_gmt":"2011-05-24T23:47:24","slug":"entrevista-a-alain-pecunia-en-radio-onda-expansiva","status":"publish","type":"post","link":"https:\/\/diariodevurgos.com\/dvwps\/entrevista-a-alain-pecunia-en-radio-onda-expansiva.php","title":{"rendered":"Entrevista a Alain Pecunia en Radio Onda Expansiva"},"content":{"rendered":"<p class=\"lead\"><img loading=\"lazy\" class=\"alignright size-thumbnail wp-image-6430\" title=\"fqz723\" src=\"http:\/\/diariodevurgos.com\/dvwps\/wp-content\/uploads\/2011\/05\/fqz723-150x150.jpg\" alt=\"fqz723\" width=\"129\" height=\"129\" \/>En este nuevo programa <a title=\"Un anarquista de 17 a\u00f1os en las prisiones franquistas\" href=\"http:\/\/ondaexpansiva.net\/?p=870\">Radio Onda Expansiva <\/a>nos acerca a la historia de Alain Pecunia, un joven anarquista de origen franc\u00e9s que fue detenido en abril de 1962 e internado en la prisi\u00f3n de Carabanchel. A trav\u00e9s de una entrevista telef\u00f3nica el propio Alain responde desde Par\u00ed\u00ads a las diferentes cuestiones que nos permitir\u00e1n entender su experiencia vital de compromiso libertario contra el r\u00e9gimen franquista.<\/p>\n","protected":false},"excerpt":{"rendered":"<p>En este nuevo programa Radio Onda Expansiva nos acerca a la historia de Alain Pecunia, un joven anarquista de origen franc\u00e9s que fue detenido en abril de 1962 e internado en la prisi\u00f3n de Carabanchel. A trav\u00e9s de una entrevista telef\u00f3nica el propio Alain responde desde Par\u00ed\u00ads a las diferentes cuestiones que nos permitir\u00e1n entender&#8230;  <a href=\"https:\/\/diariodevurgos.com\/dvwps\/entrevista-a-alain-pecunia-en-radio-onda-expansiva.php\" class=\"more-link\" title=\"Read Entrevista a Alain Pecunia en Radio Onda Expansiva\">Read more &raquo;<\/a><\/p>\n","protected":false},"author":2,"featured_media":0,"comment_status":"open","ping_status":"closed","sticky":false,"template":"","format":"standard","meta":[],"categories":[6,23],"tags":[],"_links":{"self":[{"href":"https:\/\/diariodevurgos.com\/dvwps\/wp-json\/wp\/v2\/posts\/6429"}],"collection":[{"href":"https:\/\/diariodevurgos.com\/dvwps\/wp-json\/wp\/v2\/posts"}],"about":[{"href":"https:\/\/diariodevurgos.com\/dvwps\/wp-json\/wp\/v2\/types\/post"}],"author":[{"embeddable":true,"href":"https:\/\/diariodevurgos.com\/dvwps\/wp-json\/wp\/v2\/users\/2"}],"replies":[{"embeddable":true,"href":"https:\/\/diariodevurgos.com\/dvwps\/wp-json\/wp\/v2\/comments?post=6429"}],"version-history":[{"count":2,"href":"https:\/\/diariodevurgos.com\/dvwps\/wp-json\/wp\/v2\/posts\/6429\/revisions"}],"predecessor-version":[{"id":6432,"href":"https:\/\/diariodevurgos.com\/dvwps\/wp-json\/wp\/v2\/posts\/6429\/revisions\/6432"}],"wp:attachment":[{"href":"https:\/\/diariodevurgos.com\/dvwps\/wp-json\/wp\/v2\/media?parent=6429"}],"wp:term":[{"taxonomy":"category","embeddable":true,"href":"https:\/\/diariodevurgos.com\/dvwps\/wp-json\/wp\/v2\/categories?post=6429"},{"taxonomy":"post_tag","embeddable":true,"href":"https:\/\/diariodevurgos.com\/dvwps\/wp-json\/wp\/v2\/tags?post=6429"}],"curies":[{"name":"wp","href":"https:\/\/api.w.org\/{rel}","templated":true}]}}