{"id":6456,"date":"2011-05-31T13:51:30","date_gmt":"2011-05-31T12:51:30","guid":{"rendered":"http:\/\/diariodevurgos.com\/dvwps\/?p=6456"},"modified":"2011-06-13T13:45:20","modified_gmt":"2011-06-13T12:45:20","slug":"indignadxs-propuesta-de-debates","status":"publish","type":"post","link":"https:\/\/diariodevurgos.com\/dvwps\/indignadxs-propuesta-de-debates.php","title":{"rendered":"Indignadxs: propuesta de debates"},"content":{"rendered":"<p class=\"lead\">La asamblea de Burgos os invita a participar activamente en los debates p\u00fablicos que se celebrar\u00e1n con la finalidad de darnos voz y recuperar las relaciones sociales no TELEdirigidas, reflexionando cr\u00ed\u00adticamente sobre distintos temas.<br \/>\nEl primer bloque a tratar durante esta semana ser\u00e1 econom\u00ed\u00ada empezando hoy Martes 31 de Mayo de 2011 de 18 h. a 21 h. en el Espol\u00f3n a la altura de la entrada a la plaza Mayor.<br \/>\n<img loading=\"lazy\" class=\"aligncenter size-full wp-image-6457\" title=\"ci\" src=\"http:\/\/diariodevurgos.com\/dvwps\/wp-content\/uploads\/2011\/05\/ci.jpg\" alt=\"ci\" width=\"439\" height=\"94\" srcset=\"https:\/\/diariodevurgos.com\/dvwps\/wp-content\/uploads\/2011\/05\/ci.jpg 912w, https:\/\/diariodevurgos.com\/dvwps\/wp-content\/uploads\/2011\/05\/ci-300x64.jpg 300w\" sizes=\"(max-width: 439px) 100vw, 439px\" \/><\/p>\n<p><!--more--><br \/>\nEstos temas son:<\/p>\n<p>&#8211; ECONOM\u00ed\u008dA<br \/>\n&#8211; VIVIENDA<br \/>\n&#8211; TRABAJO<br \/>\n&#8211; MEDIO AMBIENTE, ENERG\u00ed\u008dA Y SOSTENIBILIDAD<br \/>\n&#8211; POL\u00ed\u008dTICAS SOCIALES &#8211; EXCLUSI\u00ed\u201cN, RACISMO, C\u00ed\u0081RCEL, HOMOFOBIA, INMIGRACI\u00ed\u201cN&#8230;<br \/>\n&#8211; FEMINISMO<br \/>\n&#8211; EDUCACI\u00ed\u201cN<br \/>\n&#8211; CULTURA<br \/>\n&#8211; SANIDAD<br \/>\n&#8211; REFORMAS LEGISLATIVAS\/ PARTICIPACI\u00ed\u201cN<br \/>\n&#8211; ASAMBLEAS DE BARRIOS<br \/>\n&#8211; PROYECCI\u00ed\u201cN INTERNACIONAL\/EXTENSI\u00ed\u201cN<\/p>\n<p>El primer bloque a tratar durante esta semana ser\u00e1 ECONOM\u00ed\u008dA<\/p>\n<p>Fecha de comienzo del BLOQUE ECONOMIA<br \/>\nMARTES 31 DE MAYO DE 2011<br \/>\nHORA: DE 18 A 20 horas<br \/>\nLUGAR: En el paseo del Espol\u00f3n a la altura del pasadizo de entrada a la Plaza Mayor<\/p>\n<p>La recuperaci\u00f3n del pensamiento cr\u00ed\u00adtico s\u00f3lo tendr\u00e1 fuerza si es colectivo.<br \/>\nNO TE RESIGNES, MA\u00d1ANA SER\u00ed\u0081 TARDE.<br \/>\nSi no puedes venir deja tus propuestas en los buzones de la Plaza Mayor o en la <a href=\"http:\/\/democraciarealyaburgos.blogspot.com\/\" target=\"_blank\">p\u00e1gina<\/a>.<\/p>\n<img loading=\"lazy\" class=\"aligncenter size-full wp-image-6458\" title=\"uno\" src=\"http:\/\/diariodevurgos.com\/dvwps\/wp-content\/uploads\/2011\/05\/uno.JPG\" alt=\"uno\" width=\"502\" height=\"332\" srcset=\"https:\/\/diariodevurgos.com\/dvwps\/wp-content\/uploads\/2011\/05\/uno.JPG 720w, https:\/\/diariodevurgos.com\/dvwps\/wp-content\/uploads\/2011\/05\/uno-300x198.jpg 300w\" sizes=\"(max-width: 502px) 100vw, 502px\" \/>\n","protected":false},"excerpt":{"rendered":"<p>La asamblea de Burgos os invita a participar activamente en los debates p\u00fablicos que se celebrar\u00e1n con la finalidad de darnos voz y recuperar las relaciones sociales no TELEdirigidas, reflexionando cr\u00ed\u00adticamente sobre distintos temas. El primer bloque a tratar durante esta semana ser\u00e1 econom\u00ed\u00ada empezando hoy Martes 31 de Mayo de 2011 de 18 h&#8230;.  <a href=\"https:\/\/diariodevurgos.com\/dvwps\/indignadxs-propuesta-de-debates.php\" class=\"more-link\" title=\"Read Indignadxs: propuesta de debates\">Read more &raquo;<\/a><\/p>\n","protected":false},"author":23,"featured_media":0,"comment_status":"open","ping_status":"closed","sticky":false,"template":"","format":"standard","meta":[],"categories":[50,2,49],"tags":[],"_links":{"self":[{"href":"https:\/\/diariodevurgos.com\/dvwps\/wp-json\/wp\/v2\/posts\/6456"}],"collection":[{"href":"https:\/\/diariodevurgos.com\/dvwps\/wp-json\/wp\/v2\/posts"}],"about":[{"href":"https:\/\/diariodevurgos.com\/dvwps\/wp-json\/wp\/v2\/types\/post"}],"author":[{"embeddable":true,"href":"https:\/\/diariodevurgos.com\/dvwps\/wp-json\/wp\/v2\/users\/23"}],"replies":[{"embeddable":true,"href":"https:\/\/diariodevurgos.com\/dvwps\/wp-json\/wp\/v2\/comments?post=6456"}],"version-history":[{"count":4,"href":"https:\/\/diariodevurgos.com\/dvwps\/wp-json\/wp\/v2\/posts\/6456\/revisions"}],"predecessor-version":[{"id":6460,"href":"https:\/\/diariodevurgos.com\/dvwps\/wp-json\/wp\/v2\/posts\/6456\/revisions\/6460"}],"wp:attachment":[{"href":"https:\/\/diariodevurgos.com\/dvwps\/wp-json\/wp\/v2\/media?parent=6456"}],"wp:term":[{"taxonomy":"category","embeddable":true,"href":"https:\/\/diariodevurgos.com\/dvwps\/wp-json\/wp\/v2\/categories?post=6456"},{"taxonomy":"post_tag","embeddable":true,"href":"https:\/\/diariodevurgos.com\/dvwps\/wp-json\/wp\/v2\/tags?post=6456"}],"curies":[{"name":"wp","href":"https:\/\/api.w.org\/{rel}","templated":true}]}}