{"id":6741,"date":"2011-07-12T17:00:05","date_gmt":"2011-07-12T16:00:05","guid":{"rendered":"http:\/\/diariodevurgos.com\/dvwps\/?p=6741"},"modified":"2011-07-15T16:22:28","modified_gmt":"2011-07-15T15:22:28","slug":"concentracion-contra-los-desahucios","status":"publish","type":"post","link":"https:\/\/diariodevurgos.com\/dvwps\/concentracion-contra-los-desahucios.php","title":{"rendered":"Concentracion contra los desahucios"},"content":{"rendered":"<p class=\"lead\"><strong><a rel=\"attachment wp-att-6743\" href=\"http:\/\/diariodevurgos.com\/dvwps\/concentracion-contra-los-desahucios.php\/images-11\"><img loading=\"lazy\" class=\"alignright size-full wp-image-6743\" title=\"images\" src=\"http:\/\/diariodevurgos.com\/dvwps\/wp-content\/uploads\/2011\/07\/images.jpg\" alt=\"images\" width=\"120\" height=\"120\" \/><\/a>Concentracion frente al juzgado el viernes 15 de julio<\/strong> <strong>a las 10:00 h.<\/strong><br \/>\nSe trata de una concentraci\u00f3n en apoyo a una ciudadana que ha hecho llegar su problema a la asamblea. Lleva mucho tiempo pidiendo a la Caja de ahorros municipal de Burgos (Banca C\u00ed\u00advica, curioso nombre) que le permita cancelar una hipoteca a cambio de la daci\u00f3n del inmueble.<br \/>\n<strong><span style=\"color: #ff0000;\">Actualizado Viernes 15 abajo de la noticia<\/span>.<br \/>\n<\/strong><\/p>\n<p><!--more--><\/p>\n<p>Cansada de no obtener respuesta alguna, ha denunciado a la caja y ahora ha sido citada para un acto de conciliaci\u00f3n el d\u00ed\u00ada 15 de julio a las 10.30 en los juzgados.<\/p>\n<p>Es probable que Caja de Burgos ni siquiera se presente al acto pero, a\u00fan as\u00ed\u00ad, debemos estar en el juzgado preguntando:<br \/>\n\u00bfDonde est\u00e1 la justicia si a quien se considera delincuente es al que se queda en paro y no puede pagar la hipoteca?<br \/>\n\u00bfD\u00f3nde est\u00e1 la justicia si el banco se queda tu casa y a\u00fan as\u00ed\u00ad debes seguir pag\u00e1ndola?<br \/>\nAnte cosas as\u00ed\u00ad, \u00bfc\u00f3mo pueden seguir afirmando que el sistema judicial nos defiende a todos por igual?<\/p>\n<p>Fuente: <a href=\"http:\/\/asambleageneralburgos.blogspot.com\/\">Asamblea de Burgos (15M)<\/a>.<\/p>\n<p><span style=\"color: #ff0000;\"><strong>Actualizado Viernes 15:<\/strong><\/span> Mientras vecinos de Burgos se concentraban en la puerta para protestar la Caja ha rechazado en el acto de conciliaci\u00f3n la daci\u00f3n en pago de la vivienda.<br \/>\nMas tarde ha habido otra concentraci\u00f3n dentro y en las puertas del palacio del cord\u00f3n. En breve habr\u00e1 m\u00e1s movilizaciones hasta parar el desahucio de esta vecina.<\/p>\n<p>\u00a1Todo acaba de comenzar, esto solo el principio, la lucha continua!<\/p>\n<a rel=\"attachment wp-att-6768\" href=\"http:\/\/diariodevurgos.com\/dvwps\/concentracion-contra-los-desahucios.php\/cuatro-7\"><img loading=\"lazy\" class=\"aligncenter size-full wp-image-6768\" title=\"cuatro\" src=\"http:\/\/diariodevurgos.com\/dvwps\/wp-content\/uploads\/2011\/07\/cuatro.JPG\" alt=\"cuatro\" width=\"436\" height=\"332\" \/><\/a>\n<a rel=\"attachment wp-att-6769\" href=\"http:\/\/diariodevurgos.com\/dvwps\/concentracion-contra-los-desahucios.php\/cinco-6\"><img loading=\"lazy\" class=\"aligncenter size-full wp-image-6769\" title=\"cinco\" src=\"http:\/\/diariodevurgos.com\/dvwps\/wp-content\/uploads\/2011\/07\/cinco.JPG\" alt=\"cinco\" width=\"436\" height=\"327\" srcset=\"https:\/\/diariodevurgos.com\/dvwps\/wp-content\/uploads\/2011\/07\/cinco.JPG 533w, https:\/\/diariodevurgos.com\/dvwps\/wp-content\/uploads\/2011\/07\/cinco-300x225.jpg 300w\" sizes=\"(max-width: 436px) 100vw, 436px\" \/><\/a>\n","protected":false},"excerpt":{"rendered":"<p>Concentracion frente al juzgado el viernes 15 de julio a las 10:00 h. Se trata de una concentraci\u00f3n en apoyo a una ciudadana que ha hecho llegar su problema a la asamblea. Lleva mucho tiempo pidiendo a la Caja de ahorros municipal de Burgos (Banca C\u00ed\u00advica, curioso nombre) que le permita cancelar una hipoteca a&#8230;  <a href=\"https:\/\/diariodevurgos.com\/dvwps\/concentracion-contra-los-desahucios.php\" class=\"more-link\" title=\"Read Concentracion contra los desahucios\">Read more &raquo;<\/a><\/p>\n","protected":false},"author":21,"featured_media":0,"comment_status":"open","ping_status":"closed","sticky":false,"template":"","format":"standard","meta":[],"categories":[51,50,2],"tags":[],"_links":{"self":[{"href":"https:\/\/diariodevurgos.com\/dvwps\/wp-json\/wp\/v2\/posts\/6741"}],"collection":[{"href":"https:\/\/diariodevurgos.com\/dvwps\/wp-json\/wp\/v2\/posts"}],"about":[{"href":"https:\/\/diariodevurgos.com\/dvwps\/wp-json\/wp\/v2\/types\/post"}],"author":[{"embeddable":true,"href":"https:\/\/diariodevurgos.com\/dvwps\/wp-json\/wp\/v2\/users\/21"}],"replies":[{"embeddable":true,"href":"https:\/\/diariodevurgos.com\/dvwps\/wp-json\/wp\/v2\/comments?post=6741"}],"version-history":[{"count":11,"href":"https:\/\/diariodevurgos.com\/dvwps\/wp-json\/wp\/v2\/posts\/6741\/revisions"}],"predecessor-version":[{"id":6767,"href":"https:\/\/diariodevurgos.com\/dvwps\/wp-json\/wp\/v2\/posts\/6741\/revisions\/6767"}],"wp:attachment":[{"href":"https:\/\/diariodevurgos.com\/dvwps\/wp-json\/wp\/v2\/media?parent=6741"}],"wp:term":[{"taxonomy":"category","embeddable":true,"href":"https:\/\/diariodevurgos.com\/dvwps\/wp-json\/wp\/v2\/categories?post=6741"},{"taxonomy":"post_tag","embeddable":true,"href":"https:\/\/diariodevurgos.com\/dvwps\/wp-json\/wp\/v2\/tags?post=6741"}],"curies":[{"name":"wp","href":"https:\/\/api.w.org\/{rel}","templated":true}]}}