{"id":6852,"date":"2011-08-06T02:28:05","date_gmt":"2011-08-06T01:28:05","guid":{"rendered":"http:\/\/diariodevurgos.com\/dvwps\/?p=6852"},"modified":"2011-08-06T02:28:05","modified_gmt":"2011-08-06T01:28:05","slug":"llegada-de-la-marcha-indignada-hacia-bruselas-a-burgos-y-concentracion-en-la-plaza-mayor-por-los-sucesos-de-madrid","status":"publish","type":"post","link":"https:\/\/diariodevurgos.com\/dvwps\/llegada-de-la-marcha-indignada-hacia-bruselas-a-burgos-y-concentracion-en-la-plaza-mayor-por-los-sucesos-de-madrid.php","title":{"rendered":"Llegada de la marcha indignada hacia Bruselas a Burgos y concentraci\u00f3n en la Plaza Mayor por los sucesos de Madrid."},"content":{"rendered":"<p class=\"lead\">Hoy,<strong> s\u00e1bado 6 de agosto de 2011<\/strong>, tiene previsto llegar a Burgos la marcha <a title=\"15-M Burgos\" href=\"http:\/\/asambleageneralburgos.blogspot.com\/2011\/08\/hoy-sabado-6-dia-de-la-marcha-bruselas.html\">indignada que se dirige hacia Bruselas<\/a>. Aprovechando la ocasi\u00f3n el <strong>movimiento 15-M de Burgos<\/strong> ha convocado varias actividades entre las que destaca una <strong>concentraci\u00f3n <\/strong>a las <strong>20.00 horas<\/strong> en la <strong>Plaza Mayor <\/strong>en relaci\u00f3n con los acontecimientos que se han vivido en Madrid durante estos d\u00ed\u00adas.<\/p>\n<p style=\"text-align: center;\"><img loading=\"lazy\" class=\"aligncenter size-medium wp-image-6853\" title=\"28244-944-550\" src=\"http:\/\/diariodevurgos.com\/dvwps\/wp-content\/uploads\/2011\/08\/28244-944-550-300x174.jpg\" alt=\"28244-944-550\" width=\"300\" height=\"174\" srcset=\"https:\/\/diariodevurgos.com\/dvwps\/wp-content\/uploads\/2011\/08\/28244-944-550-300x174.jpg 300w, https:\/\/diariodevurgos.com\/dvwps\/wp-content\/uploads\/2011\/08\/28244-944-550.jpg 944w\" sizes=\"(max-width: 300px) 100vw, 300px\" \/><\/p>\n","protected":false},"excerpt":{"rendered":"<p>Hoy, s\u00e1bado 6 de agosto de 2011, tiene previsto llegar a Burgos la marcha indignada que se dirige hacia Bruselas. Aprovechando la ocasi\u00f3n el movimiento 15-M de Burgos ha convocado varias actividades entre las que destaca una concentraci\u00f3n a las 20.00 horas en la Plaza Mayor en relaci\u00f3n con los acontecimientos que se han vivido&#8230;  <a href=\"https:\/\/diariodevurgos.com\/dvwps\/llegada-de-la-marcha-indignada-hacia-bruselas-a-burgos-y-concentracion-en-la-plaza-mayor-por-los-sucesos-de-madrid.php\" class=\"more-link\" title=\"Read Llegada de la marcha indignada hacia Bruselas a Burgos y concentraci\u00f3n en la Plaza Mayor por los sucesos de Madrid.\">Read more &raquo;<\/a><\/p>\n","protected":false},"author":2,"featured_media":0,"comment_status":"open","ping_status":"closed","sticky":false,"template":"","format":"standard","meta":[],"categories":[51,50,2],"tags":[],"_links":{"self":[{"href":"https:\/\/diariodevurgos.com\/dvwps\/wp-json\/wp\/v2\/posts\/6852"}],"collection":[{"href":"https:\/\/diariodevurgos.com\/dvwps\/wp-json\/wp\/v2\/posts"}],"about":[{"href":"https:\/\/diariodevurgos.com\/dvwps\/wp-json\/wp\/v2\/types\/post"}],"author":[{"embeddable":true,"href":"https:\/\/diariodevurgos.com\/dvwps\/wp-json\/wp\/v2\/users\/2"}],"replies":[{"embeddable":true,"href":"https:\/\/diariodevurgos.com\/dvwps\/wp-json\/wp\/v2\/comments?post=6852"}],"version-history":[{"count":1,"href":"https:\/\/diariodevurgos.com\/dvwps\/wp-json\/wp\/v2\/posts\/6852\/revisions"}],"predecessor-version":[{"id":6854,"href":"https:\/\/diariodevurgos.com\/dvwps\/wp-json\/wp\/v2\/posts\/6852\/revisions\/6854"}],"wp:attachment":[{"href":"https:\/\/diariodevurgos.com\/dvwps\/wp-json\/wp\/v2\/media?parent=6852"}],"wp:term":[{"taxonomy":"category","embeddable":true,"href":"https:\/\/diariodevurgos.com\/dvwps\/wp-json\/wp\/v2\/categories?post=6852"},{"taxonomy":"post_tag","embeddable":true,"href":"https:\/\/diariodevurgos.com\/dvwps\/wp-json\/wp\/v2\/tags?post=6852"}],"curies":[{"name":"wp","href":"https:\/\/api.w.org\/{rel}","templated":true}]}}