{"id":6939,"date":"2011-09-09T01:20:09","date_gmt":"2011-09-09T00:20:09","guid":{"rendered":"http:\/\/diariodevurgos.com\/dvwps\/?p=6939"},"modified":"2011-09-12T23:36:49","modified_gmt":"2011-09-12T22:36:49","slug":"primeras-jornadas-sobre-energia-y-medio-ambiente-de-la-asamblea-del-15-m-de-burgos","status":"publish","type":"post","link":"https:\/\/diariodevurgos.com\/dvwps\/primeras-jornadas-sobre-energia-y-medio-ambiente-de-la-asamblea-del-15-m-de-burgos.php","title":{"rendered":"Primeras jornadas sobre energ\u00ed\u00ada y medio ambiente de la asamblea del 15-M de Burgos"},"content":{"rendered":"<p class=\"lead\"><img loading=\"lazy\" class=\"alignright size-full wp-image-6945\" title=\"276863_236625769684516_7980497_n\" src=\"http:\/\/diariodevurgos.com\/dvwps\/wp-content\/uploads\/2011\/09\/276863_236625769684516_7980497_n.jpg\" alt=\"276863_236625769684516_7980497_n\" width=\"180\" height=\"116\" \/>Con motivo de la celebraci\u00f3n en Burgos (Palacio de Congresos de Atapuerca, junto al hotel\u00a0 Abba) de la <strong><a href=\"http:\/\/www.reunionanualsne.es\/\" target=\"_blank\">37\u00aa Reuni\u00f3n Anual de la Sociedad Nuclear Espa\u00f1ola<\/a>,<\/strong> la <a title=\"Asamblea General de Burgos\" href=\"http:\/\/asambleageneralburgos.blogspot.com\/2011\/08\/hoy-sabado-6-dia-de-la-marcha-bruselas.html\">Asamblea de Burgos del Movimiento 15-M<\/a> propone la realizaci\u00f3n de estas jornadas con la intenci\u00f3n de aportar una visi\u00f3n m\u00e1s amplia sobre la gesti\u00f3n de la ENERG\u00ed\u008dA y su repercusi\u00f3n sobre el medio f\u00ed\u00adsico, social y econ\u00f3mico.<!--more--><\/p>\n<p><strong>LUNES 26 DE SEPTIEMBRE<\/strong><br \/>\n<strong>21:00 <\/strong>VIDEO FORUM<strong>.<\/strong> Proyecci\u00f3n del documental INTO ETERNITY, sobre los residuos de alto nivel radiactivo generados por las centrales nucleares. (75 min)<\/p>\n<p><strong>MARTES 27 DE SEPTIEMBRE<\/strong><br \/>\n<strong>21:00<\/strong> VIDEO FORUM. Proyecci\u00f3n del documental GASLAND, fruto de la investigaci\u00f3n sobre la actividad de una gran corporaci\u00f3n estadounidense de explotaci\u00f3n de petr\u00f3leo y gas, en concreto la extracci\u00f3n de gas de pizarra, mediante la t\u00e9cnica conocida como fracturaci\u00f3n hidr\u00e1ulica. (107min)<\/p>\n<p><em><strong>MI\u00ed\u2030RCOLES 28 DE SEPTIEMBRE<\/strong><\/em><br \/>\n<strong>12:00 <\/strong>Inicio de las jornadas con colgada de pancartas y apertura de las mesas de informaci\u00f3n con espacio para distribuci\u00f3n de material.<br \/>\n<strong>13:00 <\/strong>Inauguraci\u00f3n de la exposici\u00f3n: &#8220;Im\u00e1genes contra la barbarie del mundo moderno&#8221;\u009d<br \/>\n<strong>18:30<\/strong> Presentaci\u00f3n del libro &#8220;CHERNOBLUES. De la servidumbre voluntaria a la necesidad de servidumbre&#8221; del f\u00ed\u00adsico franc\u00e9s Roger Belb\u00e9och. Su traductor, Emilio Ayll\u00f3n, har\u00e1 un detallado y ameno an\u00e1lisis del accidente nuclear de Chern\u00f3bil, desde una cr\u00ed\u00adtica constructiva actual.<br \/>\nY del texto: &#8220;La miner\u00ed\u00ada de uranio en Extremadura y Salamanca. Apuntes sobre la nuclearizaci\u00f3n de los territorios&#8221;\u009d, a cargo de su autor Mario Pellejer<br \/>\n<strong>20:00<\/strong> Charla\u2013debate: &#8220;Lemoiz, Chern\u00f3bil, Garo\u00f1a, Fukushima, pasado y actualidad de las luchas antinucleares&#8221;\u009d a cargo de Juantxo Estebaranz<\/p>\n<p><strong>JUEVES 29 DE SEPTIEMBRE<\/strong><br \/>\n<strong>12:00<\/strong> Realizaci\u00f3n colectiva de una pancarta gigante antinuclear.<br \/>\n<strong>16:30<\/strong> Caf\u00e9 tertulia: Diferentes frentes una misma voz, la lucha por la tierra (debate entre los asistentes al encuentro sobre sus problemas locales, posibles soluciones, experiencias&#8230;)<br \/>\n<strong>20:00<\/strong> Charla\u2013debate: \u00bfA d\u00f3nde nos lleva la crisis energ\u00e9tica? El caso del gas pizarra en Burgos, desarrollada por la Asamblea contra el tav y el fracking de Cantabria.<br \/>\n<strong>22:30<\/strong> Cantautorxs: Ferro \/ Butterfly \/ Alperrikako Bizien Jabe<\/p>\n<p><strong>VIERNES 30 DE SEPTIEMBRE<\/strong><br \/>\n<strong>12:00 <\/strong>Performance: Nuclear, ni aqu\u00ed\u00ad, ni en ning\u00fan sitio<br \/>\n20:00\u00a0 Charla\u2013debate en torno a la energ\u00ed\u00ada nuclear a cargo de Paco Castej\u00f3n (miembro de Ecologistas en Acci\u00f3n)<br \/>\n<strong>22:00<\/strong> MANIfest_ACCI\u00ed\u201cN<br \/>\nNuclear, ni la queremos ni la necesitamos aqu\u00ed\u00ad, ni en ning\u00fan sitio<br \/>\nInicio: Paseo de la Evoluci\u00f3n. Final: Acci\u00f3n antinuclear en Plaza Mayor.<br \/>\n<strong><br \/>\nS\u00ed\u0081BADO 1 DE OCTUBRE<\/strong><br \/>\n<strong>12:00 <\/strong>Charla\u2013debate: &#8220;Efectos de la contaminaci\u00f3n radiactiva, c\u00f3mo se ocultan y qui\u00e9nes son los responsables&#8221;\u009d a cargo de Alfredo Embid.<br \/>\n<strong>17:00<\/strong> Charla \u2013 debate: Energ\u00ed\u00adas renovables y exposici\u00f3n de maquetas por Pepe (Huesca).<br \/>\n<strong>19:00 <\/strong>Presentaci\u00f3n del libro &#8220;El salario del gigante&#8221;\u009d, a cargo de su autor Jos\u00e9 Ardillo, novela que se desarrolla en el a\u00f1o 2098 en la Pen\u00ed\u00adnsula Ib\u00e9rica, donde la locura del movimiento perpetuo y el consiguiente agotamiento de los combustibles f\u00f3siles, el enrarecimiento del agua dulce y la alegre inmolaci\u00f3n de otros bienes naturales han llevado a la humanidad a ser regida por un f\u00e9rreo ecofascismo.<br \/>\n20:00 Valoraci\u00f3n del encuentro, recogida&#8230;<\/p>\n<p>TODAS LAS ACTIVIDADES TENDR\u00ed\u0081N LUGAR EN EL <strong>PASEO DE LA EVOLUCION<\/strong> \/frente al Museo de la Evoluci\u00f3n Humana\/Paseo Sierra de Atapuerca, Y SI LAS CONDICIONES METEOROL\u00ed\u201cGICAS NO LO PERMITEN SE TRASLADARAN AL\u00a0 <strong>Centro de Creaci\u00f3n Contempor\u00e1nea ESPACIO TANGENTE<\/strong> \/ Valent\u00ed\u00adn Jal\u00f3n 10, bajo _BURGOS<\/p>\n","protected":false},"excerpt":{"rendered":"<p>Con motivo de la celebraci\u00f3n en Burgos (Palacio de Congresos de Atapuerca, junto al hotel\u00a0 Abba) de la 37\u00aa Reuni\u00f3n Anual de la Sociedad Nuclear Espa\u00f1ola, la Asamblea de Burgos del Movimiento 15-M propone la realizaci\u00f3n de estas jornadas con la intenci\u00f3n de aportar una visi\u00f3n m\u00e1s amplia sobre la gesti\u00f3n de la ENERG\u00ed\u008dA y&#8230;  <a href=\"https:\/\/diariodevurgos.com\/dvwps\/primeras-jornadas-sobre-energia-y-medio-ambiente-de-la-asamblea-del-15-m-de-burgos.php\" class=\"more-link\" title=\"Read Primeras jornadas sobre energ\u00ed\u00ada y medio ambiente de la asamblea del 15-M de Burgos\">Read more &raquo;<\/a><\/p>\n","protected":false},"author":2,"featured_media":0,"comment_status":"closed","ping_status":"closed","sticky":false,"template":"","format":"standard","meta":[],"categories":[51,52,50,2],"tags":[],"_links":{"self":[{"href":"https:\/\/diariodevurgos.com\/dvwps\/wp-json\/wp\/v2\/posts\/6939"}],"collection":[{"href":"https:\/\/diariodevurgos.com\/dvwps\/wp-json\/wp\/v2\/posts"}],"about":[{"href":"https:\/\/diariodevurgos.com\/dvwps\/wp-json\/wp\/v2\/types\/post"}],"author":[{"embeddable":true,"href":"https:\/\/diariodevurgos.com\/dvwps\/wp-json\/wp\/v2\/users\/2"}],"replies":[{"embeddable":true,"href":"https:\/\/diariodevurgos.com\/dvwps\/wp-json\/wp\/v2\/comments?post=6939"}],"version-history":[{"count":7,"href":"https:\/\/diariodevurgos.com\/dvwps\/wp-json\/wp\/v2\/posts\/6939\/revisions"}],"predecessor-version":[{"id":6944,"href":"https:\/\/diariodevurgos.com\/dvwps\/wp-json\/wp\/v2\/posts\/6939\/revisions\/6944"}],"wp:attachment":[{"href":"https:\/\/diariodevurgos.com\/dvwps\/wp-json\/wp\/v2\/media?parent=6939"}],"wp:term":[{"taxonomy":"category","embeddable":true,"href":"https:\/\/diariodevurgos.com\/dvwps\/wp-json\/wp\/v2\/categories?post=6939"},{"taxonomy":"post_tag","embeddable":true,"href":"https:\/\/diariodevurgos.com\/dvwps\/wp-json\/wp\/v2\/tags?post=6939"}],"curies":[{"name":"wp","href":"https:\/\/api.w.org\/{rel}","templated":true}]}}