{"id":6983,"date":"2011-09-20T23:27:40","date_gmt":"2011-09-20T22:27:40","guid":{"rendered":"http:\/\/diariodevurgos.com\/dvwps\/?p=6983"},"modified":"2011-09-20T23:30:19","modified_gmt":"2011-09-20T22:30:19","slug":"escenarios-conocidos","status":"publish","type":"post","link":"https:\/\/diariodevurgos.com\/dvwps\/escenarios-conocidos.php","title":{"rendered":"Escenarios conocidos"},"content":{"rendered":"<p class=\"lead\"><img loading=\"lazy\" class=\"alignright size-thumbnail wp-image-6985\" title=\"inquisicion_jpg2\" src=\"http:\/\/diariodevurgos.com\/dvwps\/wp-content\/uploads\/2011\/09\/inquisicion_jpg2-150x150.jpg\" alt=\"inquisicion_jpg2\" width=\"150\" height=\"150\" \/>Durante la semana pasada se han llevado a cabo varias operaciones represivas contra el anarquismo ib\u00e9rico. Una vez que se ha hecho p\u00fablica la sentencia condenatoria contra <a title=\"Condenan a Tamara a 8 a\u00f1os de prisi\u00f3n\" href=\"http:\/\/diariodevurgos.com\/dvwps\/tamara-libertad-fecha-del-juicio-y-concentracion-solidaria.php\">Tamara Hern\u00e1ndez <\/a>los media oficiales han mostrado <a title=\"Anarquista detenido en Madrid\" href=\"http:\/\/www.elpais.com\/articulo\/madrid\/Detenido\/anarquista\/acusado\/colocar\/32\/artefactos\/explosivos\/elpepuespmad\/20110916elpmad_4\/Tes\">la imagen de un compa\u00f1ero libertario momentos despu\u00e9s de ser detenido en su domicilio de Madrid.<\/a> La actual situaci\u00f3n de crisis econ\u00f3mica requiere desempolvar el vetusto gui\u00f3n que tiene ya una escenograf\u00ed\u00ada demasiado conocida.<!--more--><\/p>\n<p>Como si de un gui\u00f3n tantas veces repetido se tratase la pasada semana los media oficiales reportaban la noticia de la detenci\u00f3n de un anarquista en Madrid acusado de terrorismo. Una escenograf\u00ed\u00ada que resulta por desgracia familiar y que tiene al tribunal de excepci\u00f3n de la Audiencia Nacional como destino previo antes del ingreso en prisi\u00f3n con una amplia lista de acusaciones.<\/p>\n<p>Parece que los expertos en materia de represi\u00f3n, agentes de la <strong>Brigada de Informaci\u00f3n Provincial de Madrid <\/strong>y periodistas incluidos, han vuelto a sacar del caj\u00f3n de su despacho el polvoriento manual en el que figuran los t\u00e9rminos que con conviene aplicar en estos casos y que forman parte de un repertorio que resulta ya cansino por su reiteraci\u00f3n.<\/p>\n<p>Resulta curioso que la actual operaci\u00f3n represiva registrada en Madrid se lleve a cabo en un momento en el que se est\u00e1n produciendo numerosas movilizaciones sociales dentro de un contexto de aumento paulatino de la conflictividad social. As\u00ed\u00ad mismo resulta sorprendente que se haya producido la detenci\u00f3n del compa\u00f1ero justo en el momento en el que se hac\u00ed\u00ada p\u00fablica la sentencia condenatoria contra Tamara Hern\u00e1ndez, procesada en un sumario que se remonta a 2009 y que nada tendr\u00ed\u00ada que ver con el reciente arresto de Jos\u00e9 L\u00f3pez pero que desde los media oficiales no se ha tardado en relacionar.<\/p>\n<p>Toda pr\u00e1ctica inquisitorial requiere de sus ritos e invocaciones, la auto-inculpaci\u00f3n del reo ha sido siempre un elemento esencial en todo acto sacramental, y no pod\u00ed\u00ada ser menos en la reciente operaci\u00f3n represiva registrada en Madrid. El hereje debe abjurar de sus ideas y sobre todo confesar sus cr\u00ed\u00admenes antes de ser quemado en la hoguera, dec\u00ed\u00ada el bueno de Torquemada, padre inspirador de todos estos a los que ahora se les llena la boca con t\u00e9rminos como democracia y Estado de Derecho. Entelequias que bien poco significan cuando se aplican legislaciones de excepci\u00f3n como la ley antiterrorista.<\/p>\n<p style=\"text-align: center;\"><img loading=\"lazy\" class=\"aligncenter size-full wp-image-6984\" title=\"SalaTormento04\" src=\"http:\/\/diariodevurgos.com\/dvwps\/wp-content\/uploads\/2011\/09\/SalaTormento04.jpg\" alt=\"SalaTormento04\" width=\"376\" height=\"248\" srcset=\"https:\/\/diariodevurgos.com\/dvwps\/wp-content\/uploads\/2011\/09\/SalaTormento04.jpg 428w, https:\/\/diariodevurgos.com\/dvwps\/wp-content\/uploads\/2011\/09\/SalaTormento04-300x198.jpg 300w\" sizes=\"(max-width: 376px) 100vw, 376px\" \/><\/p>\n<p>Perm\u00ed\u00adtaseme que dude de la validez de una autoconfesi\u00f3n en las comisar\u00ed\u00adas de un pa\u00ed\u00ads en el que desde la noche de los tiempos la tortura no ha dejado de utilizarse como instrumento pol\u00ed\u00adtico. Un instrumento al servicio de unos intereses concretos utilizado de forma constante contra unas ideas como las propias del anarquismo que, de fomentarse,\u00a0 podr\u00ed\u00adan poner en\u00a0 riesgo sus cimientos.<\/p>\n<p>Desde el <a title=\"Proceso de Montjuic\" href=\"http:\/\/es.wikipedia.org\/wiki\/Procesos_de_Montjuic\">proceso de Montjuic<\/a> a finales del siglo XIX, pasando por la detenci\u00f3n de militantes libertarios en el <a title=\"Granado y Delgado\" href=\"http:\/\/diariodevurgos.com\/dvwps\/granado-y-delgado-dos-veces-victimas.php\">Madrid de 1963 acusados de una serie de atentados que no hab\u00ed\u00adan cometido<\/a> y condenados a muerte por el r\u00e9gimen franquista, hasta las detenciones de anarquistas en <a title=\"Entrevista con Joaqu\u00ed\u00adn Garc\u00e9s, detenido en Barcelona el 16 de septimbre de 2003\" href=\"http:\/\/ondaexpansiva.net\/?p=647\">Barcelona en septiembre de 2003<\/a>, la autoconfesi\u00f3n a base de m\u00e9todos de sobra conocidos ha figurado siempre como elemento probatorio de una serie de sumarios construidos sin mas criterio que poner fuera de juego a personas que profesan ideas y actitudes que ponen en tela de juicio la credibilidad de un sistema que hunde sus m\u00e1s profundas ra\u00ed\u00adces en el monopolio de la violencia.<\/p>\n<p>M\u00e1s all\u00e1 de la culpabilidad o inocencia, t\u00e9rminos propios del manual que ahora parece haberse desempolvado, m\u00e1s all\u00e1 de compartir o no la metodolog\u00ed\u00ada de los sabotajes por los que viene siendo acusado el compa\u00f1ero detenido, me gustar\u00ed\u00ada aprovechar estas l\u00ed\u00adneas para hacer llegar mi m\u00e1s profunda solidaridad con el anarquista Jos\u00e9 L\u00f3pez Men\u00e9ndez, y no solo por el mero hecho de compartir sus ideas, sino porque cien veces mal vil, despiadado y terrorista es el sistema que ahora lo encarcela. Sobran <a title=\"cargas policiales en la marcha laica\" href=\"http:\/\/www.youtube.com\/watch?v=ZeorqNHauaU&amp;feature=related\">los ejemplos<\/a>.<\/p>\n<p>Si tienes la oportunidad de leer mis palabras compa\u00f1ero, piensa que cada ma\u00f1ana cuando te mires al espejo, aunque sea en el espejo de una celda de aislamiento,\u00a0 podr\u00e1n haber encarcelado tu cuerpo, pero no apartes la mirada del rostro que veas reflejado porque, a pesar de todos los suplicios y contratiempos,\u00a0 a\u00fan est\u00e1n lejos de encarcelar tu dignidad, y eso, en los tiempos que corren,\u00a0 vale mucho.<\/p>\n<p><strong>Modesto Agust\u00ed\u00ad<\/strong><\/p>\n","protected":false},"excerpt":{"rendered":"<p>Durante la semana pasada se han llevado a cabo varias operaciones represivas contra el anarquismo ib\u00e9rico. Una vez que se ha hecho p\u00fablica la sentencia condenatoria contra Tamara Hern\u00e1ndez los media oficiales han mostrado la imagen de un compa\u00f1ero libertario momentos despu\u00e9s de ser detenido en su domicilio de Madrid. La actual situaci\u00f3n de crisis&#8230;  <a href=\"https:\/\/diariodevurgos.com\/dvwps\/escenarios-conocidos.php\" class=\"more-link\" title=\"Read Escenarios conocidos\">Read more &raquo;<\/a><\/p>\n","protected":false},"author":2,"featured_media":0,"comment_status":"closed","ping_status":"closed","sticky":false,"template":"","format":"standard","meta":[],"categories":[22],"tags":[],"_links":{"self":[{"href":"https:\/\/diariodevurgos.com\/dvwps\/wp-json\/wp\/v2\/posts\/6983"}],"collection":[{"href":"https:\/\/diariodevurgos.com\/dvwps\/wp-json\/wp\/v2\/posts"}],"about":[{"href":"https:\/\/diariodevurgos.com\/dvwps\/wp-json\/wp\/v2\/types\/post"}],"author":[{"embeddable":true,"href":"https:\/\/diariodevurgos.com\/dvwps\/wp-json\/wp\/v2\/users\/2"}],"replies":[{"embeddable":true,"href":"https:\/\/diariodevurgos.com\/dvwps\/wp-json\/wp\/v2\/comments?post=6983"}],"version-history":[{"count":3,"href":"https:\/\/diariodevurgos.com\/dvwps\/wp-json\/wp\/v2\/posts\/6983\/revisions"}],"predecessor-version":[{"id":6988,"href":"https:\/\/diariodevurgos.com\/dvwps\/wp-json\/wp\/v2\/posts\/6983\/revisions\/6988"}],"wp:attachment":[{"href":"https:\/\/diariodevurgos.com\/dvwps\/wp-json\/wp\/v2\/media?parent=6983"}],"wp:term":[{"taxonomy":"category","embeddable":true,"href":"https:\/\/diariodevurgos.com\/dvwps\/wp-json\/wp\/v2\/categories?post=6983"},{"taxonomy":"post_tag","embeddable":true,"href":"https:\/\/diariodevurgos.com\/dvwps\/wp-json\/wp\/v2\/tags?post=6983"}],"curies":[{"name":"wp","href":"https:\/\/api.w.org\/{rel}","templated":true}]}}