{"id":6989,"date":"2011-09-27T01:13:18","date_gmt":"2011-09-27T00:13:18","guid":{"rendered":"http:\/\/diariodevurgos.com\/dvwps\/?p=6989"},"modified":"2011-09-27T01:14:39","modified_gmt":"2011-09-27T00:14:39","slug":"entrevista-a-las-merindades-de-la-memoria-en-radio-ondaexpansiva","status":"publish","type":"post","link":"https:\/\/diariodevurgos.com\/dvwps\/entrevista-a-las-merindades-de-la-memoria-en-radio-ondaexpansiva.php","title":{"rendered":"Entrevista a las Merindades de la Memoria en Radio Ondaexpansiva"},"content":{"rendered":"<p class=\"lead\"><img loading=\"lazy\" class=\"alignright size-medium wp-image-6990\" title=\"gusen2\" src=\"http:\/\/diariodevurgos.com\/dvwps\/wp-content\/uploads\/2011\/09\/gusen2-300x224.jpg\" alt=\"gusen2\" width=\"252\" height=\"189\" srcset=\"https:\/\/diariodevurgos.com\/dvwps\/wp-content\/uploads\/2011\/09\/gusen2-300x224.jpg 300w, https:\/\/diariodevurgos.com\/dvwps\/wp-content\/uploads\/2011\/09\/gusen2.jpg 604w\" sizes=\"(max-width: 252px) 100vw, 252px\" \/>Desde hace ya tiempo el blog <a title=\"Las Merindades de la Memoria\" href=\"http:\/\/lasmerindadesenlamemoria.wordpress.com\/\">Las Merindades de la Memoria<\/a> est\u00e1 realizando un excelente trabajo divulgativo a trav\u00e9s de la red para arrojar luz sobre la represi\u00f3n franquista al norte de la provincia de Burgos. <strong>Radio Ondaexpansiva inicia una nueva temporada radiof\u00f3nica <\/strong>a trav\u00e9s de <a title=\"Las Merindades de la Memoria en radio ondaexpansiva\" href=\"http:\/\/ondaexpansiva.net\/?p=938\">una entrevista <\/a>a una de las personas que colabora con esta interesante iniciativa en pro de la Memoria Hist\u00f3rica. Una actividad m\u00e1s que necesaria en una tierra como la nuestra sacudida por el olvido y la desmemoria.<\/p>\n","protected":false},"excerpt":{"rendered":"<p>Desde hace ya tiempo el blog Las Merindades de la Memoria est\u00e1 realizando un excelente trabajo divulgativo a trav\u00e9s de la red para arrojar luz sobre la represi\u00f3n franquista al norte de la provincia de Burgos. Radio Ondaexpansiva inicia una nueva temporada radiof\u00f3nica a trav\u00e9s de una entrevista a una de las personas que colabora&#8230;  <a href=\"https:\/\/diariodevurgos.com\/dvwps\/entrevista-a-las-merindades-de-la-memoria-en-radio-ondaexpansiva.php\" class=\"more-link\" title=\"Read Entrevista a las Merindades de la Memoria en Radio Ondaexpansiva\">Read more &raquo;<\/a><\/p>\n","protected":false},"author":2,"featured_media":0,"comment_status":"open","ping_status":"closed","sticky":false,"template":"","format":"standard","meta":[],"categories":[2,6,23],"tags":[],"_links":{"self":[{"href":"https:\/\/diariodevurgos.com\/dvwps\/wp-json\/wp\/v2\/posts\/6989"}],"collection":[{"href":"https:\/\/diariodevurgos.com\/dvwps\/wp-json\/wp\/v2\/posts"}],"about":[{"href":"https:\/\/diariodevurgos.com\/dvwps\/wp-json\/wp\/v2\/types\/post"}],"author":[{"embeddable":true,"href":"https:\/\/diariodevurgos.com\/dvwps\/wp-json\/wp\/v2\/users\/2"}],"replies":[{"embeddable":true,"href":"https:\/\/diariodevurgos.com\/dvwps\/wp-json\/wp\/v2\/comments?post=6989"}],"version-history":[{"count":2,"href":"https:\/\/diariodevurgos.com\/dvwps\/wp-json\/wp\/v2\/posts\/6989\/revisions"}],"predecessor-version":[{"id":6992,"href":"https:\/\/diariodevurgos.com\/dvwps\/wp-json\/wp\/v2\/posts\/6989\/revisions\/6992"}],"wp:attachment":[{"href":"https:\/\/diariodevurgos.com\/dvwps\/wp-json\/wp\/v2\/media?parent=6989"}],"wp:term":[{"taxonomy":"category","embeddable":true,"href":"https:\/\/diariodevurgos.com\/dvwps\/wp-json\/wp\/v2\/categories?post=6989"},{"taxonomy":"post_tag","embeddable":true,"href":"https:\/\/diariodevurgos.com\/dvwps\/wp-json\/wp\/v2\/tags?post=6989"}],"curies":[{"name":"wp","href":"https:\/\/api.w.org\/{rel}","templated":true}]}}