{"id":7000,"date":"2011-09-30T14:15:02","date_gmt":"2011-09-30T13:15:02","guid":{"rendered":"http:\/\/diariodevurgos.com\/dvwps\/?p=7000"},"modified":"2011-09-30T14:15:03","modified_gmt":"2011-09-30T13:15:03","slug":"manifestacion-anti-nuclear","status":"publish","type":"post","link":"https:\/\/diariodevurgos.com\/dvwps\/manifestacion-anti-nuclear.php","title":{"rendered":"Manifestaci\u00f3n anti-nuclear"},"content":{"rendered":"<p class=\"lead\"><a rel=\"attachment wp-att-6271\" href=\"http:\/\/diariodevurgos.com\/dvwps\/lo-que-no-te-han-contado-sobre-la-energia-nuclear.php\/nuclear\"><img loading=\"lazy\" class=\"alignright size-full wp-image-6271\" title=\"nuclear\" src=\"http:\/\/diariodevurgos.com\/dvwps\/wp-content\/uploads\/2011\/04\/nuclear.jpg\" alt=\"nuclear\" width=\"121\" height=\"121\" srcset=\"https:\/\/diariodevurgos.com\/dvwps\/wp-content\/uploads\/2011\/04\/nuclear.jpg 400w, https:\/\/diariodevurgos.com\/dvwps\/wp-content\/uploads\/2011\/04\/nuclear-150x150.jpg 150w, https:\/\/diariodevurgos.com\/dvwps\/wp-content\/uploads\/2011\/04\/nuclear-300x300.jpg 300w\" sizes=\"(max-width: 121px) 100vw, 121px\" \/><\/a>Hoy <strong>Vierne<\/strong>s a las <strong>22:00 h<\/strong>. desde el <strong>paseo de la evoluci\u00f3n<\/strong> hasta la plaza mayor bajo el lema <strong>&#8220;Nuclear, ni la queremos ni la necesitamos aqu\u00ed\u00ad, ni en ning\u00fan sitio&#8221;<\/strong>, enmarcada dentro de las jornadas sobre energ\u00ed\u00ada y medioambiente organizadas por la <a href=\"http:\/\/asambleageneralburgos.blogspot.com\/\" target=\"_blank\">Asamblea de Burgos<\/a>. Ma\u00f1ana habr\u00e1 actividades durante todo el d\u00ed\u00ada finalizando las jornadas que han transcurrido animadas y combativas durante esta semana.<br \/>\n<a href=\"http:\/\/diariodevurgos.com\/dvwps\/primeras-jornadas-sobre-energia-y-medio-ambiente-de-la-asamblea-del-15-m-de-burgos.php\" target=\"_blank\">Programa de las jornadas<\/a>.<\/p>\n","protected":false},"excerpt":{"rendered":"<p>Hoy Viernes a las 22:00 h. desde el paseo de la evoluci\u00f3n hasta la plaza mayor bajo el lema &#8220;Nuclear, ni la queremos ni la necesitamos aqu\u00ed\u00ad, ni en ning\u00fan sitio&#8221;, enmarcada dentro de las jornadas sobre energ\u00ed\u00ada y medioambiente organizadas por la Asamblea de Burgos. Ma\u00f1ana habr\u00e1 actividades durante todo el d\u00ed\u00ada finalizando las&#8230;  <a href=\"https:\/\/diariodevurgos.com\/dvwps\/manifestacion-anti-nuclear.php\" class=\"more-link\" title=\"Read Manifestaci\u00f3n anti-nuclear\">Read more &raquo;<\/a><\/p>\n","protected":false},"author":21,"featured_media":0,"comment_status":"open","ping_status":"closed","sticky":false,"template":"","format":"standard","meta":[],"categories":[2],"tags":[],"_links":{"self":[{"href":"https:\/\/diariodevurgos.com\/dvwps\/wp-json\/wp\/v2\/posts\/7000"}],"collection":[{"href":"https:\/\/diariodevurgos.com\/dvwps\/wp-json\/wp\/v2\/posts"}],"about":[{"href":"https:\/\/diariodevurgos.com\/dvwps\/wp-json\/wp\/v2\/types\/post"}],"author":[{"embeddable":true,"href":"https:\/\/diariodevurgos.com\/dvwps\/wp-json\/wp\/v2\/users\/21"}],"replies":[{"embeddable":true,"href":"https:\/\/diariodevurgos.com\/dvwps\/wp-json\/wp\/v2\/comments?post=7000"}],"version-history":[{"count":3,"href":"https:\/\/diariodevurgos.com\/dvwps\/wp-json\/wp\/v2\/posts\/7000\/revisions"}],"predecessor-version":[{"id":7003,"href":"https:\/\/diariodevurgos.com\/dvwps\/wp-json\/wp\/v2\/posts\/7000\/revisions\/7003"}],"wp:attachment":[{"href":"https:\/\/diariodevurgos.com\/dvwps\/wp-json\/wp\/v2\/media?parent=7000"}],"wp:term":[{"taxonomy":"category","embeddable":true,"href":"https:\/\/diariodevurgos.com\/dvwps\/wp-json\/wp\/v2\/categories?post=7000"},{"taxonomy":"post_tag","embeddable":true,"href":"https:\/\/diariodevurgos.com\/dvwps\/wp-json\/wp\/v2\/tags?post=7000"}],"curies":[{"name":"wp","href":"https:\/\/api.w.org\/{rel}","templated":true}]}}