{"id":703,"date":"2007-08-26T20:06:11","date_gmt":"2007-08-26T19:06:11","guid":{"rendered":"http:\/\/diariodevurgos.com\/dvwps\/el-carril-bici-de-burgos.php"},"modified":"2007-08-27T22:31:10","modified_gmt":"2007-08-27T21:31:10","slug":"el-carril-bici-de-burgos","status":"publish","type":"post","link":"https:\/\/diariodevurgos.com\/dvwps\/el-carril-bici-de-burgos.php","title":{"rendered":"El carril bici de Burgos"},"content":{"rendered":"<p class=\"lead\">No voy a criticar el carril bici como tal, pero si voy a hacer una critica de un carril que no tiene mucho sentido en nuestra ciudad, muy a mi pesar, y que es una propaganda electoralista m\u00e1s, sin pies ni cabeza que no se fundamenta. El carril bici nos ha costado dinero y <a title=\"CalleSauce\" href=\"http:\/\/diariodevurgos.com\/dvwps\/13-de-enero.php\">vidas<\/a>, anda muerto de risa y su utilizaci\u00f3n es marginal, en la mayor\u00ed\u00ada de los casos para fines l\u00fadicos y no de movilidad. Ayer leyendo Diario de Burgos en su versi\u00f3n de papel me encend\u00ed\u00ad y me decid\u00ed\u00ad a hablar de el.<\/p>\n<p align=\"center\"><img alt=\"atencion\" id=\"image705\" src=\"http:\/\/diariodevurgos.com\/dvwps\/wp-content\/uploads\/2007\/08\/atencion.jpg\" \/><\/p>\n<p><!--more-->El carril bici surge en algunos pa\u00ed\u00adses europeos por temas estructurales del tr\u00e1fico, en pa\u00ed\u00adses como Holanda o Suiza son esenciales, la bici es uno de los trasportes principales de sus ciudadanos, es com\u00fan en estos pa\u00ed\u00adses ver a todo tipo de gente utilizar este medio de transporte para ir al trabajo, a estudiar&#8230; En estos pa\u00ed\u00adses es necesario un carril bici puesto que algunas calles serian un completo desbarajuste sin ellos, mezclar bicis, coches, camiones y transe\u00fantes es muy problem\u00e1tico. En otras calles, sin embargo, pueden no ser necesarios estos carriles y carecen de ellos.<\/p>\n<p align=\"center\"><img id=\"image699\" alt=\"carrilbiciHolanda\" src=\"http:\/\/diariodevurgos.com\/dvwps\/wp-content\/uploads\/2007\/08\/carrilbiciholanda.jpg\" \/><\/p>\n<p>Pero en Burgos el carril bici surge por otros motivos, son temas electoralistas, no es necesario regular un trafico de bicis porque son pr\u00e1cticamente inexistentes sino dar la apariencia de ciudad europea y avanzada, copieteando est\u00fapidamente lo que nuestros pol\u00ed\u00adticos del g\u00e9nero imb\u00e9cil ven cuando viajan al extranjero. El carril bici resulta ser un timo, cualquier suizo u holand\u00e9s se tronchar\u00ed\u00ada al ver esta chorrada que no guarda ninguna coherencia.<\/p>\n<p align=\"center\"><img alt=\"carrilBici\" id=\"image706\" src=\"http:\/\/diariodevurgos.com\/dvwps\/wp-content\/uploads\/2007\/08\/carrilbiciburgos.jpg\" \/><\/p>\n<p>En Holanda, por ejemplo, al carril bici se le dota de otras infraestructuras tan necesarias como el propio carril bici, hay parkings de bicis en todas las calles, hay casi tantas peanas para enganchar tu bici por la calle como bancos o farolas, en las estaciones de tren los parkings de bicis son impresionantes(foto). En Holanda el carril bici es como una carretera, tienen preferencia las bicis a no ser de la existencia de alg\u00fan paso de cebra o sem\u00e1foro. \u00bfNadie se ha preguntado porque en Burgos el ayuntamiento no hace un parking de bicis?, \u00bfTienes en tu trabajo un sitio habilitado para estacionar una bici?. Esta claro, nuestros pol\u00ed\u00adticos son imb\u00e9ciles y sus imbecilidades llegan a magnitudes insospechadas.<\/p>\n<p align=\"center\"><img id=\"image702\" alt=\"parkingBicis\" src=\"http:\/\/diariodevurgos.com\/dvwps\/wp-content\/uploads\/2007\/08\/parkinglahaya.jpg\" \/><\/p>\n<p>Ayer s\u00e1bado \u00ed\u0081ngel Ib\u00e1\u00f1ez(alcalde en funciones) y Diego Malvido(concejal de Movilidad) hablaban para el Diario de Burgos(versi\u00f3n escrita) del \u00e9xito de su programa &#8220;Bicibur&#8221;\u009d. &#8220;Bicibur&#8221;\u009d es un alquiler de bicicletas que financia el HayUntamiento y que cuenta con 950 usuarios de 173.676 que somos en Burgos. Tremenda iron\u00ed\u00ada, hablar de \u00e9xito cuando tan solo el 0,5% de los burgaleses es usuario de este servicio, \u00bfDe verdad creen estos dos personajes que nos tragar\u00ed\u00adamos semejante barbaridad?<\/p>\n<p>Aqu\u00ed\u00ad en Burgos, la bici es usada por el 99,9% de la gente para fines l\u00fadicos y muy pocos, condenados a la marginalidad, la usan como un medio de transporte habitual, en muchos pa\u00ed\u00adses europeos es al contrario, el 99,9% de la gente usa la bici como medio de transporte y no como algo l\u00fadico o deportivo. Al carril bici le hacen falta muchas m\u00e1s cosas, pero la primera y m\u00e1s importante es cambiar el chip y est\u00e1 claro que ni el carril bici, ni el &#8220;Bicibur&#8221; van a cambiar el chip de la gente.<\/p>\n","protected":false},"excerpt":{"rendered":"<p>No voy a criticar el carril bici como tal, pero si voy a hacer una critica de un carril que no tiene mucho sentido en nuestra ciudad, muy a mi pesar, y que es una propaganda electoralista m\u00e1s, sin pies ni cabeza que no se fundamenta. El carril bici nos ha costado dinero y vidas,&#8230;  <a href=\"https:\/\/diariodevurgos.com\/dvwps\/el-carril-bici-de-burgos.php\" class=\"more-link\" title=\"Read El carril bici de Burgos\">Read more &raquo;<\/a><\/p>\n","protected":false},"author":1,"featured_media":0,"comment_status":"open","ping_status":"open","sticky":false,"template":"","format":"standard","meta":[],"categories":[2],"tags":[],"_links":{"self":[{"href":"https:\/\/diariodevurgos.com\/dvwps\/wp-json\/wp\/v2\/posts\/703"}],"collection":[{"href":"https:\/\/diariodevurgos.com\/dvwps\/wp-json\/wp\/v2\/posts"}],"about":[{"href":"https:\/\/diariodevurgos.com\/dvwps\/wp-json\/wp\/v2\/types\/post"}],"author":[{"embeddable":true,"href":"https:\/\/diariodevurgos.com\/dvwps\/wp-json\/wp\/v2\/users\/1"}],"replies":[{"embeddable":true,"href":"https:\/\/diariodevurgos.com\/dvwps\/wp-json\/wp\/v2\/comments?post=703"}],"version-history":[{"count":0,"href":"https:\/\/diariodevurgos.com\/dvwps\/wp-json\/wp\/v2\/posts\/703\/revisions"}],"wp:attachment":[{"href":"https:\/\/diariodevurgos.com\/dvwps\/wp-json\/wp\/v2\/media?parent=703"}],"wp:term":[{"taxonomy":"category","embeddable":true,"href":"https:\/\/diariodevurgos.com\/dvwps\/wp-json\/wp\/v2\/categories?post=703"},{"taxonomy":"post_tag","embeddable":true,"href":"https:\/\/diariodevurgos.com\/dvwps\/wp-json\/wp\/v2\/tags?post=703"}],"curies":[{"name":"wp","href":"https:\/\/api.w.org\/{rel}","templated":true}]}}