{"id":7042,"date":"2011-10-10T19:40:48","date_gmt":"2011-10-10T18:40:48","guid":{"rendered":"http:\/\/diariodevurgos.com\/dvwps\/?p=7042"},"modified":"2011-10-10T19:45:35","modified_gmt":"2011-10-10T18:45:35","slug":"vulneracion-del-espacio-verde-en-gamonal","status":"publish","type":"post","link":"https:\/\/diariodevurgos.com\/dvwps\/vulneracion-del-espacio-verde-en-gamonal.php","title":{"rendered":"Vulneraci\u00f3n del espacio verde en Gamonal"},"content":{"rendered":"<p class=\"lead\">Recientemente uno de los jardines del <strong>Parque Felix Rodriguez de la Fuente<\/strong> ha sido parcialmente levantado para situar una terraza de invierno por parte de un negocio particular\u00a0colindante con el parque. Se trata de una actuaci\u00f3n que seg\u00fan parece cuenta con el visto bueno del <strong>Ayuntamiento de Burgos <\/strong>y que ya ha sido denuciada por\u00a0 asociaciones vecinales presentes en el barrio. Un reportero gr\u00e1fico de<strong> DV<\/strong> recoge las im\u00e1genes.<\/p>\n<p style=\"text-align: center;\"><img loading=\"lazy\" class=\"aligncenter size-medium wp-image-7043\" title=\"IMGP0564peque\" src=\"http:\/\/diariodevurgos.com\/dvwps\/wp-content\/uploads\/2011\/10\/IMGP0564peque-300x225.jpg\" alt=\"IMGP0564peque\" width=\"300\" height=\"225\" srcset=\"https:\/\/diariodevurgos.com\/dvwps\/wp-content\/uploads\/2011\/10\/IMGP0564peque-300x225.jpg 300w, https:\/\/diariodevurgos.com\/dvwps\/wp-content\/uploads\/2011\/10\/IMGP0564peque-1024x768.jpg 1024w, https:\/\/diariodevurgos.com\/dvwps\/wp-content\/uploads\/2011\/10\/IMGP0564peque.jpg 1824w\" sizes=\"(max-width: 300px) 100vw, 300px\" \/><\/p>\n<p><!--more--><\/p>\n<p>Ahora que parece haberse vuelto a reactualizar el discurso sobre la actuaci\u00f3n urbanistica en Gamonal en el que abundan las buenas palabras e intenciones, la realidad pone sobre la mesa que cuando desde el consistorio se interviene en este barrio\u00a0el espacio verde es lo \u00faltimo que se respeta. Est\u00e1 a\u00fan por ver si el futuro <em>Plan Gamonal<\/em> se hace pensando en sus habitantes o de espaldas a los mismos.<\/p>\n<p style=\"text-align: center;\"><img loading=\"lazy\" class=\"aligncenter size-medium wp-image-7044\" title=\"IMGP0567peque\" src=\"http:\/\/diariodevurgos.com\/dvwps\/wp-content\/uploads\/2011\/10\/IMGP0567peque-300x225.jpg\" alt=\"IMGP0567peque\" width=\"392\" height=\"304\" \/><\/p>\n<p style=\"text-align: center;\">\u00a0<\/p>\n<p style=\"text-align: center;\"><img loading=\"lazy\" class=\"aligncenter size-medium wp-image-7046\" title=\"IMGP0573peque\" src=\"http:\/\/diariodevurgos.com\/dvwps\/wp-content\/uploads\/2011\/10\/IMGP0573peque-300x225.jpg\" alt=\"IMGP0573peque\" width=\"397\" height=\"345\" \/><\/p>\n","protected":false},"excerpt":{"rendered":"<p>Recientemente uno de los jardines del Parque Felix Rodriguez de la Fuente ha sido parcialmente levantado para situar una terraza de invierno por parte de un negocio particular\u00a0colindante con el parque. Se trata de una actuaci\u00f3n que seg\u00fan parece cuenta con el visto bueno del Ayuntamiento de Burgos y que ya ha sido denuciada por\u00a0&#8230;  <a href=\"https:\/\/diariodevurgos.com\/dvwps\/vulneracion-del-espacio-verde-en-gamonal.php\" class=\"more-link\" title=\"Read Vulneraci\u00f3n del espacio verde en Gamonal\">Read more &raquo;<\/a><\/p>\n","protected":false},"author":2,"featured_media":0,"comment_status":"open","ping_status":"closed","sticky":false,"template":"","format":"standard","meta":[],"categories":[12,27],"tags":[],"_links":{"self":[{"href":"https:\/\/diariodevurgos.com\/dvwps\/wp-json\/wp\/v2\/posts\/7042"}],"collection":[{"href":"https:\/\/diariodevurgos.com\/dvwps\/wp-json\/wp\/v2\/posts"}],"about":[{"href":"https:\/\/diariodevurgos.com\/dvwps\/wp-json\/wp\/v2\/types\/post"}],"author":[{"embeddable":true,"href":"https:\/\/diariodevurgos.com\/dvwps\/wp-json\/wp\/v2\/users\/2"}],"replies":[{"embeddable":true,"href":"https:\/\/diariodevurgos.com\/dvwps\/wp-json\/wp\/v2\/comments?post=7042"}],"version-history":[{"count":4,"href":"https:\/\/diariodevurgos.com\/dvwps\/wp-json\/wp\/v2\/posts\/7042\/revisions"}],"predecessor-version":[{"id":7048,"href":"https:\/\/diariodevurgos.com\/dvwps\/wp-json\/wp\/v2\/posts\/7042\/revisions\/7048"}],"wp:attachment":[{"href":"https:\/\/diariodevurgos.com\/dvwps\/wp-json\/wp\/v2\/media?parent=7042"}],"wp:term":[{"taxonomy":"category","embeddable":true,"href":"https:\/\/diariodevurgos.com\/dvwps\/wp-json\/wp\/v2\/categories?post=7042"},{"taxonomy":"post_tag","embeddable":true,"href":"https:\/\/diariodevurgos.com\/dvwps\/wp-json\/wp\/v2\/tags?post=7042"}],"curies":[{"name":"wp","href":"https:\/\/api.w.org\/{rel}","templated":true}]}}