{"id":7083,"date":"2011-10-17T15:07:50","date_gmt":"2011-10-17T14:07:50","guid":{"rendered":"http:\/\/diariodevurgos.com\/dvwps\/?p=7083"},"modified":"2011-10-17T15:14:32","modified_gmt":"2011-10-17T14:14:32","slug":"entrevista-con-burgos-dijital","status":"publish","type":"post","link":"https:\/\/diariodevurgos.com\/dvwps\/entrevista-con-burgos-dijital.php","title":{"rendered":"Entrevista con Burgos Dijital"},"content":{"rendered":"<p class=\"lead\">Si hay un blog que destaca por su tes\u00f3n informativo dentro de la variopinta blogosfera burgalesa, ese es sin duda <a title=\"Burgos Dijital\" href=\"http:\/\/burgos-dijital.blogspot.com\/\">Burgos Dijital. <\/a>Un proyecto que se engloba dentro de esa <a title=\"Fenomenolog\u00ed\u00ada del blog de contenidos cr\u00ed\u00adticos y sociales en Burgos\" href=\"http:\/\/diariodevurgos.com\/dvwps\/fenomelogia-del-blog-de-contenidos-criticos-y-sociales-en-burgos.php\">red de blogs que ofrecen\u00a0 contenidos cr\u00ed\u00adticos<\/a> que han terminado por convertirse\u00a0 en una seria alternativa a los medios tradicionales.<\/p>\n<p style=\"text-align: center;\"><img loading=\"lazy\" class=\"aligncenter size-medium wp-image-7085\" title=\"Moscavolumen280\" src=\"http:\/\/diariodevurgos.com\/dvwps\/wp-content\/uploads\/2011\/10\/Moscavolumen280-300x80.jpg\" alt=\"Moscavolumen280\" width=\"545\" height=\"145\" srcset=\"https:\/\/diariodevurgos.com\/dvwps\/wp-content\/uploads\/2011\/10\/Moscavolumen280-300x80.jpg 300w, https:\/\/diariodevurgos.com\/dvwps\/wp-content\/uploads\/2011\/10\/Moscavolumen280-1024x275.jpg 1024w\" sizes=\"(max-width: 545px) 100vw, 545px\" \/><\/p>\n<p>Desde <strong>DV <\/strong>hemos seguido la trayectoria de Burgos Dijital casi  desde su inicio, no en vano son nuestra sana competencia. Coincidiendo  con su primer aniversario ofrecemos a todos nuestros lectores esta  entrevista que pone el punto de partida a una serie de entradas que  abordar\u00e1n el mundo de los\u00a0 blogs y proyectos comunicativos varios en  Burgos<\/p>\n<p><!--more--><\/p>\n<p><strong>Hace aproximadamente un a\u00f1o Burgos-Dijital asumi\u00f3 el reto de la comunicaci\u00f3n alternativa a trav\u00e9s de la red, \u00bfqu\u00e9 os impulso a embarcaros en esa aventura?<\/strong><\/p>\n<p>Un grupo de amigos\/as nos embarcamos en esta aventura por varias razones. La primera es de \u00ed\u00adndole terap\u00e9utica.\u00a0 Como\u00a0 en casi ning\u00fan sitio le\u00ed\u00adamos cosas que nos agradaran decidimos escribirlas nosotros\/as mismas.\u00a0 En segundo lugar porque tenemos conciencia social, y queremos ser sujetos activos de nuestra sociedad, y en tercer lugar para pasarlo bien, que es para lo que se juntan los amigos para hacer cosas.<\/p>\n<p><strong>\u00bfQu\u00e9 objetivos os marcasteis cuando vuestro proyecto ech\u00f3 a andar?<\/strong><\/p>\n<p>Nos caracterizamos por no marcarnos grandes objetivos a medio o largo plazo.\u00a0 El primer objetivo fue el de comprometernos para trabajar de forma continua y as\u00ed\u00ad publicar los art\u00ed\u00adculos y noticias que nos parecen interesantes todas las semanas, cosa que, como seguramente sab\u00e9is no es sencilla.<\/p>\n<p>Tambi\u00e9n nacimos con un\u00a0 objetivo de m\u00e1s alcance: el de contar, decir, y nombrar nuestra ciudad.\u00a0 Uno de los grandes problemas que ha tenido nuestra ciudad es que han sido otros los que nos han contado como era, y como deb\u00ed\u00ada ser.\u00a0 Los militares, la iglesia, y los empresarios son los que han controlado siempre la palabra, construyendo a su antojo el subconsciente colectivo de la ciudad.\u00a0 Son los que a\u00fan deciden\u00a0 lo que se debe decir y lo que se debe callar.\u00a0 Son siglos de tab\u00faes, censuras y propagandas camufladas de informaci\u00f3n.\u00a0 Nosotros pretendemos contar nuestra ciudad, re-nombrarla, es decir, tomar la palabra aprovech\u00e1ndonos de las facilidades que nos ofrecen las nuevas tecnolog\u00ed\u00adas.<\/p>\n<p><strong>En la actualidad los blogs que abordan nuestra realidad m\u00e1s cercana desde una perspectiva cr\u00ed\u00adtica, o al menos social, gozan de buena salud como lo expusimos en su d\u00ed\u00ada. Son varios los ejemplos y varios los puntos de vista desde los cada blog parte. Ser\u00ed\u00ada interesante que desde Burgos Dijital dierais alguna pista a nuestros lectores de cu\u00e1les son las l\u00ed\u00adneas b\u00e1sicas que segu\u00ed\u00ads a la hora de publicar o cu\u00e1les son los contenidos que prioriz\u00e1is<\/strong>.<\/p>\n<p>Burgosdijital no tiene una metodolog\u00ed\u00ada muy clara.\u00a0 S\u00ed\u00ad que podemos decir que aunque publicamos sobre situaciones que pasan en cualquier parte del mundo, pretendemos centrarnos en lo que pasa en nuestro entorno m\u00e1s cercano.<br \/>\nEn primer lugar, quer\u00ed\u00adamos abrir debates que nos parec\u00ed\u00adan interesantes y que no encontr\u00e1bamos con facilidad en los medios de comunicaci\u00f3n de Burgos.\u00a0 Con esa idea hemos comenzado hace un mes una serie de art\u00ed\u00adculos sobre el sinsentido de la Deportiva militar en el siglo XXI.\u00a0 Por otro lado, pretendemos dar voz a los que normalmente no la tienen y a organizaciones sociales que existen en Burgos y que mucha gente no conoce.\u00a0 Es decir pretendemos hacer protagonistas de Burgos a gente y colectivos que normalmente no lo son. Finalmente queremos opinar sobre la actualidad de lo que ocurre en nuestra ciudad desde un punto de vista tan parcial como independiente, porque nos interesa y mucho la memoria hist\u00f3rica, pero a\u00fan m\u00e1s el presente hist\u00f3rico, para dar testimonio con el objetivo de influir en el futuro.<\/p>\n<p><strong>En m\u00e1s de una ocasi\u00f3n Burgos Dijital y Diario de Vurgos hemos coincidido en la cr\u00ed\u00adtica a los medios de comunicaci\u00f3n oficiales de nuestra ciudad, \u00bfqu\u00e9 tienen que decir los miembros de Burgos Digital a cerca de la actual situaci\u00f3n de los media en Burgos?<\/strong><\/p>\n<p>La revoluci\u00f3n de las nuevas tecnolog\u00ed\u00adas y la p\u00e9rdida de credibilidad de los medios de comunicaci\u00f3n tradicionales est\u00e1 creando un escenario informativo nuevo en todo el mundo al que nuestra ciudad no podr\u00e1 sustraerse.\u00a0 El ejemplo m\u00e1s claro se ha dado con el surgimiento del movimiento 15-M que triunf\u00f3 en Burgos y en todo el pa\u00ed\u00ads en plena campa\u00f1a electoral\u00a0 a pesar de la censura o desinter\u00e9s de los medios de comunicaci\u00f3n tradicionales.\u00a0 Ya no tienen el monopolio para mover a la gente en un sentido o en el contrario.\u00a0 La gente a trav\u00e9s de las\u00a0 redes sociales son capaces de crear el efecto social multiplicador que antes s\u00f3lo se daban en las redacciones de los grandes medios.<\/p>\n<p>El Diario de Burgos, como espol\u00f3n de proa del grupo PROMECAL, ha pasado de ser la hoja parroquial al bolet\u00ed\u00adn de la FAES.\u00a0 Tiene en su debe algunas de los silencios y las mentiras m\u00e1s crueles que se han vertido sobre personas y colectivos de nuestra ciudad, y llegan casi\u00a0 a jugar fr\u00ed\u00advolamente con la cuesti\u00f3n del terrorismo cuando alg\u00fan colectivo se le mete entre ceja y ceja, como ocurri\u00f3 con los vecinos de Eladio Perlado.<\/p>\n<p>Hoy en d\u00ed\u00ada se ven envueltos como la casi totalidad de medios en tratarnos de convencer a la mayor\u00ed\u00ada de que los que crearon la crisis, a los que ellos llaman emprendedores, es decir, los empresarios del ladrillo y los de la banca, son los que crean riqueza, y que los culpables somos nosotros los y las trabajadoras.\u00a0 La gente comienza a estar cansada de unos medios de comunicaci\u00f3n que plantean tertulias donde todo el mundo piensa lo mismo o que se encuentran adocenados por las subvenciones que reciben tanto de organismos p\u00fablicos como la Junta de Castilla y Le\u00f3n o entes privados como Nuclenor, como recientemente hemos visto en nuestra ciudad.<\/p>\n<p>Cada d\u00ed\u00ada se compran menos peri\u00f3dicos y los ingresos por publicidad se est\u00e1n reduciendo como consecuencia de la crisis, por ejemplo, muchas cabeceras del grupo PROMECAL ya han cerrado en Castilla la Mancha y no ser\u00ed\u00ada extra\u00f1o que empezara a ocurrir lo mismo en Castilla y Le\u00f3n.<\/p>\n<p><strong>\u00bfLa galaxia de blog de contenidos sociales que se ha creado en Burgos tiene algo que hacer frente al poder\u00ed\u00ado informativo de los grandes grupos de nuestra regi\u00f3n?<br \/>\n<\/strong><br \/>\nDesde luego que s\u00ed\u00ad, pero se necesitan m\u00e1s. Animamos a la gente a que se organice para contar a todo el mundo como es su ciudad, su barrio, su calle.\u00a0 Hacen falta 200 diariosdevurgos o burgosdijitales.<\/p>\n<p>Los grandes medios han comenzado un declive a\u00fan tenue pero creemos que va a ser constante, lo que les va a forzar a hacer movimientos con desgana.\u00a0 Nadie es capaz de predecir ni hacia donde ir\u00e1n los nuevos h\u00e1bitos informativos ni la crisis que vivimos pero por primera vez en mucho tiempo, si actuamos con constancia y audacia, tenemos una oportunidad.\u00a0 Somos fr\u00e1giles, pero tambi\u00e9n m\u00e1s flexibles que los medios de comunicaci\u00f3n tradicionales que tienen una m\u00e1s que dudosa salud econ\u00f3mica y de credibilidad.<\/p>\n<p><strong>Burgos Dijital ha sido uno de los blogs que m\u00e1s de cerca ha seguido el devenir del movimiento 15-M o de los indignados en Burgos. Desde vuestro punto de vista de Burgos Dijital, \u00bfhacia d\u00f3nde va este movimiento, tiene el 15-M todav\u00ed\u00ada proyecci\u00f3n o es algo que naci\u00f3 y muri\u00f3 con la primavera?, \u00bfcu\u00e1les seg\u00fan Burgos Dijital las luces y las sombras del 15-M en Burgos?<\/strong><\/p>\n<p>Creo que nadie ha sido capaz de definir el 15-M.\u00a0 No sabemos si los diferentes grupos que trabajan en la estela del 15-M seguir\u00e1n tal cual los conocemos hoy en d\u00ed\u00ada, pero creemos que esto no es lo esencial.\u00a0 Las causas que originaron el pac\u00ed\u00adfico estallido de indignaci\u00f3n no solo se mantienen sino que aumentan d\u00ed\u00ada a d\u00ed\u00ada.\u00a0 Ni la crisis econ\u00f3mica ni la pol\u00ed\u00adtica e institucional tienen visos de desaparecer, as\u00ed\u00ad que m\u00e1s all\u00e1 de los nombres,\u00a0 la indignaci\u00f3n seguir\u00e1 creciendo y haci\u00e9ndose notar.<\/p>\n<p>En cuanto a las luces del 15-M en Burgos, hay que se\u00f1alar que nuestra ciudad al contrario de lo que sol\u00ed\u00ada ocurrir no fue a remolque de las\u00a0 movilizaciones de otras ciudades y la capacidad de convocatoria sorprendi\u00f3 a todo el mundo, la manifestaci\u00f3n del 20 de mayo fue hist\u00f3rica y no s\u00f3lo porque nos reuni\u00e9ramos en ocasiones m\u00e1s de 5000 personas sino porque se vivi\u00f3 la sensaci\u00f3n de que se pod\u00ed\u00adan cambiar las cosas. Las movilizaciones espont\u00e1neas han logrado cosas importantes.\u00a0 En las calles de Burgos se ha hablado de pol\u00ed\u00adtica como hac\u00ed\u00ada tiempo no se hablaba, y muchas personas que nunca antes se hab\u00ed\u00adan acercado a este tipo de debates seguramente habr\u00e1n comenzado una transformaci\u00f3n personal que debe trasladarse m\u00e1s pronto que tarde a todos los \u00e1mbitos sociales, como la universidad y principalmente a los centros de trabajo.<br \/>\nEntre las cosas que nos han gustado menos podemos citar que ha habido un sentimiento de que antes del 15-M no hubo nada que mereciera la pena y no es as\u00ed\u00ad.\u00a0 Sin las ascuas de resistencia que ha habido cuando todo el mundo jugaba a nuevo rico el 15-M no hubiera podido darse.\u00a0 Muchas de las cosas que se dec\u00ed\u00adan como si se hubiera descubierto la p\u00f3lvora se llevaban escuchando durante mucho tiempo en ciertos \u00e1mbitos a los que no se les ha reconocido el m\u00e9rito.<\/p>\n<p>Por otro lado nos gustar\u00ed\u00ada que dentro de la diversidad que compone la rebeld\u00ed\u00ada pol\u00ed\u00adtica de nuestra ciudad, se diera una mayor capacidad de llegar a acuerdos, o de establecer puentes de colaboraci\u00f3n m\u00e1s s\u00f3lidos.\u00a0 Este es un problema que lastra a toda la izquierda social no s\u00f3lo en nuestra ciudad sino en toda Europa.\u00a0 Creemos que ante el cariz del ataque de las clases poderosas hacia los y las trabajadoras hay que reforzar la comunicaci\u00f3n y la cooperaci\u00f3n entre las diferentes tendencias rebeldes.\u00a0 Esperamos que entre corrientes surgidas al calor de la pasada primavera as\u00ed\u00ad como en el resto del espectro social burgal\u00e9s se produzca esta confluencia de esfuerzos.\u00a0 Desde burgosdijital seguiremos apoyando todas las iniciativas que cuestionen y luchen contra la injusticia de que estamos siendo v\u00ed\u00adctimas y testigos, vengan de quien vengan.<\/p>\n<p><strong>Recientemente Burgos Dijital ha publicado varios art\u00ed\u00adculos monogr\u00e1ficos sobre\u00a0 el espacio urbano conocido bajo <a title=\"Deportiva Militar\" href=\"http:\/\/burgos-dijital.blogspot.com\/search\/label\/Deportiva%20militar%20general%20Yag%C3%BCe\">&#8220;la Deportiva Militar&#8221;\u009d.<\/a> \u00bfA pesar del tiempo transcurrido Burgos sigue siendo una ciudad donde impera la consabida trilog\u00ed\u00ada del curas-monjas y militares?<\/strong><\/p>\n<p>Creemos que Burgos ha cambiado m\u00e1s de lo que parece. Pensar que nada cambia a orillas del Arlanz\u00f3n es un tic desafortunado, al que se recurre con demasiada frecuencia.\u00a0 Basta con darse una vuelta por cualquier barrio de Burgos para percatarse de esto.\u00a0 La Iglesia y los militares eran los que decid\u00ed\u00adan los destinos de la ciudad hace 50 a\u00f1os.\u00a0 Hoy los militares no pintan gran cosa, y la Iglesia a pesar de la importancia simb\u00f3lica, y en algunas otras cuestiones como la asistencial y la educaci\u00f3n no es ni sombra de lo que fue.\u00a0 Hoy quien corta el bacalao es el gran y mediano empresariado de la ciudad.<\/p>\n<p>La Deportiva y otras instalaciones militares son una prueba arqueol\u00f3gica de la importancia militar de Burgos no de su relevancia actual.\u00a0 Este desfase deber\u00ed\u00ada haber sido resuelto por los poderes p\u00fablicos, pero en lugar de realizar cambios razonables que favorecieran a toda la ciudad, han promovido una alianza entre la antigua oligarqu\u00ed\u00ada militar y la nueva burgues\u00ed\u00ada para seguir dejando al margen al 90 % de los burgaleses.<\/p>\n<p><strong>Twitter, Faceboock, Tuenti&#8230;\u00bfCu\u00e1les es la opini\u00f3n de Burgos Dijital a cerca de las redes sociales como elemento de comunicaci\u00f3n?<\/strong><\/p>\n<p>No somos\u00a0 especialistas en redes sociales.\u00a0 Para nosotros lo importante es crear contenidos.\u00a0 Tratamos de servirnos de ellas, como lo hace cualquier persona desde su casa, para que pueda llegar a m\u00e1s gente.\u00a0 Nosostros\/as trabajamos sobre todo con facebook, y con twitter, sin olvidarnos de youtube, que es donde colgamos los v\u00ed\u00addeos para despu\u00e9s enlazarlos con el blog.<\/p>\n<p><strong>Por \u00faltimo felicitaros por vuestro primer aniversario y desearos que vuestro proyecto siga siendo un referente para tantos burgaleses no sin antes preguntaros si ten\u00e9is tambi\u00e9n un problema con la ortograf\u00ed\u00ada como cuentan las malas lenguas.<\/strong><\/p>\n<p>De vez en cuando se nos escapa alguna falta que tratamos de corregir.\u00a0 Aunque puestos a no seguir las reglas \u00bfPor qu\u00e9 no empezar por las ortogr\u00e1ficas?<\/p>\n<p>En cuanto al nombre del blog, estuvimos barajando una veintena de nombres, al final adoptamos este sin mucho entusiasmo. Hoy ya nos hemos acostumbrado a \u00e9l.\u00a0 Efectivamente en el momento de decidirlo hablamos sobre vosotros los vurgaleses\/as\u00a0 que tambi\u00e9n patin\u00e1is ortogr\u00e1ficamente, y nos gust\u00f3 la idea de compartir con la web rebelde con m\u00e1s solera de la ciudad este gui\u00f1o de complicidad.<\/p>\n<p>Muchas gracias, y no solo por la felicitaci\u00f3n, sino por el constante e inspirador trabajo que llev\u00e1is realizando durante ya m\u00e1s de cuatro a\u00f1os.<\/p>\n","protected":false},"excerpt":{"rendered":"<p>Si hay un blog que destaca por su tes\u00f3n informativo dentro de la variopinta blogosfera burgalesa, ese es sin duda Burgos Dijital. Un proyecto que se engloba dentro de esa red de blogs que ofrecen\u00a0 contenidos cr\u00ed\u00adticos que han terminado por convertirse\u00a0 en una seria alternativa a los medios tradicionales. Desde DV hemos seguido la&#8230;  <a href=\"https:\/\/diariodevurgos.com\/dvwps\/entrevista-con-burgos-dijital.php\" class=\"more-link\" title=\"Read Entrevista con Burgos Dijital\">Read more &raquo;<\/a><\/p>\n","protected":false},"author":2,"featured_media":0,"comment_status":"open","ping_status":"closed","sticky":false,"template":"","format":"standard","meta":[],"categories":[2,33],"tags":[],"_links":{"self":[{"href":"https:\/\/diariodevurgos.com\/dvwps\/wp-json\/wp\/v2\/posts\/7083"}],"collection":[{"href":"https:\/\/diariodevurgos.com\/dvwps\/wp-json\/wp\/v2\/posts"}],"about":[{"href":"https:\/\/diariodevurgos.com\/dvwps\/wp-json\/wp\/v2\/types\/post"}],"author":[{"embeddable":true,"href":"https:\/\/diariodevurgos.com\/dvwps\/wp-json\/wp\/v2\/users\/2"}],"replies":[{"embeddable":true,"href":"https:\/\/diariodevurgos.com\/dvwps\/wp-json\/wp\/v2\/comments?post=7083"}],"version-history":[{"count":5,"href":"https:\/\/diariodevurgos.com\/dvwps\/wp-json\/wp\/v2\/posts\/7083\/revisions"}],"predecessor-version":[{"id":7087,"href":"https:\/\/diariodevurgos.com\/dvwps\/wp-json\/wp\/v2\/posts\/7083\/revisions\/7087"}],"wp:attachment":[{"href":"https:\/\/diariodevurgos.com\/dvwps\/wp-json\/wp\/v2\/media?parent=7083"}],"wp:term":[{"taxonomy":"category","embeddable":true,"href":"https:\/\/diariodevurgos.com\/dvwps\/wp-json\/wp\/v2\/categories?post=7083"},{"taxonomy":"post_tag","embeddable":true,"href":"https:\/\/diariodevurgos.com\/dvwps\/wp-json\/wp\/v2\/tags?post=7083"}],"curies":[{"name":"wp","href":"https:\/\/api.w.org\/{rel}","templated":true}]}}